{"id":479247,"date":"2025-10-21T10:31:13","date_gmt":"2025-10-21T10:31:13","guid":{"rendered":"https:\/\/www.europesays.com\/fr\/479247\/"},"modified":"2025-10-21T10:31:13","modified_gmt":"2025-10-21T10:31:13","slug":"pourquoi-choisir-lisen-mediterranee-apres-le-bac","status":"publish","type":"post","link":"https:\/\/www.europesays.com\/fr\/479247\/","title":{"rendered":"pourquoi choisir l&rsquo;ISEN M\u00e9diterran\u00e9e apr\u00e8s le bac ?"},"content":{"rendered":"<p>Dans un monde o\u00f9 l&rsquo;informatique et le num\u00e9rique occupent une place centrale, rejoindre une \u00e9cole qui pr\u00e9pare directement aux m\u00e9tiers de demain est un atout majeur. C&rsquo;est la promesse de l&rsquo;<strong>ISEN M\u00e9diterran\u00e9e<\/strong>, <a href=\"https:\/\/isen-mediterranee.fr\/portes-ouvertes\/?utm_source=laprovence&amp;utm_medium=website&amp;utm_campaign=2025\" target=\"_blank\" rel=\"nofollow noopener\">grande \u00e9cole d&rsquo;ing\u00e9nieurs implant\u00e9e \u00e0 <strong>Toulon et Marseille<\/strong><\/a>, qui propose plusieurs formations accessibles d\u00e8s le bac.\u00a0<\/p>\n<p><strong>Ne plus avoir peur de la pr\u00e9pa<\/strong>\u00a0<\/p>\n<p>Longtemps consid\u00e9r\u00e9e comme une voie \u00e9litiste, la pr\u00e9pa effraie encore de nombreux lyc\u00e9ens. \u00c0 l&rsquo;ISEN M\u00e9diterran\u00e9e, elle est pens\u00e9e autrement : int\u00e9gr\u00e9e \u00e0 l&rsquo;\u00e9cole, elle offre un environnement plus proche, plus humain, o\u00f9 chaque \u00e9tudiant est accompagn\u00e9 pas \u00e0 pas. Loin du clich\u00e9 des semaines surcharg\u00e9es et des nuits blanches \u00e0 r\u00e9p\u00e9tition, les pr\u00e9pas de l&rsquo;ISEN allient exigence et bienveillance.\u00a0<\/p>\n<p>Pour y r\u00e9ussir, le choix des sp\u00e9cialit\u00e9s scientifiques au lyc\u00e9e \u2013 en particulier <strong>math\u00e9matiques, physique-chimie, NSI ou sciences de l&rsquo;ing\u00e9nieur<\/strong> \u2013 constitue un vrai atout. Ces bases permettent d&rsquo;aborder sereinement les premi\u00e8res ann\u00e9es \u00e0 l&rsquo;ISEN et d&rsquo;acqu\u00e9rir une rigueur de raisonnement indispensable pour devenir ing\u00e9nieur. Mais pas d&rsquo;inqui\u00e9tude : la motivation et la curiosit\u00e9 comptent autant que le niveau initial et les moins \u201cmatheux\u201d peuvent aussi int\u00e9grer, notamment les \u00e9l\u00e8ves provenant de STI2D et ceux ayant gard\u00e9 une sp\u00e9cialisation SES (Sciences \u00e9conomiques et sociales) en terminale.\u00a0<\/p>\n<p><strong>Une pr\u00e9pa qui ouvre des portes<\/strong>\u00a0<\/p>\n<p>Apr\u00e8s les deux ann\u00e9es de pr\u00e9pa int\u00e9gr\u00e9e, les \u00e9l\u00e8ves poursuivent leur formation pour 3 ans, jusqu&rsquo;au <a href=\"https:\/\/isen-mediterranee.fr\/formation\/prepa-ingenieur-sciences-intelligence-artificielle\/\" target=\"_blank\" rel=\"nofollow noopener\">dipl\u00f4me d&rsquo;ing\u00e9nieur<\/a>, accr\u00e9dit\u00e9 par la CTI (Commission des Titres d&rsquo;Ing\u00e9nieur).\u00a0<\/p>\n<p>Au sein du cycle ing\u00e9nieur, chaque \u00e9tudiant pourra choisir une sp\u00e9cialit\u00e9 parmi les 8 propos\u00e9es\u202f:\u00a0\u00a0<\/p>\n<ul>&#13;<\/p>\n<li>Cybers\u00e9curit\u00e9\u00a0<\/li>\n<p>&#13;<\/p>\n<li>E-sant\u00e9, dispositifs num\u00e9riques et IA\u00a0<\/li>\n<p>&#13;<\/p>\n<li>Ing\u00e9nierie d&rsquo;affaires et IA\u00a0<\/li>\n<p>&#13;<\/p>\n<li>Ing\u00e9nierie logicielle et IA\u00a0<\/li>\n<p>&#13;<\/p>\n<li>Objets connect\u00e9s intelligents\u00a0<\/li>\n<p>&#13;<\/p>\n<li>Robotique\u00a0<\/li>\n<p>&#13;<\/p>\n<li>Smart energy\u00a0<\/li>\n<p>&#13;<\/p>\n<li>Syst\u00e8mes embarqu\u00e9s intelligents\u00a0<\/li>\n<p>&#13;\n<\/ul>\n<p><strong>Le bachelor, une voie d&rsquo;avenir encore peu connue<\/strong>\u00a0<\/p>\n<p>Alternative \u00e0 la pr\u00e9pa, le bachelor en sciences et ing\u00e9nierie offre une insertion professionnelle plus rapide et une sp\u00e9cialisation pr\u00e9coce. \u00c0 l&rsquo;ISEN M\u00e9diterran\u00e9e, deux bachelors incarnent cette dynamique, alliant innovation et professionnalisation. Ces formations sont accessibles apr\u00e8s un bac g\u00e9n\u00e9ral, technologique comme le STI2D ou professionnel, et d\u00e9livrent le grade de Licence (bac+3).\u00a0<\/p>\n<p>Le <strong>Bachelor Informatique, Jeux Vid\u00e9o &amp; R\u00e9alit\u00e9 Virtuelle<\/strong>, sur le campus de Marseille, pr\u00e9pare les \u00e9tudiants \u00e0 concevoir des applications immersives en m\u00ealant programmation, design et mod\u00e9lisation 3D.\u00a0<\/p>\n<p>Sur le campus de Toulon, le <strong>Bachelor Cybers\u00e9curit\u00e9<\/strong> forme des experts capables de prot\u00e9ger les syst\u00e8mes d&rsquo;information contre les menaces actuelles. Cette formation couvre des domaines tels que la s\u00e9curit\u00e9 des r\u00e9seaux, la cryptographie et la gestion des incidents de s\u00e9curit\u00e9. Elle r\u00e9pond ainsi \u00e0 la demande croissante en sp\u00e9cialistes de la cybers\u00e9curit\u00e9.\u00a0<\/p>\n<p><strong>Les journ\u00e9es portes ouvertes, le meilleur moyen de d\u00e9couvrir les formations ISEN M\u00e9diterran\u00e9e <\/strong>\u00a0<\/p>\n<p>Vous pouvez rencontrer les \u00e9tudiants et les \u00e9quipes p\u00e9dagogiques de l&rsquo;ISEN \u00e0 l&rsquo;occasion des journ\u00e9es portes ouvertes organis\u00e9es dans les prochaines semaines\u202f:\u00a0<\/p>\n<p>\u00b7\u00a0\u00a0\u00a0\u00a0\u00a0\u00a0\u00a0\u00a0\u00a0\u00a0\u00a0\u00a0\u00a0\u00a0\u00a0 Les samedis 15 novembre, 24 janvier et 7 mars sur le campus de Toulon\u00a0<\/p>\n<p>\u00b7\u00a0\u00a0\u00a0\u00a0\u00a0\u00a0\u00a0\u00a0\u00a0\u00a0\u00a0\u00a0\u00a0\u00a0\u00a0 Les samedi 13 d\u00e9cembre et 7 f\u00e9vrier sur le campus de Marseille\u00a0<\/p>\n<p><a href=\"https:\/\/isen-mediterranee.fr\/portes-ouvertes\/?utm_source=laprovence&amp;utm_medium=website&amp;utm_campaign=2025%20\" target=\"_blank\" rel=\"nofollow noopener\">Inscription Journ\u00e9e Porte ouverte ISEN\u00a0<\/a><\/p>\n<p>La Provence m\u00e9dias &#8211; \u00c9tudier en Provence<\/p>\n","protected":false},"excerpt":{"rendered":"Dans un monde o\u00f9 l&rsquo;informatique et le num\u00e9rique occupent une place centrale, rejoindre une \u00e9cole qui pr\u00e9pare directement&hellip;\n","protected":false},"author":2,"featured_media":479248,"comment_status":"","ping_status":"","sticky":false,"template":"","format":"standard","meta":{"footnotes":""},"categories":[9619],"tags":[17,1111,11,41869,21590,1075,1777,674,1011,27,7424,60257,12,4125,27957,7555,882,25,2310],"class_list":{"0":"post-479247","1":"post","2":"type-post","3":"status-publish","4":"format-standard","5":"has-post-thumbnail","7":"category-toulon","8":"tag-17","9":"tag-actu","10":"tag-actualites","11":"tag-artificielle","12":"tag-choisir","13":"tag-cybersecurite","14":"tag-eu","15":"tag-europe","16":"tag-fr","17":"tag-france","18":"tag-intelligence","19":"tag-lisen","20":"tag-news","21":"tag-numerique","22":"tag-partenaires","23":"tag-pourquoi","24":"tag-provence-alpes-cote-dazur","25":"tag-republique-francaise","26":"tag-toulon"},"share_on_mastodon":{"url":"https:\/\/pubeurope.com\/@fr\/115411700030356464","error":""},"_links":{"self":[{"href":"https:\/\/www.europesays.com\/fr\/wp-json\/wp\/v2\/posts\/479247","targetHints":{"allow":["GET"]}}],"collection":[{"href":"https:\/\/www.europesays.com\/fr\/wp-json\/wp\/v2\/posts"}],"about":[{"href":"https:\/\/www.europesays.com\/fr\/wp-json\/wp\/v2\/types\/post"}],"author":[{"embeddable":true,"href":"https:\/\/www.europesays.com\/fr\/wp-json\/wp\/v2\/users\/2"}],"replies":[{"embeddable":true,"href":"https:\/\/www.europesays.com\/fr\/wp-json\/wp\/v2\/comments?post=479247"}],"version-history":[{"count":0,"href":"https:\/\/www.europesays.com\/fr\/wp-json\/wp\/v2\/posts\/479247\/revisions"}],"wp:featuredmedia":[{"embeddable":true,"href":"https:\/\/www.europesays.com\/fr\/wp-json\/wp\/v2\/media\/479248"}],"wp:attachment":[{"href":"https:\/\/www.europesays.com\/fr\/wp-json\/wp\/v2\/media?parent=479247"}],"wp:term":[{"taxonomy":"category","embeddable":true,"href":"https:\/\/www.europesays.com\/fr\/wp-json\/wp\/v2\/categories?post=479247"},{"taxonomy":"post_tag","embeddable":true,"href":"https:\/\/www.europesays.com\/fr\/wp-json\/wp\/v2\/tags?post=479247"}],"curies":[{"name":"wp","href":"https:\/\/api.w.org\/{rel}","templated":true}]}}