{"id":479255,"date":"2025-10-21T10:35:10","date_gmt":"2025-10-21T10:35:10","guid":{"rendered":"https:\/\/www.europesays.com\/fr\/479255\/"},"modified":"2025-10-21T10:35:10","modified_gmt":"2025-10-21T10:35:10","slug":"a-rouen-la-police-stoppe-un-bien-jeune-conducteur-au-volant-dune-mercedes","status":"publish","type":"post","link":"https:\/\/www.europesays.com\/fr\/479255\/","title":{"rendered":"\u00c0 Rouen, la police stoppe un bien jeune conducteur au volant d&rsquo;une Mercedes"},"content":{"rendered":"<p>            Par<br \/>\n        <strong><br \/>\n            <a href=\"https:\/\/actu.fr\/auteur\/julien-bouteiller\" title=\"Consulter tous les articles de Julien Bouteiller\" target=\"_blank\" rel=\"noopener\">Julien Bouteiller<\/a><br \/>\n        <\/strong><\/p>\n<p>        Publi\u00e9 le<\/p>\n<p>            21 oct. 2025 \u00e0 11h51        <\/p>\n<p>Il aurait mieux fait de ne pas se faire remarquer\u2026 Dans la nuit du lundi 20 au mardi 21 octobre 2025, <strong>le conducteur d\u2019une Mercedes a \u00e9t\u00e9 interpell\u00e9<\/strong> \u00e0 <a href=\"https:\/\/actu.fr\/normandie\/rouen_76540\" target=\"_blank\" rel=\"noopener\">Rouen<\/a>, apprend-on de source polici\u00e8re.<\/p>\n<p>Pas le droit de conduire<\/p>\n<p class=\" wall-content\">Vers 2h du matin, les policiers remarquent cet automobiliste \u00ab\u00a0\u00e0 vive allure\u00a0\u00bb, dans la rue Fran\u00e7ois-Couperin, <strong>sur les Hauts de Rouen<\/strong>. Les agents veulent donc le contr\u00f4ler et font demi-tour.<\/p>\n<p class=\" wall-content\">Le conducteur se montre coop\u00e9ratif et \u00ab\u00a0d\u00e9clare spontan\u00e9ment qu\u2019il est d\u00e9muni du permis de conduire\u00a0\u00bb. Il appara\u00eet que le jeune homme<strong> n\u2019a que 17 ans<\/strong> et n\u2019a aucune d\u00e9marche en cours pour obtenir le s\u00e9same.<\/p>\n<p class=\" wall-content\">Par ailleurs, l\u2019un des deux passagers qui l\u2019accompagnent \u00ab\u00a0fait l\u2019objet<strong> d\u2019une fiche de recherche<\/strong> pour une obligation de quitter le territoire\u00a0\u00bb. Les trois mineurs sont pris en charge par un adulte l\u00e9galement responsable, et sont convoqu\u00e9s ult\u00e9rieurement pour leurs infractions. La Mercedes, qui appartient \u00e0 une entreprise, finit quant \u00e0 elle \u00e0 la fourri\u00e8re.<\/p>\n<p>Suivez l\u2019actualit\u00e9 de Rouen <a href=\"https:\/\/www.whatsapp.com\/channel\/0029VaKfnf99hXF2ddApFB1D\" target=\"_blank\" rel=\"noopener\">sur notre cha\u00eene WhatsApp<\/a> et <a href=\"https:\/\/www.tiktok.com\/@76actu.fr?lang=fr\" target=\"_blank\" rel=\"noopener\">sur notre compte TikTok<\/a><\/p>\n<p class=\" wall-content\">Personnalisez votre actualit\u00e9 en ajoutant vos villes et m\u00e9dias en favori avec <a href=\"https:\/\/moncompte.actu.fr\" title=\"D\u00e9couvez Mon Actu\" rel=\"nofollow noopener\" data-trk=\"{&quot;cta&quot;:{&quot;action&quot;:&quot;https:\\\/\\\/moncompte.actu.fr&quot;,&quot;category&quot;:&quot;mon compte&quot;,&quot;from&quot;:&quot;article footer&quot;,&quot;name&quot;:&quot;Mon actu&quot;,&quot;type&quot;:&quot;cta&quot;}}\" target=\"_blank\">Mon Actu<\/a>.<\/p>\n<p>                    <script async src=\"\/\/www.tiktok.com\/embed.js\"><\/script><\/p>\n","protected":false},"excerpt":{"rendered":"Par Julien Bouteiller Publi\u00e9 le 21 oct. 2025 \u00e0 11h51 Il aurait mieux fait de ne pas se&hellip;\n","protected":false},"author":2,"featured_media":479256,"comment_status":"","ping_status":"","sticky":false,"template":"","format":"standard","meta":{"footnotes":""},"categories":[9587],"tags":[1111,11,1777,674,118,1011,27,12028,12,5161,1072,25,9590],"class_list":{"0":"post-479255","1":"post","2":"type-post","3":"status-publish","4":"format-standard","5":"has-post-thumbnail","7":"category-rouen","8":"tag-actu","9":"tag-actualites","10":"tag-eu","11":"tag-europe","12":"tag-faits-divers","13":"tag-fr","14":"tag-france","15":"tag-hauts-de-rouen","16":"tag-news","17":"tag-normandie","18":"tag-police","19":"tag-republique-francaise","20":"tag-rouen"},"share_on_mastodon":{"url":"https:\/\/pubeurope.com\/@fr\/115411715717871549","error":""},"_links":{"self":[{"href":"https:\/\/www.europesays.com\/fr\/wp-json\/wp\/v2\/posts\/479255","targetHints":{"allow":["GET"]}}],"collection":[{"href":"https:\/\/www.europesays.com\/fr\/wp-json\/wp\/v2\/posts"}],"about":[{"href":"https:\/\/www.europesays.com\/fr\/wp-json\/wp\/v2\/types\/post"}],"author":[{"embeddable":true,"href":"https:\/\/www.europesays.com\/fr\/wp-json\/wp\/v2\/users\/2"}],"replies":[{"embeddable":true,"href":"https:\/\/www.europesays.com\/fr\/wp-json\/wp\/v2\/comments?post=479255"}],"version-history":[{"count":0,"href":"https:\/\/www.europesays.com\/fr\/wp-json\/wp\/v2\/posts\/479255\/revisions"}],"wp:featuredmedia":[{"embeddable":true,"href":"https:\/\/www.europesays.com\/fr\/wp-json\/wp\/v2\/media\/479256"}],"wp:attachment":[{"href":"https:\/\/www.europesays.com\/fr\/wp-json\/wp\/v2\/media?parent=479255"}],"wp:term":[{"taxonomy":"category","embeddable":true,"href":"https:\/\/www.europesays.com\/fr\/wp-json\/wp\/v2\/categories?post=479255"},{"taxonomy":"post_tag","embeddable":true,"href":"https:\/\/www.europesays.com\/fr\/wp-json\/wp\/v2\/tags?post=479255"}],"curies":[{"name":"wp","href":"https:\/\/api.w.org\/{rel}","templated":true}]}}