{"id":479259,"date":"2025-10-21T10:37:31","date_gmt":"2025-10-21T10:37:31","guid":{"rendered":"https:\/\/www.europesays.com\/fr\/479259\/"},"modified":"2025-10-21T10:37:31","modified_gmt":"2025-10-21T10:37:31","slug":"gastronomie-le-nouveau-restaurant-du-musee-de-grenoble-ouvrira-le-10-novembre-et-il-sannonce-allechant","status":"publish","type":"post","link":"https:\/\/www.europesays.com\/fr\/479259\/","title":{"rendered":"Gastronomie. Le nouveau restaurant du Mus\u00e9e de Grenoble ouvrira le 10\u00a0novembre et il s\u2019annonce all\u00e9chant\u00a0!"},"content":{"rendered":"<p>Ferm\u00e9 depuis le 7\u00a0mai, le restaurant du Mus\u00e9e de Grenoble va rouvrir ses portes le lundi 10\u00a0novembre et il s\u2019appellera le F\u00c9NO. Apr\u00e8s\u00a0\u00bbLe 5&Prime;, tenu pendant 22 ans par Pierre Pavy, c\u2019est le Caf\u00e9 Andry, cr\u00e9\u00e9 par l\u2019\u00e9quipe de MixLab (La Belle \u00c9lectrique), qui s\u2019\u00e9tait install\u00e9 dans ces locaux en 2023. <a href=\"https:\/\/www.ledauphine.com\/economie\/2025\/05\/07\/isere-le-cafe-andry-restaurant-du-musee-de-grenoble-ferme-ses-portes\" target=\"_blank\" rel=\"noopener\">Une aventure qui s\u2019est termin\u00e9e il y a quelques mois<\/a> avec l\u2019annonce d\u2019une offre de reprise publi\u00e9e par un administrateur judiciaire. Et c\u2019est le projet de Chlo\u00e9 Wen, Tha\u00efs Giannetti et \u00c9lodie Illes <a href=\"https:\/\/www.ledauphine.com\/politique\/2025\/06\/23\/isere-grenoble-resto-du-musee-de-grenoble-aribert-ecarte-au-profit-de-l-ecocotte\" target=\"_blank\" rel=\"noopener\">qui a \u00e9t\u00e9 choisi<\/a>.<\/p>\n<p>Ce contenu est bloqu\u00e9 car vous n&rsquo;avez pas accept\u00e9 les cookies et autres traceurs.<\/p>\n<p>En cliquant sur \u00ab J\u2019accepte \u00bb, les cookies et autres traceurs seront d\u00e9pos\u00e9s et vous pourrez visualiser les contenus  (<a href=\"\" class=\"consentModule_policy\" target=\"_blank\" title=\"Consulter la politique de protection des donn\u00e9es du fournisseur\">plus d&rsquo;informations<\/a>).<\/p>\n<p>En cliquant sur \u00ab J\u2019accepte tous les cookies \u00bb, vous autorisez des d\u00e9p\u00f4ts de cookies et autres traceurs pour le stockage de vos donn\u00e9es sur nos sites et applications \u00e0 des fins de personnalisation et de ciblage publicitaire.<\/p>\n<p class=\"consentModule_secondaryText\">Vous gardez la possibilit\u00e9 de retirer votre consentement \u00e0 tout moment en consultant notre <a href=\"https:\/\/www.ledauphine.com\/protection-des-donnees\" target=\"_blank\" title=\"Consulter notre politique de protection des donn\u00e9es\" rel=\"noopener\">politique de protection des donn\u00e9es<\/a>. <br \/>&#13;<br \/>\n            <a href=\"https:\/\/www.ledauphine.com\/magazine-cuisine-et-vins\/2025\/10\/21\/javascript:Didomi.notice.show()\" class=\"consentModule_cmp\" target=\"_blank\" rel=\"noopener\">G\u00e9rer mes choix<\/a>&#13;\n        <\/p>\n<p>&#13;<br \/>\n                        J&rsquo;accepte&#13;<br \/>\n            J&rsquo;accepte tous les cookies&#13;\n        <\/p>\n<p>Restauratrice depuis vingt ans, \u00c9lodie Illes est aux manettes de l\u2019\u00e9tablissement L\u2019Aiguillage \u00e0 Grenoble tandis que Chlo\u00e9 Wen et Tha\u00efs Giannetti ont longtemps tenu <a href=\"https:\/\/lesmondaines.com\/jeanette-bistrot-quartier-championnet\/\" target=\"_blank\" rel=\"noopener\">Jeanette<\/a>. Deux tables reconnues pour la qualit\u00e9 des produits, des recettes et des dressages. L\u2019Aiguillage  (qui continue son aventure) \u00e0 Saint-Bruno est reconnu par diff\u00e9rents guides et notamment le\u00a0Gault &amp; Millau tandis que Jeanette  avait obtenu un Bib gourmand du guide Michelin.<\/p>\n<p>\u00ab\u00a0On peut parler d\u2019une cuisine de brasserie, m\u00eame si effectivement, on va quand m\u00eame \u00eatre sur des assiettes un peu modernes et actuelles. L\u2019id\u00e9e, c\u2019est de faire un lieu qui corresponde \u00e0 tout le monde, avec des propositions plut\u00f4t de cuisine traditionnelle et de cuisine cr\u00e9ative, sans \u00eatre trop exub\u00e9rante\u00a0\u00bb, <a href=\"https:\/\/www.ledauphine.com\/economie\/2025\/07\/03\/isere-grenoble-elles-vont-reprendre-le-restaurant-du-musee-et-on-est-enthousiastes\" target=\"_blank\" rel=\"noopener\">nous avaient-elles confi\u00e9s il y a quelques semaines<\/a>. Le restaurant servira des repas 7j\/7 le midi, proposera des ap\u00e9ros jusqu\u2019\u00e0 21\u00a0h trois soirs par semaine et des brunchs le samedi et le dimanche.<\/p>\n","protected":false},"excerpt":{"rendered":"Ferm\u00e9 depuis le 7\u00a0mai, le restaurant du Mus\u00e9e de Grenoble va rouvrir ses portes le lundi 10\u00a0novembre et&hellip;\n","protected":false},"author":2,"featured_media":479260,"comment_status":"","ping_status":"","sticky":false,"template":"","format":"standard","meta":{"footnotes":""},"categories":[9566],"tags":[1111,11,2430,4406,130,1687,112,1777,674,2271,1011,27,2731,2732,108,6016,1985,12,25],"class_list":{"0":"post-479259","1":"post","2":"type-post","3":"status-publish","4":"format-standard","5":"has-post-thumbnail","7":"category-grenoble","8":"tag-actu","9":"tag-actualites","10":"tag-auvergne-rhone-alpes","11":"tag-commerce-et-services","12":"tag-consommation","13":"tag-culture-loisirs","14":"tag-edition-grenoble-agglomeration","15":"tag-eu","16":"tag-europe","17":"tag-exposition-arts-plastiques","18":"tag-fr","19":"tag-france","20":"tag-grenoble","21":"tag-grenoble-bassin","22":"tag-isere","23":"tag-magazine-cuisine-et-vins","24":"tag-metropole-de-grenoble","25":"tag-news","26":"tag-republique-francaise"},"share_on_mastodon":{"url":"https:\/\/pubeurope.com\/@fr\/115411723532571888","error":""},"_links":{"self":[{"href":"https:\/\/www.europesays.com\/fr\/wp-json\/wp\/v2\/posts\/479259","targetHints":{"allow":["GET"]}}],"collection":[{"href":"https:\/\/www.europesays.com\/fr\/wp-json\/wp\/v2\/posts"}],"about":[{"href":"https:\/\/www.europesays.com\/fr\/wp-json\/wp\/v2\/types\/post"}],"author":[{"embeddable":true,"href":"https:\/\/www.europesays.com\/fr\/wp-json\/wp\/v2\/users\/2"}],"replies":[{"embeddable":true,"href":"https:\/\/www.europesays.com\/fr\/wp-json\/wp\/v2\/comments?post=479259"}],"version-history":[{"count":0,"href":"https:\/\/www.europesays.com\/fr\/wp-json\/wp\/v2\/posts\/479259\/revisions"}],"wp:featuredmedia":[{"embeddable":true,"href":"https:\/\/www.europesays.com\/fr\/wp-json\/wp\/v2\/media\/479260"}],"wp:attachment":[{"href":"https:\/\/www.europesays.com\/fr\/wp-json\/wp\/v2\/media?parent=479259"}],"wp:term":[{"taxonomy":"category","embeddable":true,"href":"https:\/\/www.europesays.com\/fr\/wp-json\/wp\/v2\/categories?post=479259"},{"taxonomy":"post_tag","embeddable":true,"href":"https:\/\/www.europesays.com\/fr\/wp-json\/wp\/v2\/tags?post=479259"}],"curies":[{"name":"wp","href":"https:\/\/api.w.org\/{rel}","templated":true}]}}