{"id":479263,"date":"2025-10-21T10:39:13","date_gmt":"2025-10-21T10:39:13","guid":{"rendered":"https:\/\/www.europesays.com\/fr\/479263\/"},"modified":"2025-10-21T10:39:13","modified_gmt":"2025-10-21T10:39:13","slug":"il-va-me-tuer-des-policiers-sauvent-une-femme-dune-tentative-de-feminicide","status":"publish","type":"post","link":"https:\/\/www.europesays.com\/fr\/479263\/","title":{"rendered":"\u00ab\u00a0Il va me tuer\u00a0\u00bb\u2026 Des policiers sauvent une femme d\u2019une tentative de f\u00e9minicide"},"content":{"rendered":"<p>Un drame a s\u00fbrement \u00e9t\u00e9 \u00e9vit\u00e9 de peu lundi en fin de journ\u00e9e \u00e0 Saint-Jacques-de-la-Lande, au sud de Rennes. Vers 19 heures, une femme b\u00e9n\u00e9ficiant d\u2019un dispositif de protection a alert\u00e9 <a href=\"https:\/\/www.20minutes.fr\/dossier\/policier\" class=\"c-link c-link--is-underlined\" target=\"_blank\" rel=\"noopener\">les policiers<\/a> de la pr\u00e9sence de son ex-conjoint dans son appartement. Sur place, des agents de la brigade anticriminalit\u00e9 ont alors d\u00e9couvert \u00ab\u00a0une sc\u00e8ne d\u2019une extr\u00eame tension\u00a0\u00bb, comme le rapporte le syndicat Alliance.<\/p>\n<\/p>\n<p>Arm\u00e9 d\u2019un couteau, l\u2019individu retenait la jeune femme, la bloquant contre lui, tandis que la victime criait <a href=\"https:\/\/www.20minutes.fr\/societe\/feminicide\/\" class=\"c-link c-link--is-underlined\" target=\"_blank\" rel=\"noopener\">\u00ab\u00a0Il va me tuer\u00a0\u00bb<\/a> en tentant de repousser l\u2019arme. Les policiers ont alors sorti leurs armes de service, intimant \u00e0 l\u2019agresseur de rel\u00e2cher la victime. Cette derni\u00e8re a profit\u00e9 de la confusion pour se d\u00e9gager. Tr\u00e8s agressif, l\u2019homme a ensuite menac\u00e9 les policiers avec son couteau avant de le l\u00e2cher au sol et d\u2019\u00eatre interpell\u00e9.<\/p>\n<p>Selon des t\u00e9moignages de voisins, l\u2019homme aurait tent\u00e9 d\u2019\u00e9trangler la jeune femme, qui se serait d\u00e9fendue en lui portant <a href=\"https:\/\/www.20minutes.fr\/dossier\/coup_de_couteau\" class=\"c-link c-link--is-underlined\" target=\"_blank\" rel=\"noopener\">un coup de couteau<\/a>. S\u00e9rieusement bless\u00e9 \u00e0 la cuisse droite, l\u2019ex-conjoint a re\u00e7u les premiers soins sur place avant d\u2019\u00eatre plac\u00e9 en garde \u00e0 vue.<\/p>\n","protected":false},"excerpt":{"rendered":"Un drame a s\u00fbrement \u00e9t\u00e9 \u00e9vit\u00e9 de peu lundi en fin de journ\u00e9e \u00e0 Saint-Jacques-de-la-Lande, au sud de&hellip;\n","protected":false},"author":2,"featured_media":479264,"comment_status":"","ping_status":"","sticky":false,"template":"","format":"standard","meta":{"footnotes":""},"categories":[2821],"tags":[1111,47,11,1120,829,48005,1777,674,118,7641,3555,1011,27,848,12,1072,10910,584,25,809,797],"class_list":{"0":"post-479263","1":"post","2":"type-post","3":"status-publish","4":"format-standard","5":"has-post-thumbnail","7":"category-rennes","8":"tag-actu","9":"tag-actualite","10":"tag-actualites","11":"tag-agression","12":"tag-bretagne","13":"tag-brigade-anti-criminalite","14":"tag-eu","15":"tag-europe","16":"tag-faits-divers","17":"tag-faits-divers-rennes","18":"tag-feminicide","19":"tag-fr","20":"tag-france","21":"tag-ille-et-vilaine","22":"tag-news","23":"tag-police","24":"tag-policier","25":"tag-rennes","26":"tag-republique-francaise","27":"tag-violence","28":"tag-violences-faites-aux-femmes"},"share_on_mastodon":{"url":"https:\/\/pubeurope.com\/@fr\/115411731429818973","error":""},"_links":{"self":[{"href":"https:\/\/www.europesays.com\/fr\/wp-json\/wp\/v2\/posts\/479263","targetHints":{"allow":["GET"]}}],"collection":[{"href":"https:\/\/www.europesays.com\/fr\/wp-json\/wp\/v2\/posts"}],"about":[{"href":"https:\/\/www.europesays.com\/fr\/wp-json\/wp\/v2\/types\/post"}],"author":[{"embeddable":true,"href":"https:\/\/www.europesays.com\/fr\/wp-json\/wp\/v2\/users\/2"}],"replies":[{"embeddable":true,"href":"https:\/\/www.europesays.com\/fr\/wp-json\/wp\/v2\/comments?post=479263"}],"version-history":[{"count":0,"href":"https:\/\/www.europesays.com\/fr\/wp-json\/wp\/v2\/posts\/479263\/revisions"}],"wp:featuredmedia":[{"embeddable":true,"href":"https:\/\/www.europesays.com\/fr\/wp-json\/wp\/v2\/media\/479264"}],"wp:attachment":[{"href":"https:\/\/www.europesays.com\/fr\/wp-json\/wp\/v2\/media?parent=479263"}],"wp:term":[{"taxonomy":"category","embeddable":true,"href":"https:\/\/www.europesays.com\/fr\/wp-json\/wp\/v2\/categories?post=479263"},{"taxonomy":"post_tag","embeddable":true,"href":"https:\/\/www.europesays.com\/fr\/wp-json\/wp\/v2\/tags?post=479263"}],"curies":[{"name":"wp","href":"https:\/\/api.w.org\/{rel}","templated":true}]}}