{"id":479265,"date":"2025-10-21T10:40:15","date_gmt":"2025-10-21T10:40:15","guid":{"rendered":"https:\/\/www.europesays.com\/fr\/479265\/"},"modified":"2025-10-21T10:40:15","modified_gmt":"2025-10-21T10:40:15","slug":"il-va-me-tuer-des-policiers-sauvent-une-femme-dune-tentative-de-feminicide-2","status":"publish","type":"post","link":"https:\/\/www.europesays.com\/fr\/479265\/","title":{"rendered":"\u00ab Il va me tuer \u00bb\u2026 Des policiers sauvent une femme d\u2019une tentative de f\u00e9minicide"},"content":{"rendered":"<p class=\"mb-4 text-lg md:leading-8 break-words\"><strong>SECOURS &#8211; Un homme qui mena\u00e7ait son ex-compagne avec un couteau a \u00e9t\u00e9 interpell\u00e9 par les policiers de la Brigade anticriminalit\u00e9 lundi soir \u00e0 Saint-Jacques-de-la-Lande, pr\u00e8s de Rennes<\/strong><\/p>\n<p class=\"mb-4 text-lg md:leading-8 break-words\">Un drame a s\u00fbrement \u00e9t\u00e9 \u00e9vit\u00e9 de peu lundi en fin de journ\u00e9e \u00e0 Saint-Jacques-de-la-Lande, au sud de Rennes. Vers 19 heures, une femme b\u00e9n\u00e9ficiant d\u2019un dispositif de protection a alert\u00e9 <a href=\"https:\/\/www.20minutes.fr\/dossier\/policier?at_medium=RSS%20feed&amp;at_campaign=ynews&amp;utm_source=yahoo&amp;utm_medium=rss&amp;utm_campaign=news_feed&amp;utm_content=in_article_link\" rel=\"nofollow noopener\" target=\"_blank\" data-ylk=\"slk:les policiers;elm:context_link;itc:0;sec:content-canvas\" class=\"link \">les policiers<\/a> de la pr\u00e9sence de son ex-conjoint dans son appartement. Sur place, des agents de la brigade anticriminalit\u00e9 ont alors d\u00e9couvert \u00ab\u00a0une sc\u00e8ne d\u2019une extr\u00eame tension\u00a0\u00bb, comme le rapporte le syndicat Alliance.<\/p>\n<p class=\"mb-4 text-lg md:leading-8 break-words\">Arm\u00e9 d\u2019un couteau, l\u2019individu retenait la jeune femme, la bloquant contre lui, tandis que la victime criait <a href=\"https:\/\/www.20minutes.fr\/societe\/feminicide\/?at_medium=RSS%20feed&amp;at_campaign=ynews&amp;utm_source=yahoo&amp;utm_medium=rss&amp;utm_campaign=news_feed&amp;utm_content=in_article_link\" rel=\"nofollow noopener\" target=\"_blank\" data-ylk=\"slk:\u00ab\u00a0Il va me tuer\u00a0\u00bb;elm:context_link;itc:0;sec:content-canvas\" class=\"link \">\u00ab\u00a0Il va me tuer\u00a0\u00bb<\/a> en tentant de repousser l\u2019arme. Les policiers ont alors sorti leurs armes de service, intimant \u00e0 l\u2019agresseur de rel\u00e2cher la victime. Cette derni\u00e8re a profit\u00e9 de la confusion pour se d\u00e9gager. Tr\u00e8s agressif, l\u2019homme a ensuite menac\u00e9 les policiers avec son couteau avant de le l\u00e2cher au sol et d\u2019\u00eatre interpell\u00e9.<\/p>\n<p class=\"mb-4 text-lg md:leading-8 break-words\">Selon des t\u00e9moignages de voisins, l\u2019homme aurait tent\u00e9 d\u2019\u00e9trangler la jeune femme, qui se serait d\u00e9fendue en lui portant <a href=\"https:\/\/www.20minutes.fr\/dossier\/coup_de_couteau?at_medium=RSS%20feed&amp;at_campaign=ynews&amp;utm_source=yahoo&amp;utm_medium=rss&amp;utm_campaign=news_feed&amp;utm_content=in_article_link\" rel=\"nofollow noopener\" target=\"_blank\" data-ylk=\"slk:un coup de couteau;elm:context_link;itc:0;sec:content-canvas\" class=\"link \">un coup de couteau<\/a>. S\u00e9rieusement bless\u00e9 \u00e0 la cuisse droite, l\u2019ex-conjoint a re\u00e7u les premiers soins sur place avant d\u2019\u00eatre plac\u00e9 en garde \u00e0 vue.<\/p>\n<p class=\"mb-4 text-lg md:leading-8 break-words\"><a href=\"https:\/\/www.20minutes.fr\/faits_divers\/faits-divers-rennes\/4180552-20251021-rennes-va-tuer-policiers-sauvent-femme-tentative-feminicide?at_medium=RSS%20feed&amp;at_campaign=ynews&amp;utm_source=yahoo&amp;utm_medium=rss&amp;utm_campaign=news_feed&amp;utm_content=read_more_link&quot;\" rel=\"nofollow noopener\" target=\"_blank\" data-ylk=\"slk:Lire la suite sur 20minutes;elm:context_link;itc:0;sec:content-canvas\" class=\"link \">Lire la suite sur 20minutes<\/a><\/p>\n<p>\u00c0 lire aussi :<br \/><a href=\"https:\/\/www.20minutes.fr\/faits_divers\/4150036-20250423-hauts-seine-secours-enfer-tentative-feminicide-dejouee-policiers?at_medium=RSS%20feed&amp;at_campaign=ynews&amp;utm_source=yahoo&amp;utm_medium=rss&amp;utm_campaign=news_feed&amp;utm_content=related_content_link\" rel=\"nofollow noopener\" target=\"_blank\" data-ylk=\"slk:Hauts-de-Seine\u00a0: \u00ab\u00a0Au secours\u00a0!\u00a0\u00bb\u2026 Dans l\u2019enfer d\u2019une tentative de f\u00e9minicide d\u00e9jou\u00e9e par les policiers;elm:context_link;itc:0;sec:content-canvas\" class=\"link \">Hauts-de-Seine\u00a0: \u00ab\u00a0Au secours\u00a0!\u00a0\u00bb\u2026 Dans l\u2019enfer d\u2019une tentative de f\u00e9minicide d\u00e9jou\u00e9e par les policiers<\/a><br \/><a href=\"https:\/\/www.20minutes.fr\/faits_divers\/4178979-20251013-alpes-maritimes-petite-fille-parvient-joindre-mere-retrouvee-morte-conjoint?at_medium=RSS%20feed&amp;at_campaign=ynews&amp;utm_source=yahoo&amp;utm_medium=rss&amp;utm_campaign=news_feed&amp;utm_content=related_content_link\" rel=\"nofollow noopener\" target=\"_blank\" data-ylk=\"slk:Alpes-Maritimes\u00a0: Une petite fille ne parvient pas \u00e0 joindre sa m\u00e8re, elle est retrouv\u00e9e morte avec son conjoint;elm:context_link;itc:0;sec:content-canvas\" class=\"link \">Alpes-Maritimes\u00a0: Une petite fille ne parvient pas \u00e0 joindre sa m\u00e8re, elle est retrouv\u00e9e morte avec son conjoint<\/a><\/p>\n","protected":false},"excerpt":{"rendered":"SECOURS &#8211; Un homme qui mena\u00e7ait son ex-compagne avec un couteau a \u00e9t\u00e9 interpell\u00e9 par les policiers de&hellip;\n","protected":false},"author":2,"featured_media":479266,"comment_status":"","ping_status":"","sticky":false,"template":"","format":"standard","meta":{"footnotes":""},"categories":[2821],"tags":[1111,11,829,28939,7623,1777,674,1011,27,12,6890,584,25,18461],"class_list":{"0":"post-479265","1":"post","2":"type-post","3":"status-publish","4":"format-standard","5":"has-post-thumbnail","7":"category-rennes","8":"tag-actu","9":"tag-actualites","10":"tag-bretagne","11":"tag-brigade-anticriminalite","12":"tag-coup-de-couteau","13":"tag-eu","14":"tag-europe","15":"tag-fr","16":"tag-france","17":"tag-news","18":"tag-policiers","19":"tag-rennes","20":"tag-republique-francaise","21":"tag-saint-jacques-de-la-lande"},"share_on_mastodon":{"url":"https:\/\/pubeurope.com\/@fr\/115411735404552874","error":""},"_links":{"self":[{"href":"https:\/\/www.europesays.com\/fr\/wp-json\/wp\/v2\/posts\/479265","targetHints":{"allow":["GET"]}}],"collection":[{"href":"https:\/\/www.europesays.com\/fr\/wp-json\/wp\/v2\/posts"}],"about":[{"href":"https:\/\/www.europesays.com\/fr\/wp-json\/wp\/v2\/types\/post"}],"author":[{"embeddable":true,"href":"https:\/\/www.europesays.com\/fr\/wp-json\/wp\/v2\/users\/2"}],"replies":[{"embeddable":true,"href":"https:\/\/www.europesays.com\/fr\/wp-json\/wp\/v2\/comments?post=479265"}],"version-history":[{"count":0,"href":"https:\/\/www.europesays.com\/fr\/wp-json\/wp\/v2\/posts\/479265\/revisions"}],"wp:featuredmedia":[{"embeddable":true,"href":"https:\/\/www.europesays.com\/fr\/wp-json\/wp\/v2\/media\/479266"}],"wp:attachment":[{"href":"https:\/\/www.europesays.com\/fr\/wp-json\/wp\/v2\/media?parent=479265"}],"wp:term":[{"taxonomy":"category","embeddable":true,"href":"https:\/\/www.europesays.com\/fr\/wp-json\/wp\/v2\/categories?post=479265"},{"taxonomy":"post_tag","embeddable":true,"href":"https:\/\/www.europesays.com\/fr\/wp-json\/wp\/v2\/tags?post=479265"}],"curies":[{"name":"wp","href":"https:\/\/api.w.org\/{rel}","templated":true}]}}