{"id":479267,"date":"2025-10-21T10:41:11","date_gmt":"2025-10-21T10:41:11","guid":{"rendered":"https:\/\/www.europesays.com\/fr\/479267\/"},"modified":"2025-10-21T10:41:11","modified_gmt":"2025-10-21T10:41:11","slug":"des-travaux-de-nuit-a-la-vigie-jusquau-31-octobre","status":"publish","type":"post","link":"https:\/\/www.europesays.com\/fr\/479267\/","title":{"rendered":"des travaux de nuit \u00e0 la Vigie jusqu\u2019au 31\u00a0octobre"},"content":{"rendered":"<p><a href=\"https:\/\/www.dna.fr\/economie\/2024\/09\/04\/a-la-vigie-de-longs-mois-de-chantier-pour-en-finir-avec-les-ronds-points\" target=\"_blank\" rel=\"noopener\">Engag\u00e9 par l\u2019Eurom\u00e9tropole de Strasbourg en 2024<\/a> , le projet de r\u00e9am\u00e9nagement de la zone commerciale Sud-Vigie touche \u00e0 sa fin. La majeure partie des am\u00e9nagements de voirie sont d\u2019ores et d\u00e9j\u00e0 r\u00e9alis\u00e9s. Une nouvelle phase de travaux comprenant la pose des enrob\u00e9s d\u00e9finitifs a commenc\u00e9 cette semaine et s\u2019\u00e9tendra jusqu\u2019au 31\u00a0octobre sur la rue du 23-Novembre \u00e0 Ostwald et Geispolsheim.<\/p>\n<p>  Les travaux de 21\u00a0h \u00e0 6\u00a0h du matin<\/p>\n<p>De fait, \u00ab\u00a0la circulation automobile sera impact\u00e9e avec la fermeture partielle ou totale des acc\u00e8s menant \u00e0 la Vigie notamment depuis la M35 Nord, la M83 ou encore des rues du 23-Novembre et Alfred-Kastler. Pour minimiser les impacts sur la circulation et les acc\u00e8s aux commerces de la zone, les travaux seront men\u00e9s de nuit de 21\u00a0h \u00e0 6\u00a0h du matin\u00a0\u00bb, annonce l\u2019Eurom\u00e9tropole. Ce qui n\u2019est pas pour d\u00e9plaire aux nombreux <a href=\"https:\/\/www.dna.fr\/transport\/2025\/09\/17\/embouteillages-a-la-vigie-des-encombrements-jusqu-en-octobre\" target=\"_blank\" rel=\"noopener\">automobilistes coinc\u00e9s dans les bouchons dans ce secteur tr\u00e8s fr\u00e9quent\u00e9.<\/a><\/p>\n<p>Ce contenu est bloqu\u00e9 car vous n&rsquo;avez pas accept\u00e9 les cookies et autres traceurs.<\/p>\n<p>En cliquant sur \u00ab J\u2019accepte \u00bb, les cookies et autres traceurs seront d\u00e9pos\u00e9s et vous pourrez visualiser les contenus  (<a href=\"\" class=\"consentModule_policy\" target=\"_blank\" title=\"Consulter la politique de protection des donn\u00e9es du fournisseur\">plus d&rsquo;informations<\/a>).<\/p>\n<p>En cliquant sur \u00ab J\u2019accepte tous les cookies \u00bb, vous autorisez des d\u00e9p\u00f4ts de cookies et autres traceurs pour le stockage de vos donn\u00e9es sur nos sites et applications \u00e0 des fins de personnalisation et de ciblage publicitaire.<\/p>\n<p class=\"consentModule_secondaryText\">Vous gardez la possibilit\u00e9 de retirer votre consentement \u00e0 tout moment en consultant notre <a href=\"https:\/\/www.dna.fr\/protection-des-donnees\" target=\"_blank\" title=\"Consulter notre politique de protection des donn\u00e9es\" rel=\"noopener\">politique de protection des donn\u00e9es<\/a>. <br \/>&#13;<br \/>\n            <a href=\"https:\/\/www.dna.fr\/transport\/2025\/10\/21\/javascript:Didomi.notice.show()\" class=\"consentModule_cmp\" target=\"_blank\" rel=\"noopener\">G\u00e9rer mes choix<\/a>&#13;\n        <\/p>\n<p>&#13;<br \/>\n                        J&rsquo;accepte&#13;<br \/>\n            J&rsquo;accepte tous les cookies&#13;\n        <\/p>\n<p>Une fois ce chantier termin\u00e9, il restera \u00e0 r\u00e9aliser, d\u2019ici \u00e0 la fin de l\u2019ann\u00e9e, des travaux de finalisation de la rue Alfred-Kastler avec la mise en service du carrefour \u00e0 feux au niveau de la d\u00e9chetterie d\u2019Ostwald et la pose des enrob\u00e9s d\u00e9finitifs en mars\u00a02026.<\/p>\n<p>Le projet de r\u00e9am\u00e9nagement de la zone commerciale Sud-Vigie vise \u00e0 accompagner le d\u00e9veloppement du secteur en adaptant les am\u00e9nagements aux usagers de la zone commerciale ainsi qu\u2019aux besoins des habitants des communes voisines, tout en fluidifiant le trafic et en am\u00e9liorant l\u2019acc\u00e8s via les mobilit\u00e9s douces (pi\u00e9tons, cycles et transports en commun).<\/p>\n","protected":false},"excerpt":{"rendered":"Engag\u00e9 par l\u2019Eurom\u00e9tropole de Strasbourg en 2024 , le projet de r\u00e9am\u00e9nagement de la zone commerciale Sud-Vigie touche&hellip;\n","protected":false},"author":2,"featured_media":479268,"comment_status":"","ping_status":"","sticky":false,"template":"","format":"standard","meta":{"footnotes":""},"categories":[2820],"tags":[1111,11,4749,3542,2880,1777,674,107,1011,27,4076,775,12,6611,25,640,3089,2803],"class_list":{"0":"post-479267","1":"post","2":"type-post","3":"status-publish","4":"format-standard","5":"has-post-thumbnail","7":"category-strasbourg","8":"tag-actu","9":"tag-actualites","10":"tag-btp-et-chantiers","11":"tag-circulation","12":"tag-edition-strasbourg","13":"tag-eu","14":"tag-europe","15":"tag-fil-info","16":"tag-fr","17":"tag-france","18":"tag-geispolsheim","19":"tag-grand-est","20":"tag-news","21":"tag-ostwald","22":"tag-republique-francaise","23":"tag-strasbourg","24":"tag-strasbourg-sud","25":"tag-transport"},"share_on_mastodon":{"url":"https:\/\/pubeurope.com\/@fr\/115411739294268219","error":""},"_links":{"self":[{"href":"https:\/\/www.europesays.com\/fr\/wp-json\/wp\/v2\/posts\/479267","targetHints":{"allow":["GET"]}}],"collection":[{"href":"https:\/\/www.europesays.com\/fr\/wp-json\/wp\/v2\/posts"}],"about":[{"href":"https:\/\/www.europesays.com\/fr\/wp-json\/wp\/v2\/types\/post"}],"author":[{"embeddable":true,"href":"https:\/\/www.europesays.com\/fr\/wp-json\/wp\/v2\/users\/2"}],"replies":[{"embeddable":true,"href":"https:\/\/www.europesays.com\/fr\/wp-json\/wp\/v2\/comments?post=479267"}],"version-history":[{"count":0,"href":"https:\/\/www.europesays.com\/fr\/wp-json\/wp\/v2\/posts\/479267\/revisions"}],"wp:featuredmedia":[{"embeddable":true,"href":"https:\/\/www.europesays.com\/fr\/wp-json\/wp\/v2\/media\/479268"}],"wp:attachment":[{"href":"https:\/\/www.europesays.com\/fr\/wp-json\/wp\/v2\/media?parent=479267"}],"wp:term":[{"taxonomy":"category","embeddable":true,"href":"https:\/\/www.europesays.com\/fr\/wp-json\/wp\/v2\/categories?post=479267"},{"taxonomy":"post_tag","embeddable":true,"href":"https:\/\/www.europesays.com\/fr\/wp-json\/wp\/v2\/tags?post=479267"}],"curies":[{"name":"wp","href":"https:\/\/api.w.org\/{rel}","templated":true}]}}