{"id":479269,"date":"2025-10-21T10:42:10","date_gmt":"2025-10-21T10:42:10","guid":{"rendered":"https:\/\/www.europesays.com\/fr\/479269\/"},"modified":"2025-10-21T10:42:10","modified_gmt":"2025-10-21T10:42:10","slug":"un-homme-retrouve-mort-sur-le-parking-de-son-lieu-de-travail-en-pleine-nuit","status":"publish","type":"post","link":"https:\/\/www.europesays.com\/fr\/479269\/","title":{"rendered":"un homme retrouv\u00e9 mort sur le parking de son lieu de travail en pleine nuit"},"content":{"rendered":"<p>            Par<br \/>\n        <strong><br \/>\n            <a href=\"https:\/\/actu.fr\/auteur\/thomas-blanc\" title=\"Consulter tous les articles de Thomas Blanc\" rel=\"nofollow noopener\" target=\"_blank\">Thomas Blanc<\/a><br \/>\n        <\/strong><\/p>\n<p>        Publi\u00e9 le<\/p>\n<p>            21 oct. 2025 \u00e0 12h18        <\/p>\n<p>\u00c0 <a href=\"https:\/\/actu.fr\/grand-est\/illkirch-graffenstaden_67218\" rel=\"nofollow noopener\" target=\"_blank\">Illkirch-Graffenstaden<\/a>, au sud de <a href=\"https:\/\/actu.fr\/strasbourg\/\" rel=\"nofollow noopener\" target=\"_blank\">Strasbourg<\/a>, un homme a \u00e9t\u00e9 retrouv\u00e9 mort par les <a href=\"https:\/\/actu.fr\/strasbourg\/\" rel=\"nofollow noopener\" target=\"_blank\">pompiers<\/a> le mardi 21\u00a0octobre \u00e0 4h du matin.<\/p>\n<p class=\" wall-content\">C\u2019est sur le parking de son lieu de travail que les secours ont d\u00e9couvert l\u2019homme d\u2019une soixantaine d\u2019ann\u00e9es.<\/p>\n<p>Un homme de soixante ans meurt d\u2019un arr\u00eat cardiaque \u00e0 Illkirch<\/p>\n<p class=\" wall-content\">\u00ab\u2009Les secours ont constat\u00e9 l\u2019arr\u00eat cardiaque et n\u2019ont pu le r\u00e9animer\u2009\u00bb, pr\u00e9cisent les sapeurs-pompiers du Bas-Rhin.<\/p>\n<p class=\" wall-content\">La personne a \u00e9t\u00e9 d\u00e9clar\u00e9e d\u00e9c\u00e9d\u00e9e par le m\u00e9decin du SMUR (Service mobile d\u2019urgence et de r\u00e9animation).<\/p>\n<p class=\" wall-content\">Personnalisez votre actualit\u00e9 en ajoutant vos villes et m\u00e9dias en favori avec <a href=\"https:\/\/moncompte.actu.fr\" title=\"D\u00e9couvez Mon Actu\" rel=\"nofollow noopener\" data-trk=\"{&quot;cta&quot;:{&quot;action&quot;:&quot;https:\\\/\\\/moncompte.actu.fr&quot;,&quot;category&quot;:&quot;mon compte&quot;,&quot;from&quot;:&quot;article footer&quot;,&quot;name&quot;:&quot;Mon actu&quot;,&quot;type&quot;:&quot;cta&quot;}}\" target=\"_blank\">Mon Actu<\/a>.<\/p>\n","protected":false},"excerpt":{"rendered":"Par Thomas Blanc Publi\u00e9 le 21 oct. 2025 \u00e0 12h18 \u00c0 Illkirch-Graffenstaden, au sud de Strasbourg, un homme&hellip;\n","protected":false},"author":2,"featured_media":479270,"comment_status":"","ping_status":"","sticky":false,"template":"","format":"standard","meta":{"footnotes":""},"categories":[2820],"tags":[1111,11,1777,674,118,1011,27,775,12,1311,25,640],"class_list":{"0":"post-479269","1":"post","2":"type-post","3":"status-publish","4":"format-standard","5":"has-post-thumbnail","7":"category-strasbourg","8":"tag-actu","9":"tag-actualites","10":"tag-eu","11":"tag-europe","12":"tag-faits-divers","13":"tag-fr","14":"tag-france","15":"tag-grand-est","16":"tag-news","17":"tag-pompiers","18":"tag-republique-francaise","19":"tag-strasbourg"},"share_on_mastodon":{"url":"https:\/\/pubeurope.com\/@fr\/115411743217765957","error":""},"_links":{"self":[{"href":"https:\/\/www.europesays.com\/fr\/wp-json\/wp\/v2\/posts\/479269","targetHints":{"allow":["GET"]}}],"collection":[{"href":"https:\/\/www.europesays.com\/fr\/wp-json\/wp\/v2\/posts"}],"about":[{"href":"https:\/\/www.europesays.com\/fr\/wp-json\/wp\/v2\/types\/post"}],"author":[{"embeddable":true,"href":"https:\/\/www.europesays.com\/fr\/wp-json\/wp\/v2\/users\/2"}],"replies":[{"embeddable":true,"href":"https:\/\/www.europesays.com\/fr\/wp-json\/wp\/v2\/comments?post=479269"}],"version-history":[{"count":0,"href":"https:\/\/www.europesays.com\/fr\/wp-json\/wp\/v2\/posts\/479269\/revisions"}],"wp:featuredmedia":[{"embeddable":true,"href":"https:\/\/www.europesays.com\/fr\/wp-json\/wp\/v2\/media\/479270"}],"wp:attachment":[{"href":"https:\/\/www.europesays.com\/fr\/wp-json\/wp\/v2\/media?parent=479269"}],"wp:term":[{"taxonomy":"category","embeddable":true,"href":"https:\/\/www.europesays.com\/fr\/wp-json\/wp\/v2\/categories?post=479269"},{"taxonomy":"post_tag","embeddable":true,"href":"https:\/\/www.europesays.com\/fr\/wp-json\/wp\/v2\/tags?post=479269"}],"curies":[{"name":"wp","href":"https:\/\/api.w.org\/{rel}","templated":true}]}}