{"id":47927,"date":"2025-04-24T00:53:10","date_gmt":"2025-04-24T00:53:10","guid":{"rendered":"https:\/\/www.europesays.com\/fr\/47927\/"},"modified":"2025-04-24T00:53:10","modified_gmt":"2025-04-24T00:53:10","slug":"le-travelski-night-express-au-pied-des-pistes","status":"publish","type":"post","link":"https:\/\/www.europesays.com\/fr\/47927\/","title":{"rendered":"le Travelski Night Express au pied des pistes"},"content":{"rendered":"<p>\t\t\t\t\t\t\t<img decoding=\"async\" fetchpriority=\"high\" src=\"https:\/\/www.europesays.com\/fr\/wp-content\/uploads\/2025\/04\/3-5-1024x576.jpg\" class=\"img-fluid\" alt=\"Travelski Night Express nouveau train de nuit Paris stations de ski les Alpes\" width=\"1024\" height=\"576\"\/><br \/>\n\t\t\t\t\t\t\t\t\t\t\t\t\t\t\tTravelski Night Express<\/p>\n<p>Imaginez vous endormir dans la Ville Lumi\u00e8re et vous r\u00e9veiller face aux montagnes enneig\u00e9es. Ce doux r\u00eave pourra bient\u00f4t devenir r\u00e9alit\u00e9, gr\u00e2ce \u00e0 ce nouveau train de nuit au d\u00e9part de Paris, le<strong> Travelski Night Express<\/strong>. Le concept est simple et fait r\u00eaver :<strong> embarquez. Dormez. Skiez. <\/strong>On vous dit tout sur ce tout nouveau moyen de voyager de nuit.<\/p>\n<p> <strong>Alerte nouveau train de nuit ! De Paris \u00e0 Courchevel, La Plagne ou Val d\u2019Is\u00e8re <\/strong> <\/p>\n<p><img fetchpriority=\"high\" decoding=\"async\" class=\"aligncenter wp-image-163590 size-large\" src=\"data:image\/svg+xml,%3Csvg%20xmlns=\" http:=\"\" alt=\"train de nuit Paris Courchevel Val d'Is\u00e8re Val Thorens La Plagne\" width=\"1024\" height=\"576\" data-lazy- data-lazy- data-lazy-src=\"https:\/\/www.europesays.com\/fr\/wp-content\/uploads\/2025\/04\/4-4-1024x576.jpg\"\/><\/p>\n<p>D\u00e8s l\u2019hiver 2025, un <strong>nouveau train de nuit, le Travelski Night Express, reliera Paris aux Alpes<\/strong> fran\u00e7aises en moins de 10h. D\u00e9velopp\u00e9 avec Pegasus Trains (filiale de la compagnie des Alpes), ce service permettra aux voyageurs de partir le vendredi soir, et d\u2019arriver directement au pied des stations le samedi matin. Un gain de temps consid\u00e9rable, pour optimiser au maximum les <a href=\"https:\/\/parissecret.com\/escapades\/\" rel=\"noopener noreferrer\" target=\"_self\" class=\"shortcode-outbound-link\" data-has-ga=\"true\" data-ga-type=\"click\" data-label=\"https:\/\/parissecret.com\/escapades\/\" data-action=\"text_cta_0\" data-category=\"click_internal\"><strong>escapades du week-end<\/strong><\/a>. Plus concr\u00e8tement, le Travelski Night Express reliera Paris \u00e0 Bourg-Saint-Maurice, en Savoie.<\/p>\n<p>Il desservira <strong>huit destinations alpines<\/strong> embl\u00e9matiques de la vall\u00e9e : Courchevel, Les Arcs, La Plagne, Tignes, M\u00e9ribel, Val d\u2019Is\u00e8re, Val Thorens et Les M\u00e9nuires. Au total, ce nouveau train de nuit assurera <strong>14 allers-retours<\/strong> entre Paris et Bourg-Saint-Maurice. Et ce du <strong>19 d\u00e9cembre 2025 au 20 mars 2026<\/strong>. Un trajet d\u2019environ 8h, qui s\u2019inscrit dans une d\u00e9marche \u00e9co-responsable en offrant une alternative aux trajets en voiture ou en avion.<\/p>\n<p> <strong>Un train-couchette tout confort au d\u00e9part de Paris, pour se r\u00e9veiller au pied des pistes <\/strong> <\/p>\n<p><img loading=\"lazy\" decoding=\"async\" class=\"aligncenter size-large wp-image-163592\" src=\"data:image\/svg+xml,%3Csvg%20xmlns=\" http:=\"\" alt=\"\" width=\"1024\" height=\"576\" data-lazy- data-lazy- data-lazy-src=\"https:\/\/www.europesays.com\/fr\/wp-content\/uploads\/2025\/04\/1745455990_311_2-1-1024x576.jpg\"\/><\/p>\n<p>Mais quid du confort pour le Travelski Night Express ? \u00c0 bord,<strong> 660 couchettes<\/strong> flambant neuves attendent les voyageurs. Il y aura aussi un wagon-bar et m\u00eame un restaurant. Pour r\u00e9server, la compagnie a mis en place des <strong>forfaits tout compris<\/strong>, pour permettre aux clients de voyager sans tracas. Le package complet comprendra le voyage en train, les transferts, l\u2019h\u00e9bergement le forfait, et le mat\u00e9riel de ski. \u00c0 l\u2019aube, les voyageurs arriveront directement en gare de Moutiers, Aime ou Bourg-Saint-Maurice. C\u2019est ici que leur transfert les attendra, afin de rejoindre la station de leur choix.<\/p>\n<p>Et \u00e0 l\u2019arriv\u00e9e, tout sera simplifi\u00e9 pour profiter au maximum des pistes, gr\u00e2ce au mat\u00e9riel et aux forfaits d\u00e9j\u00e0 r\u00e9serv\u00e9s et \u00e0 un service de Bagagerie sur place. En fin d\u2019apr\u00e8s-midi, apr\u00e8s un transfert vers le Travelski Night Express, les amateurs de montagne pourront passer une nuit r\u00e9paratrice dans leur train-couchette. Une offre qui tombe \u00e0 pic pour s\u2019\u00e9vader, respirer un bol d\u2019air givr\u00e9 et d\u00e9valer les pistes de ski, sans perdre de temps dans les transports. Soyez \u00e0 l\u2019affut, les <strong>r\u00e9servations ouvrent en mai<\/strong> !<\/p>\n<p><strong><a href=\"https:\/\/www.travelski.com\/travelski-night-express\" rel=\"nofollow noopener noreferrer\" target=\"_blank\" class=\"shortcode-outbound-link\" data-has-ga=\"true\" data-ga-type=\"click\" data-label=\"https:\/\/www.travelski.com\/travelski-night-express\" data-action=\"text_cta_1\" data-category=\"click_non_sales\">R\u00e9servez votre couchette <\/a><\/strong><\/p>\n","protected":false},"excerpt":{"rendered":"Travelski Night Express Imaginez vous endormir dans la Ville Lumi\u00e8re et vous r\u00e9veiller face aux montagnes enneig\u00e9es. Ce&hellip;\n","protected":false},"author":2,"featured_media":47928,"comment_status":"","ping_status":"","sticky":false,"template":"","format":"standard","meta":{"footnotes":""},"categories":[1888],"tags":[11,1777,674,1011,27,6736,12,626,25,13888,586],"class_list":{"0":"post-47927","1":"post","2":"type-post","3":"status-publish","4":"format-standard","5":"has-post-thumbnail","7":"category-paris","8":"tag-actualites","9":"tag-eu","10":"tag-europe","11":"tag-fr","12":"tag-france","13":"tag-hiver","14":"tag-news","15":"tag-paris","16":"tag-republique-francaise","17":"tag-ski-snowboard","18":"tag-voyage"},"share_on_mastodon":{"url":"https:\/\/pubeurope.com\/@fr\/114390211648926307","error":""},"_links":{"self":[{"href":"https:\/\/www.europesays.com\/fr\/wp-json\/wp\/v2\/posts\/47927","targetHints":{"allow":["GET"]}}],"collection":[{"href":"https:\/\/www.europesays.com\/fr\/wp-json\/wp\/v2\/posts"}],"about":[{"href":"https:\/\/www.europesays.com\/fr\/wp-json\/wp\/v2\/types\/post"}],"author":[{"embeddable":true,"href":"https:\/\/www.europesays.com\/fr\/wp-json\/wp\/v2\/users\/2"}],"replies":[{"embeddable":true,"href":"https:\/\/www.europesays.com\/fr\/wp-json\/wp\/v2\/comments?post=47927"}],"version-history":[{"count":0,"href":"https:\/\/www.europesays.com\/fr\/wp-json\/wp\/v2\/posts\/47927\/revisions"}],"wp:featuredmedia":[{"embeddable":true,"href":"https:\/\/www.europesays.com\/fr\/wp-json\/wp\/v2\/media\/47928"}],"wp:attachment":[{"href":"https:\/\/www.europesays.com\/fr\/wp-json\/wp\/v2\/media?parent=47927"}],"wp:term":[{"taxonomy":"category","embeddable":true,"href":"https:\/\/www.europesays.com\/fr\/wp-json\/wp\/v2\/categories?post=47927"},{"taxonomy":"post_tag","embeddable":true,"href":"https:\/\/www.europesays.com\/fr\/wp-json\/wp\/v2\/tags?post=47927"}],"curies":[{"name":"wp","href":"https:\/\/api.w.org\/{rel}","templated":true}]}}