{"id":479274,"date":"2025-10-21T10:45:25","date_gmt":"2025-10-21T10:45:25","guid":{"rendered":"https:\/\/www.europesays.com\/fr\/479274\/"},"modified":"2025-10-21T10:45:25","modified_gmt":"2025-10-21T10:45:25","slug":"militantes-reporters-resistants-les-nantais-sont-invites-a-voter-pour-des-noms-de-rues","status":"publish","type":"post","link":"https:\/\/www.europesays.com\/fr\/479274\/","title":{"rendered":"Militantes, reporters, r\u00e9sistants\u2026 Les Nantais sont invit\u00e9s \u00e0 voter pour des noms de rues"},"content":{"rendered":"<p>Patrice Lumumba, homme politique congolais, mort assassin\u00e9 en 1961. Marsha P. Johnson, militante transgenre africaine-am\u00e9ricaine. Fran\u00e7ois Maspero, libraire, \u00e9diteur engag\u00e9, \u00e9crivain, traducteur et reporter. Thomas Sankara, pr\u00e9sident du Burkina Faso, symbole de la r\u00e9sistance \u00e0 la domination coloniale et n\u00e9ocoloniale\u2026 Ce sont quelques-uns des noms soumis au vote des Nantais pour d\u00e9nommer voies et \u00e9quipements publics \u00e0 Nantes.<\/p>\n<p>314\u00a0propositions initiales<\/p>\n<p>Les Nantais \u00e9taient invit\u00e9s \u00e0 proposer des noms de personnalit\u00e9s qu\u2019ils souhaitent\u00a0voir honor\u00e9es dans l\u2019espace public\u00a0: des noms de personnalit\u00e9s engag\u00e9s en faveur des droits humains. Parmi 314\u00a0propositions d\u00e9pos\u00e9es par les habitants, trente-trois\u00a0personnalit\u00e9s ont \u00e9t\u00e9 retenues.<\/p>\n<p>Les dix personnalit\u00e9s ayant r\u00e9colt\u00e9 le plus de votes constitueront une liste de noms \u00e0 attribuer en priorit\u00e9 pour les prochaines d\u00e9nominations de voies et d\u2019\u00e9quipements publics de la ville. <a href=\"https:\/\/metropole.nantes.fr\/que-faire-nantes\/agenda\/noms-de-rues-place-a-legalite\" target=\"_blank\" rel=\"nofollow noopener\">Les Nantais ont jusqu\u2019au lundi 3\u00a0novembre pour voter num\u00e9riquement<\/a> sur le site nantes.fr.<\/p>\n<p>\u00a0<\/p>\n","protected":false},"excerpt":{"rendered":"Patrice Lumumba, homme politique congolais, mort assassin\u00e9 en 1961. Marsha P. Johnson, militante transgenre africaine-am\u00e9ricaine. Fran\u00e7ois Maspero, libraire,&hellip;\n","protected":false},"author":2,"featured_media":479275,"comment_status":"","ping_status":"","sticky":false,"template":"","format":"standard","meta":{"footnotes":""},"categories":[2818],"tags":[1111,11,1777,674,1011,27,12363,60258,4715,766,12,16653,2636,46123,25,4436,16915,11706],"class_list":{"0":"post-479274","1":"post","2":"type-post","3":"status-publish","4":"format-standard","5":"has-post-thumbnail","7":"category-nantes","8":"tag-actu","9":"tag-actualites","10":"tag-eu","11":"tag-europe","12":"tag-fr","13":"tag-france","14":"tag-invites","15":"tag-militantes","16":"tag-nantais","17":"tag-nantes","18":"tag-news","19":"tag-noms","20":"tag-pays-de-la-loire","21":"tag-reporters","22":"tag-republique-francaise","23":"tag-resistants","24":"tag-rues","25":"tag-voter"},"share_on_mastodon":{"url":"https:\/\/pubeurope.com\/@fr\/115411755106219367","error":""},"_links":{"self":[{"href":"https:\/\/www.europesays.com\/fr\/wp-json\/wp\/v2\/posts\/479274","targetHints":{"allow":["GET"]}}],"collection":[{"href":"https:\/\/www.europesays.com\/fr\/wp-json\/wp\/v2\/posts"}],"about":[{"href":"https:\/\/www.europesays.com\/fr\/wp-json\/wp\/v2\/types\/post"}],"author":[{"embeddable":true,"href":"https:\/\/www.europesays.com\/fr\/wp-json\/wp\/v2\/users\/2"}],"replies":[{"embeddable":true,"href":"https:\/\/www.europesays.com\/fr\/wp-json\/wp\/v2\/comments?post=479274"}],"version-history":[{"count":0,"href":"https:\/\/www.europesays.com\/fr\/wp-json\/wp\/v2\/posts\/479274\/revisions"}],"wp:featuredmedia":[{"embeddable":true,"href":"https:\/\/www.europesays.com\/fr\/wp-json\/wp\/v2\/media\/479275"}],"wp:attachment":[{"href":"https:\/\/www.europesays.com\/fr\/wp-json\/wp\/v2\/media?parent=479274"}],"wp:term":[{"taxonomy":"category","embeddable":true,"href":"https:\/\/www.europesays.com\/fr\/wp-json\/wp\/v2\/categories?post=479274"},{"taxonomy":"post_tag","embeddable":true,"href":"https:\/\/www.europesays.com\/fr\/wp-json\/wp\/v2\/tags?post=479274"}],"curies":[{"name":"wp","href":"https:\/\/api.w.org\/{rel}","templated":true}]}}