{"id":479281,"date":"2025-10-21T10:49:11","date_gmt":"2025-10-21T10:49:11","guid":{"rendered":"https:\/\/www.europesays.com\/fr\/479281\/"},"modified":"2025-10-21T10:49:11","modified_gmt":"2025-10-21T10:49:11","slug":"il-cambriole-la-station-service-total-en-pleine-nuit-mais-oublie-un-detail","status":"publish","type":"post","link":"https:\/\/www.europesays.com\/fr\/479281\/","title":{"rendered":"il cambriole la station-service Total en pleine nuit, mais oublie un d\u00e9tail"},"content":{"rendered":"<p>            Par<br \/>\n        <strong><br \/>\n            <a href=\"https:\/\/actu.fr\/auteur\/guillaume-laurens\" title=\"Consulter tous les articles de Guillaume Laurens\" rel=\"nofollow noopener\" target=\"_blank\">Guillaume Laurens<\/a><br \/>\n        <\/strong><\/p>\n<p>        Publi\u00e9 le<\/p>\n<p>            21 oct. 2025 \u00e0 12h15        <\/p>\n<p>Il \u00e9tait environ 2h30 du matin, dans la nuit du vendredi 17 octobre 2025, quand un individu a p\u00e9n\u00e9tr\u00e9 par effraction dans les locaux de la <strong>station Total<\/strong> situ\u00e9e route de Saint-Simon \u00e0 <a href=\"https:\/\/actu.fr\/toulouse\/\" rel=\"nofollow noopener\" target=\"_blank\"><strong>Toulouse<\/strong><\/a>, pour un <strong>cambriolage<\/strong> nocturne.<\/p>\n<p>Il d\u00e9robe 300 euros dans la caisse<\/p>\n<p class=\" wall-content\">A priori seul impliqu\u00e9 dans l\u2019affaire, cet individu a <strong>fractur\u00e9 une porte<\/strong> de l\u2019\u00e9tablissement, avant de d\u00e9rober le <strong>fonds de caisse<\/strong>, soit environ <strong>300 euros<\/strong>. Sauf qu\u2019il a oubli\u00e9\u2026 qu\u2019il y avait <strong>plusieurs cam\u00e9ras<\/strong> sur place, qui ont permis d\u2019avoir <strong>le signalement<\/strong> du suspect.<\/p>\n<p>Retrouv\u00e9 15 heures plus tard gr\u00e2ce aux cam\u00e9ras<\/p>\n<p class=\" wall-content\">Et ce m\u00eame vendredi, il a \u00e9t\u00e9 <strong>identifi\u00e9<\/strong> gr\u00e2ce aux images de <strong>vid\u00e9osurveillance.<\/strong> Aper\u00e7u aux alentours de 18 heures\u00a0au niveau du <strong>chemin de Lestang<\/strong>, il a \u00e9t\u00e9 interpell\u00e9 par les policiers de la brigade anticriminalit\u00e9.<\/p>\n<p class=\" wall-content\">\u00c2g\u00e9 de <strong>25 ans<\/strong> et d\u00e9j\u00e0 connu des services de police, l\u2019homme a <strong>reconnu les faits<\/strong> en garde \u00e0 vue. D\u00e9f\u00e9r\u00e9 au parquet dimanche, il sera jug\u00e9 en Comparution sur reconnaissance pr\u00e9alable de culpabilit\u00e9 (CRPC), le \u00ab\u00a0plaider-coupable\u00a0\u00bb \u00e0 la fran\u00e7aise.<\/p>\n<p>Vid\u00e9os : en ce moment sur Actu<br \/>\n    <a href=\"https:\/\/www.google.com\/maps\/embed?pb=!1m28!1m12!1m3!1d11562.960311966608!2d1.382065483024746!3d43.57029888252057!2m3!1f0!2f0!3f0!3m2!1i1024!2i768!4f13.1!4m13!3e0!4m5!1s0x12aeba46f560614b%3A0x85deb33ad585ffcd!2sRoute%20de%20Saint-Simon%2C%20Toulouse!3m2!1d43.5775042!2d1.3896616!4m5!1s0x12aeba2f8e3f4d49%3A0x8c8cf243543d007b!2sChem.%20de%20Lestang%2C%2031100%20Toulouse!3m2!1d43.5630634!2d1.3952052!5e0!3m2!1sfr!2sfr!4v1761037998069!5m2!1sfr!2sfr\" title=\"Ouvrie le lien\" rel=\"nofollow noopener\" target=\"_blank\">Cliquez ici pour visualiser le contenu<\/a><\/p>\n<p class=\" wall-content\">Personnalisez votre actualit\u00e9 en ajoutant vos villes et m\u00e9dias en favori avec <a href=\"https:\/\/moncompte.actu.fr\" title=\"D\u00e9couvez Mon Actu\" rel=\"nofollow noopener\" data-trk=\"{&quot;cta&quot;:{&quot;action&quot;:&quot;https:\\\/\\\/moncompte.actu.fr&quot;,&quot;category&quot;:&quot;mon compte&quot;,&quot;from&quot;:&quot;article footer&quot;,&quot;name&quot;:&quot;Mon actu&quot;,&quot;type&quot;:&quot;cta&quot;}}\" target=\"_blank\">Mon Actu<\/a>.<\/p>\n","protected":false},"excerpt":{"rendered":"Par Guillaume Laurens Publi\u00e9 le 21 oct. 2025 \u00e0 12h15 Il \u00e9tait environ 2h30 du matin, dans la&hellip;\n","protected":false},"author":2,"featured_media":479282,"comment_status":"","ping_status":"","sticky":false,"template":"","format":"standard","meta":{"footnotes":""},"categories":[2816],"tags":[1111,11,1174,1777,674,118,1011,27,12,2680,25,2312],"class_list":{"0":"post-479281","1":"post","2":"type-post","3":"status-publish","4":"format-standard","5":"has-post-thumbnail","7":"category-toulouse","8":"tag-actu","9":"tag-actualites","10":"tag-cambriolage","11":"tag-eu","12":"tag-europe","13":"tag-faits-divers","14":"tag-fr","15":"tag-france","16":"tag-news","17":"tag-occitanie","18":"tag-republique-francaise","19":"tag-toulouse"},"share_on_mastodon":{"url":"https:\/\/pubeurope.com\/@fr\/115411770781828584","error":""},"_links":{"self":[{"href":"https:\/\/www.europesays.com\/fr\/wp-json\/wp\/v2\/posts\/479281","targetHints":{"allow":["GET"]}}],"collection":[{"href":"https:\/\/www.europesays.com\/fr\/wp-json\/wp\/v2\/posts"}],"about":[{"href":"https:\/\/www.europesays.com\/fr\/wp-json\/wp\/v2\/types\/post"}],"author":[{"embeddable":true,"href":"https:\/\/www.europesays.com\/fr\/wp-json\/wp\/v2\/users\/2"}],"replies":[{"embeddable":true,"href":"https:\/\/www.europesays.com\/fr\/wp-json\/wp\/v2\/comments?post=479281"}],"version-history":[{"count":0,"href":"https:\/\/www.europesays.com\/fr\/wp-json\/wp\/v2\/posts\/479281\/revisions"}],"wp:featuredmedia":[{"embeddable":true,"href":"https:\/\/www.europesays.com\/fr\/wp-json\/wp\/v2\/media\/479282"}],"wp:attachment":[{"href":"https:\/\/www.europesays.com\/fr\/wp-json\/wp\/v2\/media?parent=479281"}],"wp:term":[{"taxonomy":"category","embeddable":true,"href":"https:\/\/www.europesays.com\/fr\/wp-json\/wp\/v2\/categories?post=479281"},{"taxonomy":"post_tag","embeddable":true,"href":"https:\/\/www.europesays.com\/fr\/wp-json\/wp\/v2\/tags?post=479281"}],"curies":[{"name":"wp","href":"https:\/\/api.w.org\/{rel}","templated":true}]}}