{"id":479283,"date":"2025-10-21T10:50:13","date_gmt":"2025-10-21T10:50:13","guid":{"rendered":"https:\/\/www.europesays.com\/fr\/479283\/"},"modified":"2025-10-21T10:50:13","modified_gmt":"2025-10-21T10:50:13","slug":"il-loue-georges-henri-colombe-a-toulouse","status":"publish","type":"post","link":"https:\/\/www.europesays.com\/fr\/479283\/","title":{"rendered":"il loue Georges-Henri Colombe \u00e0 Toulouse"},"content":{"rendered":"<p>            Par<br \/>\n        <strong><br \/>\n            <a href=\"https:\/\/actu.fr\/auteur\/clement-mazella\" title=\"Consulter tous les articles de Cl\u00e9ment Mazella\" rel=\"nofollow noopener\" target=\"_blank\">Cl\u00e9ment Mazella<\/a><br \/>\n        <\/strong><\/p>\n<p>        Publi\u00e9 le<\/p>\n<p>            21 oct. 2025 \u00e0 12h33        <\/p>\n<p>\u00ab\u00a0Je ne suis pas \u00e9tonn\u00e9, c\u2019est \u00e0 l\u2019image du bonhomme, qui est honn\u00eate\u00a0\u00bb. Entra\u00eeneur des avants de <a href=\"https:\/\/actu.fr\/tag\/stade-toulousain\" rel=\"nofollow noopener\" target=\"_blank\">Toulouse<\/a>, Jean Bouilhou n\u2019a pas \u00e9t\u00e9 surpris par les derniers propos de sa recrue <a href=\"https:\/\/actu.fr\/sports\/rugby\/xv-de-france\/xv-de-france-pourquoi-george-henri-colombe-est-le-miracule-de-la-liste-pour-la-tournee-d-ete_62821419.html\" rel=\"nofollow noopener\" target=\"_blank\">Georges-Henri Colombe<\/a> au sujet d\u2019une <strong>potentielle convocation<\/strong> avec <a href=\"https:\/\/actu.fr\/rugby\/xv-de-france\" rel=\"nofollow noopener\" target=\"_blank\">le XV de France<\/a> pour la tourn\u00e9e d\u2019automne 2025.<\/p>\n<p class=\" wall-content\">\u00ab\u00a0Pour avoir un peu \u00e9chang\u00e9 avec William Servat, l\u2019objectif pour moi aujourd\u2019hui est vraiment de me concentrer sur mes performances en club et de reprendre un rythme correct. L\u2019\u00e9quipe de France reste dans un coin de ma t\u00eate mais, \u00e0 ce jour, je ne suis pas pr\u00eat \u00e0 retourner en s\u00e9lection d\u2019aussit\u00f4t\u00a0\u00bb, affirmait le pilier droit, l\u2019une des rares recrues de Toulouse lors de l\u2019intersaison.<\/p>\n<p class=\" wall-content\">Mais avec les forfaits de Uini Atonio et Tevita Tatafu, ainsi que la perte de cr\u00e9dit de Demba Bamba l\u2019\u00e9t\u00e9 dernier, l\u2019option Colombe n\u2019est pas \u00e0 exclure, m\u00eame si le joueur part de loin. Sans oublier que ses derni\u00e8res exp\u00e9riences avec les Bleus n\u2019ont pas \u00e9t\u00e9 forc\u00e9ment concluantes.<\/p>\n<p class=\" wall-content\">En effet, rempla\u00e7ant contre le pays de Galles et l\u2019Angleterre lors des deux premiers matchs du Tournoi des 6 Nations 2025, il avait \u00e9t\u00e9 en suivant \u00e9cart\u00e9, son attitude nonchalante ayant \u00e9t\u00e9 point\u00e9e du doigt. Face aux All Blacks cet \u00e9t\u00e9, manquant de rythme, il avait \u00e9t\u00e9 remplac\u00e9 \u00e0 la pause lors du deuxi\u00e8me test.<\/p>\n<p>Une fin compliqu\u00e9e \u00e0 La Rochelle<\/p>\n<p class=\" wall-content\">Colombe a besoin de retrouver des sensations. Des bonnes. Car ces derniers temps, il a plus souvent tra\u00een\u00e9 son spleen. Sa fin d\u2019aventure \u00e0 La Rochelle, o\u00f9 il est rest\u00e9 3 ans, n\u2019a pas \u00e9t\u00e9 des plus joyeuses. Le manager Ronan O\u2019Gara n\u2019avait pas h\u00e9sit\u00e9 \u00e0 le piquer quand <a href=\"https:\/\/actu.fr\/nouvelle-aquitaine\/la-rochelle_17300\/george-henri-colombe-va-bien-quitter-la-rochelle-ronan-o-gara-l-egratigne_61728985.html\" rel=\"nofollow noopener\" target=\"_blank\">le d\u00e9part de Colombe, d\u00e8s le mois d\u2019octobre, \u00e9tait annonc\u00e9<\/a>. \u00ab\u00a0J\u2019avais propos\u00e9 quelque chose pour lui (une prolongation, NDLR), mais sur les six derniers mois, il est quatri\u00e8me pilier droit\u00a0\u00bb.<\/p>\n<p class=\" wall-content\">D\u00e8s cette sortie, les matchs de Colombe avec La Rochelle ont \u00e9t\u00e9 compt\u00e9s. En tout, onze feuilles de match, deux maigres titularisations, et une derni\u00e8re rencontre face au Stade Fran\u00e7ais le 1er mars. Derri\u00e8re ? Rien. Et donc une arriv\u00e9e au Stade Toulousain sans rythme. Mais une volont\u00e9 de relever la t\u00eate : \u00ab\u00a0On sent qu\u2019il a envie de travailler, de montrer un autre visage que celui affich\u00e9 lors des derniers mois \u00e0 La Rochelle et en \u00e9quipe de France. Nous avons senti un gar\u00e7on tr\u00e8s motiv\u00e9\u00a0\u00bb, fait remarquer Bouilhou.\u00a0<\/p>\n<p>    <img   decoding=\"async\" loading=\"lazy\" src=\"https:\/\/www.europesays.com\/fr\/wp-content\/uploads\/2025\/10\/colombe-guillard-france-all-blacks-rugby-960x640.jpg\" alt=\"Ah, respect George-Henri d'avoir tenu bon... La patrie reconnaissante ! \" width=\"960\" height=\"640\"\/><br \/>\n    Georges-Henri Colombe a jou\u00e9 40 minutes face aux All Blacks l\u2019\u00e9t\u00e9 dernier. (\u00a9Icon Sport)Une int\u00e9gration r\u00e9ussie \u00e0 Toulouse<\/p>\n<p class=\" wall-content\">Un gar\u00e7on motiv\u00e9 apr\u00e8s une int\u00e9gration r\u00e9ussie. \u00ab\u00a0On l\u2019a int\u00e9gr\u00e9 tr\u00e8s simplement. Le stage en Bretagne a \u00e9t\u00e9 un tr\u00e8s bon catalyseur pour se rencontrer. Cela s\u2019est tr\u00e8s bien pass\u00e9. C\u2019est une belle personne, qui de belles valeurs morales. Georges-Henri est un joueur intelligent qui a vite compris comment on fonctionnait. Plus \u00e7a va aller, mieux il va s\u2019int\u00e9grer dans notre jeu\u00a0\u00bb, estime l\u2019entra\u00eeneur des avants de Toulouse.<\/p>\n<p>Votre r\u00e9gion, votre actu !<\/p>\n<p>Recevez chaque jour les infos qui comptent pour vous.<\/p>\n<p>\t<a href=\"https:\/\/actu.fr\/newsletter\" class=\"ac-btn ac-btn--corner ac-btn--medium ac-btn--blue800\" rel=\"nofollow noopener\" target=\"_blank\">S&rsquo;incrire<\/a><\/p>\n<p class=\" wall-content\">Face \u00e0 Pau le week-end dernier (o\u00f9 il a montr\u00e9 toutes ses qualit\u00e9s dans les rucks, NDLR), Colombe vient d\u2019encha\u00eener une 3e sortie de suite avec Toulouse, apr\u00e8s des d\u00e9buts retard\u00e9s en raison d\u2019une blessure en amical. \u00ab\u00a0J\u2019ai ressenti de la frustration. Tu arrives, tu as envie de montrer qui tu es et quel jeu tu peux proposer\u2026 Il a fallu prendre le temps pour \u00e9viter que \u00e7a r\u00e9p\u00e8te. Je l\u2019ai pris\u00a0\u00bb, explique l\u2019int\u00e9ress\u00e9 de 27 ans et 10 s\u00e9lections en Bleus.<\/p>\n<p class=\" wall-content\">\u00c0 un poste de pilier droit o\u00f9 la densit\u00e9 est forte \u00e0 Toulouse (Aldegheri, Merkler, Mallez voire Ainu\u2019u), on croit vraiment \u00e0 un retour au premier plan de Georges-Henri Colombe. \u00ab\u00a0Il est fid\u00e8le \u00e0 ce que l\u2019on pense de lui. <strong>Il est extr\u00eamement explosif malgr\u00e9 son gabarit, avec le ballon il peut faire des ravages<\/strong>. Au Stade Toulousain, ce que doit faire un avant, c\u2019est ce que je viens de dire, mais aussi beaucoup se d\u00e9placer\u00a0\u00bb, dit Bouilhou. Avant de conclure : \u00ab\u00a0C\u2019est l\u00e0 o\u00f9 nous lui en demandons plus, il en a conscience, et il va travailler sur \u00e7a\u00a0\u00bb.\u00a0<\/p>\n<p class=\" wall-content\">Personnalisez votre actualit\u00e9 en ajoutant vos villes et m\u00e9dias en favori avec <a href=\"https:\/\/moncompte.actu.fr\" title=\"D\u00e9couvez Mon Actu\" rel=\"nofollow noopener\" data-trk=\"{&quot;cta&quot;:{&quot;action&quot;:&quot;https:\\\/\\\/moncompte.actu.fr&quot;,&quot;category&quot;:&quot;mon compte&quot;,&quot;from&quot;:&quot;article footer&quot;,&quot;name&quot;:&quot;Mon actu&quot;,&quot;type&quot;:&quot;cta&quot;}}\" target=\"_blank\">Mon Actu<\/a>.<\/p>\n","protected":false},"excerpt":{"rendered":"Par Cl\u00e9ment Mazella Publi\u00e9 le 21 oct. 2025 \u00e0 12h33 \u00ab\u00a0Je ne suis pas \u00e9tonn\u00e9, c\u2019est \u00e0 l\u2019image&hellip;\n","protected":false},"author":2,"featured_media":479284,"comment_status":"","ping_status":"","sticky":false,"template":"","format":"standard","meta":{"footnotes":""},"categories":[2816],"tags":[1111,11,1777,674,1011,27,12,2680,25,479,60,476,478,2312],"class_list":{"0":"post-479283","1":"post","2":"type-post","3":"status-publish","4":"format-standard","5":"has-post-thumbnail","7":"category-toulouse","8":"tag-actu","9":"tag-actualites","10":"tag-eu","11":"tag-europe","12":"tag-fr","13":"tag-france","14":"tag-news","15":"tag-occitanie","16":"tag-republique-francaise","17":"tag-rugby","18":"tag-sports","19":"tag-stade-toulousain","20":"tag-top-14","21":"tag-toulouse"},"share_on_mastodon":{"url":"https:\/\/pubeurope.com\/@fr\/115411775283424253","error":""},"_links":{"self":[{"href":"https:\/\/www.europesays.com\/fr\/wp-json\/wp\/v2\/posts\/479283","targetHints":{"allow":["GET"]}}],"collection":[{"href":"https:\/\/www.europesays.com\/fr\/wp-json\/wp\/v2\/posts"}],"about":[{"href":"https:\/\/www.europesays.com\/fr\/wp-json\/wp\/v2\/types\/post"}],"author":[{"embeddable":true,"href":"https:\/\/www.europesays.com\/fr\/wp-json\/wp\/v2\/users\/2"}],"replies":[{"embeddable":true,"href":"https:\/\/www.europesays.com\/fr\/wp-json\/wp\/v2\/comments?post=479283"}],"version-history":[{"count":0,"href":"https:\/\/www.europesays.com\/fr\/wp-json\/wp\/v2\/posts\/479283\/revisions"}],"wp:featuredmedia":[{"embeddable":true,"href":"https:\/\/www.europesays.com\/fr\/wp-json\/wp\/v2\/media\/479284"}],"wp:attachment":[{"href":"https:\/\/www.europesays.com\/fr\/wp-json\/wp\/v2\/media?parent=479283"}],"wp:term":[{"taxonomy":"category","embeddable":true,"href":"https:\/\/www.europesays.com\/fr\/wp-json\/wp\/v2\/categories?post=479283"},{"taxonomy":"post_tag","embeddable":true,"href":"https:\/\/www.europesays.com\/fr\/wp-json\/wp\/v2\/tags?post=479283"}],"curies":[{"name":"wp","href":"https:\/\/api.w.org\/{rel}","templated":true}]}}