{"id":479287,"date":"2025-10-21T10:52:10","date_gmt":"2025-10-21T10:52:10","guid":{"rendered":"https:\/\/www.europesays.com\/fr\/479287\/"},"modified":"2025-10-21T10:52:10","modified_gmt":"2025-10-21T10:52:10","slug":"lecole-centrale-lille-presente-un-plan-de-developpement-horizon-2035","status":"publish","type":"post","link":"https:\/\/www.europesays.com\/fr\/479287\/","title":{"rendered":"l\u2019\u00e9cole Centrale Lille pr\u00e9sente un plan de d\u00e9veloppement horizon 2035"},"content":{"rendered":"<p>            Par<br \/>\n        <strong><br \/>\n            <a href=\"https:\/\/actu.fr\/auteur\/amandine-vachez\" title=\"Consulter tous les articles de Amandine Vachez\" target=\"_blank\" rel=\"noopener\">Amandine Vachez<\/a><br \/>\n        <\/strong><\/p>\n<p>        Publi\u00e9 le<\/p>\n<p>            21 oct. 2025 \u00e0 12h40        <\/p>\n<p><b>L\u2019\u00e9cole Centrale de Lille<\/b> (Nord) bas\u00e9e \u00e0 la <b>Cit\u00e9 Scientifique<\/b> de Villeneuve-d\u2019Ascq, a profit\u00e9 de cette rentr\u00e9e scolaire de<b> 2025<\/b> pour pr\u00e9senter son <b>plan de d\u00e9veloppement, horizon 2035<\/b>. Un plan \u00ab\u2009ambitieux, mesurable, r\u00e9aliste et enthousiaste\u2009\u00bb, pr\u00e9sente le Directeur g\u00e9n\u00e9ral de Centrale Lille Institut, Thomas Maurer. Construit<b> en interne par l\u2019\u00e9cole d\u2019ing\u00e9nieurs d\u2019excellence<\/b> <b>lilloise<\/b>, il se d\u00e9cline autour de<b> quatre grandes orientations.<\/b> L\u2019id\u00e9e principale\u2009: rester une \u00e9cole d\u2019excellence au service du monde de l\u2019entreprise et de ses besoins actuels et \u00e0 venir, tout en attirant encore et toujours plus de talents entre ses murs.<\/p>\n<p>Expertise, formation, innovation\u2026<\/p>\n<p class=\" wall-content\">Quatre grandes orientations constituent ce plan de d\u00e9veloppement, construit et valid\u00e9 \u00e0 l\u2019unanimit\u00e9 par le conseil d\u2019administration de l\u2019\u00e9cole, il y a quelques mois. Il entre officiellement en action \u00e0 cette nouvelle rentr\u00e9e scolaire. \u00c0 savoir\u2009:<\/p>\n<ul class=\" wall-content\">\n<li><b>l\u2019expertise et la connaissance<\/b> des entreprises industrielles\u2009;<\/li>\n<li><b>l\u2019excellence dans la formation<\/b>, la recherche et l\u2019innovation\u2009;<\/li>\n<li><b>le rayonnement de l\u2019\u00e9tablissement <\/b>aux \u00e9chelles r\u00e9gionale, nationale et internationale\u2009;<\/li>\n<li><b>les moyens mobilis\u00e9s <\/b>pour mettre en \u0153uvre le plan strat\u00e9gique.<\/li>\n<\/ul>\n<p class=\" wall-content\">Ce plan est le r\u00e9sultat de 18\u00a0mois de travail, une \u00ab\u2009construction collective\u2009\u00bb impliquant les personnels et \u00e9l\u00e8ves de l\u2019\u00e9cole. Des industriels ont aussi \u00e9t\u00e9 consult\u00e9s, pour construire un projet global qui ait du sens et une coh\u00e9rence \u00e0 tous les niveaux, depuis la formation jusqu\u2019\u00e0 l\u2019entreprise.<\/p>\n<p class=\" wall-content\">\u00ab\u2009Il y a eu beaucoup de d\u00e9bats en interne. Ce n\u2019est pas une strat\u00e9gie de direction mais d\u2019\u00e9tablissement\u2009\u00bb, insiste Thomas Maurer. Il pr\u00e9sente des exemples de ce que permettront ces orientations, concr\u00e8tement\u2009:<\/p>\n<ul class=\" wall-content\">\n<li>allouer un plus gros budget par \u00e9l\u00e8ve au cours de sa formation (de 45\u00a0millions \u00e0 69\u00a0millions d\u2019euros)\u2009;<\/li>\n<li>recruter des professeurs associ\u00e9s (meilleur statut que celui de vacataire classique)\u2009;<\/li>\n<li>cr\u00e9er une direction des relations entreprises qui fluidifiera les \u00e9changes et permettra de d\u00e9velopper les partenariats historiques de l\u2019\u00e9cole\u2009;<\/li>\n<li>simplifier des process.<\/li>\n<\/ul>\n<p class=\" wall-content\"><b>L<\/b><b>\u2019\u00e9cole, qui compte 2\u2009200 \u00e9tudiants, passerait aussi \u00e0 3\u2009000 \u00e0 l\u2019horizon 2035.<\/b><\/p>\n<blockquote class=\"ac-article-quote wall-content\">\n<p>C\u2019est un moment charni\u00e8re pour l\u2019institut, dans ce contexte tr\u00e8s changeant. La transition \u00e9nerg\u00e9tique tire les ficelles de la r\u00e9flexion de ce projet.<\/p>\n<p>Matthias Povse, pr\u00e9sident du Conseil d\u2019administration de Centrale Lille.<\/p><\/blockquote>\n<p>Votre r\u00e9gion, votre actu !<\/p>\n<p>Recevez chaque jour les infos qui comptent pour vous.<\/p>\n<p>\t<a href=\"https:\/\/actu.fr\/newsletter\" class=\"ac-btn ac-btn--corner ac-btn--medium ac-btn--blue800\" target=\"_blank\" rel=\"noopener\">S&rsquo;incrire<\/a><br \/>\nDes transitions longues en perspective, avec des points d\u2019\u00e9tape<\/p>\n<p class=\" wall-content\">Pourquoi un projet sur 10\u00a0ans\u2009? \u00ab\u2009Ce sont des transitions qui vont \u00eatre longues, c\u2019est une vraie transformation \u00e0 plusieurs niveaux\u2009\u00bb, pr\u00e9cise Matthias Povse. Et Thomas Maurer de compl\u00e9ter\u2009: \u00ab\u2009Cela demande des transformations hybrides et transverses.\u2009\u00bb Par exemple, concernant l\u2019<a href=\"https:\/\/actu.fr\/tag\/intelligence-artificielle\" target=\"_blank\" rel=\"noopener\">IA<\/a>, \u00ab\u2009on va \u00eatre sur de l\u2019ing\u00e9nierie augment\u00e9e plut\u00f4t que sur de la substitution.\u2009\u00bb<\/p>\n<p class=\" wall-content\">Des \u00e9tapes cl\u00e9s sont ajout\u00e9es \u00e0 ce projet, \u00e0 l\u2019horizon 3 ou 5\u00a0ans. Par exemple, cr\u00e9er un \u00e9cosyst\u00e8me de formation, pour proposer des parcours complets et plus agiles aux \u00e9l\u00e8ves. \u00ab\u2009En plus d\u2019avoir des <b>parcours sp\u00e9cifiques avec ENSCL, ITEEM, IG2I<\/b>, nous proposons des parcours crois\u00e9s avec d\u2019autres \u00e9coles, comme l\u2019<b>Edhec et Skema<\/b>. L\u2019objectif est de proposer des formations adapt\u00e9es aux besoins en entreprise. Nous ne sommes plus sur un parcours classique, unique. Ce n\u2019est plus ce qui est attendu des \u00e9tudiants et des entreprises\u2009\u00bb, appuie Thomas Maurer.<\/p>\n<p class=\" wall-content\">Les repr\u00e9sentants de cette \u00e9cole, dont<b> 91\u2009% des dipl\u00f4m\u00e9s sont en poste 3\u00a0mois apr\u00e8s la fin de leur formation<\/b>, insistent sur le fait que Centrale est une \u00e9cole publique, et qu\u2019il est essentiel pour elle de garder un lien avec le monde industriel. \u00ab\u2009\u00c7a participe au fait que nous soyons une \u00e9cole d\u2019excellence, reconnue comme \u00e9cole d\u2019enseignement sup\u00e9rieur de formation, de recherche et d\u2019innovation\u2009\u00bb, relate Thomas Maurer.<\/p>\n<p>Une \u00e9cole qui \u00ab\u2009entend jouer son r\u00f4le sur le territoire\u2009\u00bb<\/p>\n<p class=\" wall-content\">Matthias Povse met en valeur le ph\u00e9nom\u00e8ne de <b>\u00ab\u2009r\u00e9industrialisation d\u00e9carbon\u00e9e\u2009\u00bb<\/b> localement. \u00ab\u2009Il y a<b> une grande densit\u00e9 d\u2019acteurs en Hauts-de-France<\/b>, et \u00e7a joue collectif. Centrale Lille entend jouer son r\u00f4le sur le territoire.\u2009\u00bb \u00c0 c\u00f4t\u00e9 de cela, l\u2019\u00e9cole a \u00e0 c\u0153ur de maintenir sa r\u00e9putation et d\u2019<b>exister davantage sur l\u2019\u00e9chiquier international.<\/b><\/p>\n<p class=\" wall-content\">En somme, l\u2019\u00e9cole pr\u00e9sente un plan ambitieux mais savamment \u00e9tudi\u00e9, \u00ab\u2009r\u00e9alisable\u2009\u00bb. Notamment au niveau budg\u00e9taire. L\u2019\u00e9cole compte en particulier sur<b> la recherche d\u00e9j\u00e0 \u00ab\u2009tr\u00e8s active\u2009\u00bb<\/b>. \u00ab\u2009La science est au c\u0153ur du projet. Il nous a fallu nous conforter dans nos forces, mais aussi mener une r\u00e9flexion pour \u00e9tablir une trajectoire financi\u00e8re tr\u00e8s pr\u00e9cise\u2009\u00bb, appuie Thomas Maurer. Enfin, il insiste sur le fait que l\u2019\u00e9tablissement a conscience qu\u2019il faudra sans doute ajuster des \u00e9l\u00e9ments, au fil de l\u2019eau\u2009: \u00ab\u2009Il est important d\u2019avoir un objectif sur le temps long\u2009; nous avons choisi 2035. Mais \u00e7a ne veut pas dire qu\u2019on ne sera pas agiles.\u2009\u00bb<\/p>\n<p class=\" wall-content\">Personnalisez votre actualit\u00e9 en ajoutant vos villes et m\u00e9dias en favori avec <a href=\"https:\/\/moncompte.actu.fr\" title=\"D\u00e9couvez Mon Actu\" rel=\"nofollow noopener\" data-trk=\"{&quot;cta&quot;:{&quot;action&quot;:&quot;https:\\\/\\\/moncompte.actu.fr&quot;,&quot;category&quot;:&quot;mon compte&quot;,&quot;from&quot;:&quot;article footer&quot;,&quot;name&quot;:&quot;Mon actu&quot;,&quot;type&quot;:&quot;cta&quot;}}\" target=\"_blank\">Mon Actu<\/a>.<\/p>\n","protected":false},"excerpt":{"rendered":"Par Amandine Vachez Publi\u00e9 le 21 oct. 2025 \u00e0 12h40 L\u2019\u00e9cole Centrale de Lille (Nord) bas\u00e9e \u00e0 la&hellip;\n","protected":false},"author":2,"featured_media":479288,"comment_status":"","ping_status":"","sticky":false,"template":"","format":"standard","meta":{"footnotes":""},"categories":[2815],"tags":[1111,11,1064,1777,674,1119,1011,27,811,1307,12,25,104],"class_list":{"0":"post-479287","1":"post","2":"type-post","3":"status-publish","4":"format-standard","5":"has-post-thumbnail","7":"category-lille","8":"tag-actu","9":"tag-actualites","10":"tag-etudiantses","11":"tag-eu","12":"tag-europe","13":"tag-formation","14":"tag-fr","15":"tag-france","16":"tag-hauts-de-france","17":"tag-lille","18":"tag-news","19":"tag-republique-francaise","20":"tag-societe"},"share_on_mastodon":{"url":"https:\/\/pubeurope.com\/@fr\/115411782556338574","error":""},"_links":{"self":[{"href":"https:\/\/www.europesays.com\/fr\/wp-json\/wp\/v2\/posts\/479287","targetHints":{"allow":["GET"]}}],"collection":[{"href":"https:\/\/www.europesays.com\/fr\/wp-json\/wp\/v2\/posts"}],"about":[{"href":"https:\/\/www.europesays.com\/fr\/wp-json\/wp\/v2\/types\/post"}],"author":[{"embeddable":true,"href":"https:\/\/www.europesays.com\/fr\/wp-json\/wp\/v2\/users\/2"}],"replies":[{"embeddable":true,"href":"https:\/\/www.europesays.com\/fr\/wp-json\/wp\/v2\/comments?post=479287"}],"version-history":[{"count":0,"href":"https:\/\/www.europesays.com\/fr\/wp-json\/wp\/v2\/posts\/479287\/revisions"}],"wp:featuredmedia":[{"embeddable":true,"href":"https:\/\/www.europesays.com\/fr\/wp-json\/wp\/v2\/media\/479288"}],"wp:attachment":[{"href":"https:\/\/www.europesays.com\/fr\/wp-json\/wp\/v2\/media?parent=479287"}],"wp:term":[{"taxonomy":"category","embeddable":true,"href":"https:\/\/www.europesays.com\/fr\/wp-json\/wp\/v2\/categories?post=479287"},{"taxonomy":"post_tag","embeddable":true,"href":"https:\/\/www.europesays.com\/fr\/wp-json\/wp\/v2\/tags?post=479287"}],"curies":[{"name":"wp","href":"https:\/\/api.w.org\/{rel}","templated":true}]}}