{"id":479291,"date":"2025-10-21T10:54:11","date_gmt":"2025-10-21T10:54:11","guid":{"rendered":"https:\/\/www.europesays.com\/fr\/479291\/"},"modified":"2025-10-21T10:54:11","modified_gmt":"2025-10-21T10:54:11","slug":"un-jeune-homme-sauve-une-femme-du-suicide-apres-sa-chute-du-4e-etage-dun-immeuble","status":"publish","type":"post","link":"https:\/\/www.europesays.com\/fr\/479291\/","title":{"rendered":"un jeune homme sauve une femme du suicide apr\u00e8s sa chute du 4e \u00e9tage d\u2019un immeuble"},"content":{"rendered":"<p>\n    <strong>T\u00c9MOIGNAGE<\/strong> &#8211; L. a port\u00e9 secours \u00e0 une femme qui tentait de se suicider en se jetant d\u2019un immeuble du 10e arrondissement. Il a \u00e9t\u00e9 bless\u00e9 en r\u00e9ceptionnant la victime, d\u00e9sormais hors de danger.<\/p>\n<p class=\"fig-paragraph\">\u00abJ\u2019ai mal, mais je suis fier de moi\u00bb, r\u00e9sum\u00e9 sobrement L., au lendemain d\u2019un sauvetage qui restera assur\u00e9ment grav\u00e9 dans sa m\u00e9moire. Dimanche dans la soir\u00e9e, ce jeune fran\u00e7ais de 28 ans et d\u2019origine ivoirienne est devenu un h\u00e9ros malgr\u00e9 lui en sauvant une femme d\u2019une\u00a0<a href=\"http:\/\/www.lefigaro.fr\/nice\/nice-une-jeune-femme-violee-apres-une-tentative-de-suicide-20250722\" data-fig-type=\"NewsFlash\" data-gtm-custom-categorie=\"navigation\" data-gtm-custom-action=\"crossclick\" data-gtm-custom-label=\"Contextuel\" data-gtm-event=\"customEventSPE\" data-fig-domain=\"LEFIGARO\" target=\"_blank\" rel=\"noopener\">tentative de suicide<\/a>\u00a0intervenue en pleine rue \u00e0 Marseille.<\/p>\n<p class=\"fig-paragraph\">\u00abJ\u2019\u00e9tais convi\u00e9 \u00e0 un pot de d\u00e9part pr\u00e9vu \u00e0 19 heures dans le 10e arrondissement. J\u2019ai demand\u00e9 si je pouvais venir un peu avant car j\u2019\u00e9tais de retour \u00e0 Marseille. C\u2019est lorsque je me suis gar\u00e9 en voiture en bas que j\u2019ai entendu des cris\u00bb, t\u00e9moigne L. aupr\u00e8s du Figaro. En levant la t\u00eate, le jeune homme aper\u00e7oit alors une femme se tenir \u00e0 la rambarde d\u2019un balcon. \u00abJ\u2019entendais des gens hurler \u201cAidez-nous\u00a0!\u201d et j\u2019ai vu des pieds dans le vide, puis une dame qui essayait d\u2019attraper son amie depuis le quatri\u00e8me \u00e9tage d\u2019un immeuble\u00bb, poursuit L., encore marqu\u00e9 par ce qu\u2019il a v\u00e9cu.<\/p>\n<p>                                    <a class=\"fig-a11y-skip a11y-hidden\" href=\"#fig-a11y-skip-main-inarticle\"><br \/>\n        Passer la publicit\u00e9<br \/>\n    <\/a><\/p>\n<p>Trou de m\u00e9moire<\/p>\n<p class=\"fig-paragraph\">\u00abJ\u2019\u00e9tais seul en bas et je me suis demand\u00e9 ce que j\u2019allais faire. Quelqu\u2019un a dit d\u2019envoyer des coussins, et c\u2019est l\u00e0 que j\u2019ai vu la femme regarder en arri\u00e8re avant de basculer. Je ne sais pas comment j\u2019ai fait, mais je l\u2019ai r\u00e9ceptionn\u00e9e et on a \u00e9t\u00e9 projet\u00e9 tous les deux en arri\u00e8re. C\u2019est all\u00e9 tr\u00e8s vite, je n\u2019ai pas eu le temps de r\u00e9agir\u00bb, souffle le sauveur, qui explique ne pas se souvenir de ces quelques instants cruciaux.<\/p>\n<p class=\"fig-paragraph\">Lui et la victime, qui tentait de mettre fin \u00e0 ses jours sur fond de d\u00e9ception sentimentale selon nos confr\u00e8res de\u00a0<a href=\"https:\/\/www.laprovence.com\/article\/faits-divers-justice\/4712258274754314\/un-jeune-homme-sauve-une-femme-suicidaire-et-se-blesse-durant-cet-acte-heroique-a-marseille\" target=\"_blank\" rel=\"sponsored noopener\" data-gtm-custom-categorie=\"navigation\" data-gtm-custom-action=\"crossclick\" data-gtm-custom-label=\"Contextuel\" data-gtm-event=\"customEventSPE\">La Provence<\/a>, ont \u00e9t\u00e9 pris en charge par les secours. L. souffre d\u2019une double fracture de la mall\u00e9ole mais leurs jours ne sont pas en danger d\u2019apr\u00e8s les\u00a0<a href=\"http:\/\/www.lefigaro.fr\/marseille\/marseille-un-cadavre-repeche-par-les-marins-pompiers-dans-le-vieux-port-20251017\" data-fig-type=\"NewsFlash\" data-gtm-custom-categorie=\"navigation\" data-gtm-custom-action=\"crossclick\" data-gtm-custom-label=\"Contextuel\" data-gtm-event=\"customEventSPE\" data-fig-domain=\"LEFIGARO\" target=\"_blank\" rel=\"noopener\">marins-pompiers de Marseille<\/a>. \u00abElle a quelques blessures, mais rien de grave. De mon c\u00f4t\u00e9, je reste un peu bloqu\u00e9 psychologiquement par ce moment. Je n\u2019avais pas eu la sensation qu\u2019elle \u00e9tait sauv\u00e9e. J\u2019ai toujours en t\u00eate l\u2019image d\u2019elle qui tombe et de moi qui me demande si je devais y aller ou non\u00bb, poursuit-il.<\/p>\n<p class=\"fig-paragraph\">\u00abSi elle \u00e9tait tomb\u00e9e diff\u00e9remment, j\u2019aurais pu ne plus \u00eatre l\u00e0 pour en parler aujourd\u2019hui. Mais si je suis l\u00e0, ce n\u2019est pas pour rien. Il ne faut pas avoir peur de s\u2019entraider\u00bb, soutient L., qui n\u2019a pas encore pu rencontrer celle qu\u2019il a sauv\u00e9e mais a d\u00e9j\u00e0 re\u00e7u des f\u00e9licitations de la part des forces de l\u2019ordre.<\/p>\n","protected":false},"excerpt":{"rendered":"T\u00c9MOIGNAGE &#8211; L. a port\u00e9 secours \u00e0 une femme qui tentait de se suicider en se jetant d\u2019un&hellip;\n","protected":false},"author":2,"featured_media":479292,"comment_status":"","ping_status":"","sticky":false,"template":"","format":"standard","meta":{"footnotes":""},"categories":[2814],"tags":[1111,11,1777,674,1011,27,884,12,882,25,7342,5748],"class_list":{"0":"post-479291","1":"post","2":"type-post","3":"status-publish","4":"format-standard","5":"has-post-thumbnail","7":"category-marseille","8":"tag-actu","9":"tag-actualites","10":"tag-eu","11":"tag-europe","12":"tag-fr","13":"tag-france","14":"tag-marseille","15":"tag-news","16":"tag-provence-alpes-cote-dazur","17":"tag-republique-francaise","18":"tag-secours","19":"tag-suicide"},"share_on_mastodon":{"url":"https:\/\/pubeurope.com\/@fr\/115411790489471129","error":""},"_links":{"self":[{"href":"https:\/\/www.europesays.com\/fr\/wp-json\/wp\/v2\/posts\/479291","targetHints":{"allow":["GET"]}}],"collection":[{"href":"https:\/\/www.europesays.com\/fr\/wp-json\/wp\/v2\/posts"}],"about":[{"href":"https:\/\/www.europesays.com\/fr\/wp-json\/wp\/v2\/types\/post"}],"author":[{"embeddable":true,"href":"https:\/\/www.europesays.com\/fr\/wp-json\/wp\/v2\/users\/2"}],"replies":[{"embeddable":true,"href":"https:\/\/www.europesays.com\/fr\/wp-json\/wp\/v2\/comments?post=479291"}],"version-history":[{"count":0,"href":"https:\/\/www.europesays.com\/fr\/wp-json\/wp\/v2\/posts\/479291\/revisions"}],"wp:featuredmedia":[{"embeddable":true,"href":"https:\/\/www.europesays.com\/fr\/wp-json\/wp\/v2\/media\/479292"}],"wp:attachment":[{"href":"https:\/\/www.europesays.com\/fr\/wp-json\/wp\/v2\/media?parent=479291"}],"wp:term":[{"taxonomy":"category","embeddable":true,"href":"https:\/\/www.europesays.com\/fr\/wp-json\/wp\/v2\/categories?post=479291"},{"taxonomy":"post_tag","embeddable":true,"href":"https:\/\/www.europesays.com\/fr\/wp-json\/wp\/v2\/tags?post=479291"}],"curies":[{"name":"wp","href":"https:\/\/api.w.org\/{rel}","templated":true}]}}