{"id":479309,"date":"2025-10-21T11:03:11","date_gmt":"2025-10-21T11:03:11","guid":{"rendered":"https:\/\/www.europesays.com\/fr\/479309\/"},"modified":"2025-10-21T11:03:11","modified_gmt":"2025-10-21T11:03:11","slug":"a-force-de-regarder-vers-louest-la-russie-risque-de-perdre-lest","status":"publish","type":"post","link":"https:\/\/www.europesays.com\/fr\/479309\/","title":{"rendered":"\u00c0 force de regarder vers l&rsquo;ouest, la Russie risque de perdre l&rsquo;est"},"content":{"rendered":"<p>Quand l&rsquo;alliance devient d\u00e9pendance<\/p>\n<p class=\"text-left ap-StoryElement ap-StoryElement--mb ap-StoryText\">Officiellement, <a href=\"https:\/\/www.lalibre.be\/economie\/conjoncture\/2025\/09\/02\/gazprom-va-ecouler-des-volumes-gigantesques-de-gaz-en-chine-une-victoire-pour-moscou-XFBTH7Z3E5B2NJUZONDZN7JHEU\/\" target=\"_self\" rel=\"noopener\">la Russie parle de coop\u00e9ration<\/a>. En r\u00e9alit\u00e9, c&rsquo;est une d\u00e9pendance croissante qui s&rsquo;installe. Priv\u00e9e de son acc\u00e8s aux technologies et <a href=\"https:\/\/www.lalibre.be\/international\/europe\/2025\/09\/20\/la-commission-propose-davancer-linterdiction-de-gnl-russe-a-debut-2027-il-est-temps-de-fermer-le-robinet-ZP3Y7FSDCNH2ZOSRHJJ277ZW2A\/\" target=\"_self\" rel=\"noopener\">march\u00e9s occidentaux<\/a>, Moscou s&rsquo;est tourn\u00e9e vers ses voisins asiatiques pour tenir le choc \u00e9conomique et militaire. En 2023, les \u00e9changent commerciaux entre la Russie et la Chine ont atteint un niveau record de 240 milliards de dollars (221,78 milliards d&rsquo;euros) selon les chiffres de l&rsquo;agence Reuters. P\u00e9kin est ainsi devenue, en quelques mois, le premier partenaire commercial de Moscou. Mais cette relation a un prix. Et il se paie, entre autres, \u00e0 Vladivostok, Khabarovsk ou Sakhaline, loin des regards europ\u00e9ens.<\/p>\n<p><a href=\"https:\/\/www.lalibre.be\/international\/europe\/guerre-ukraine-russie\/2025\/09\/25\/la-chine-aide-t-elle-la-russie-dans-la-conception-de-drones-une-enquete-laffirme-malgre-les-denegations-de-pekin-E5YJ6TPWB5AI5NQ3ON5DNOH3IU\/\" target=\"_blank\" rel=\"noopener noreferrer\" class=\"ap-StoryInterstitialLink ap-StoryElement ap-StoryElement--mb\">La Chine aide-t-elle la Russie dans la conception de drones ? Une enqu\u00eate l&rsquo;affirme, malgr\u00e9 les d\u00e9n\u00e9gations de P\u00e9kin<\/a><\/p>\n<p class=\"ap-StoryElement ap-StoryElement--mb ap-StoryText\">D&rsquo;apr\u00e8s les estimations du Service de renseignement ext\u00e9rieur ukrainien, plusieurs milliards de roubles d&rsquo;investissements chinois sont inject\u00e9s dans l&rsquo;Extr\u00eame-Orient russe, souvent sans v\u00e9ritable contrepartie strat\u00e9gique pour le Kremlin. Il ne s&rsquo;agit pas de d\u00e9veloppement d&rsquo;infrastructures durables, mais de flux commerciaux, d&rsquo;implantations locales et de prise de contr\u00f4le progressive des circuits \u00e9conomiques.<\/p>\n<p class=\"ap-StoryElement ap-StoryElement--mb ap-StoryText\">Et ce mouvement ne concerne pas seulement les entreprises. Pr\u00e8s de deux millions de ressortissants chinois vivraient aujourd&rsquo;hui dans la r\u00e9gion. Gr\u00e2ce \u00e0 des r\u00e9gimes de visas souples et des zones attractives, certains districts russes ressemblent d\u00e9sormais davantage \u00e0 des extensions \u00e9conomiques de la Chine qu&rsquo;\u00e0 des bastions russes.<\/p>\n<p class=\"ap-StoryElement ap-StoryElement--mb ap-StoryText\">Une \u00e9volution pr\u00e9occupante pour le Kremlin qui, selon Kiev, transforme cette r\u00e9gion strat\u00e9gique en zone d&rsquo;influence partag\u00e9e entre deux puissances nucl\u00e9aires.<\/p>\n<p>La Cor\u00e9e du Nord s&rsquo;incruste \u00e9galement<\/p>\n<p class=\"ap-StoryElement ap-StoryElement--mb ap-StoryText\">Pendant que P\u00e9kin alimente le circuit de capital, la Cor\u00e9e du Nord, elle, fournit les bras. Officiellement, 15 000 Nord-Cor\u00e9ens ont \u00e9t\u00e9 envoy\u00e9s travailler dans l&rsquo;Extr\u00eame-Orient russe ces douze derniers mois. Officieusement, ce chiffre serait trois fois plus \u00e9lev\u00e9. Ces travailleurs, souvent cantonn\u00e9s \u00e0 des t\u00e2ches p\u00e9nibles et peu r\u00e9mun\u00e9r\u00e9es, rapportent \u00e0 Pyongyang jusqu&rsquo;\u00e0 500 millions de dollars par an, selon le rapport ukrainien.<\/p>\n<p><a href=\"https:\/\/www.lalibre.be\/international\/europe\/guerre-ukraine-russie\/2025\/09\/03\/deux-allies-minutieusement-choisis-une-grande-premiere-mais-des-piques-de-trump-et-leurope-ce-quil-faut-retenir-de-la-demonstration-de-force-de-xi-SWCRTY5MEBCUTIWU533EGFCPBU\/\" target=\"_blank\" rel=\"noopener noreferrer\" class=\"ap-StoryInterstitialLink ap-StoryElement ap-StoryElement--mb\">Invit\u00e9 d&rsquo;honneur \u00e0 P\u00e9kin, Vladimir Poutine peut compter sur le soutien de la Chine et de la Cor\u00e9e du Nord<\/a><\/p>\n<p class=\"text-left ap-StoryElement ap-StoryElement--mb ap-StoryText\">Une main-d&rsquo;\u0153uvre exploit\u00e9e, mais <a href=\"https:\/\/www.lalibre.be\/international\/europe\/guerre-ukraine-russie\/2025\/09\/03\/deux-allies-minutieusement-choisis-une-grande-premiere-mais-des-piques-de-trump-et-leurope-ce-quil-faut-retenir-de-la-demonstration-de-force-de-xi-SWCRTY5MEBCUTIWU533EGFCPBU\/\" target=\"_self\" rel=\"noopener\">accept\u00e9e par Moscou<\/a> pour pallier la crise d\u00e9mographique et le manque criant de travailleurs dans la r\u00e9gion.<\/p>\n<p>Une souverainet\u00e9 grignot\u00e9e<\/p>\n<p class=\"ap-StoryElement ap-StoryElement--mb ap-StoryText\">L&rsquo;inqui\u00e9tude, c\u00f4t\u00e9 russe, est palpable. Et pour cause : 40 % du territoire national se trouve \u00e0 l&rsquo;est de l&rsquo;Oural. Ce sont 7 millions de kilom\u00e8tres carr\u00e9s que le Kremlin peine \u00e0 administrer, prot\u00e9ger et d\u00e9velopper. En se reposant sur la Chine et la Cor\u00e9e du Nord, Moscou affaiblit son contr\u00f4le sur cette r\u00e9gion cl\u00e9.<\/p>\n<p class=\"ap-StoryElement ap-StoryElement--mb ap-StoryText\">Le risque ? Une vassalisation progressive, o\u00f9 P\u00e9kin exercerait une domination \u00e9conomique de fait, pendant que Pyongyang structurerait des r\u00e9seaux de d\u00e9pendance sociale. \u00c0 long terme, cette dynamique pourrait redessiner l&rsquo;\u00e9quilibre g\u00e9opolitique de l&rsquo;Asie du Nord-Est, en \u00e9cartant la Russie de sa propre arri\u00e8re-cour.<\/p>\n","protected":false},"excerpt":{"rendered":"Quand l&rsquo;alliance devient d\u00e9pendance Officiellement, la Russie parle de coop\u00e9ration. En r\u00e9alit\u00e9, c&rsquo;est une d\u00e9pendance croissante qui s&rsquo;installe.&hellip;\n","protected":false},"author":2,"featured_media":479310,"comment_status":"","ping_status":"","sticky":false,"template":"","format":"standard","meta":{"footnotes":""},"categories":[1591],"tags":[11,21332,1887,1227,12,1885,1886,132],"class_list":{"0":"post-479309","1":"post","2":"type-post","3":"status-publish","4":"format-standard","5":"has-post-thumbnail","7":"category-russie","8":"tag-actualites","9":"tag-diplomacy","10":"tag-federation-de-russie","11":"tag-horizontal","12":"tag-news","13":"tag-russia","14":"tag-russian-federation","15":"tag-russie"},"share_on_mastodon":{"url":"","error":""},"_links":{"self":[{"href":"https:\/\/www.europesays.com\/fr\/wp-json\/wp\/v2\/posts\/479309","targetHints":{"allow":["GET"]}}],"collection":[{"href":"https:\/\/www.europesays.com\/fr\/wp-json\/wp\/v2\/posts"}],"about":[{"href":"https:\/\/www.europesays.com\/fr\/wp-json\/wp\/v2\/types\/post"}],"author":[{"embeddable":true,"href":"https:\/\/www.europesays.com\/fr\/wp-json\/wp\/v2\/users\/2"}],"replies":[{"embeddable":true,"href":"https:\/\/www.europesays.com\/fr\/wp-json\/wp\/v2\/comments?post=479309"}],"version-history":[{"count":0,"href":"https:\/\/www.europesays.com\/fr\/wp-json\/wp\/v2\/posts\/479309\/revisions"}],"wp:featuredmedia":[{"embeddable":true,"href":"https:\/\/www.europesays.com\/fr\/wp-json\/wp\/v2\/media\/479310"}],"wp:attachment":[{"href":"https:\/\/www.europesays.com\/fr\/wp-json\/wp\/v2\/media?parent=479309"}],"wp:term":[{"taxonomy":"category","embeddable":true,"href":"https:\/\/www.europesays.com\/fr\/wp-json\/wp\/v2\/categories?post=479309"},{"taxonomy":"post_tag","embeddable":true,"href":"https:\/\/www.europesays.com\/fr\/wp-json\/wp\/v2\/tags?post=479309"}],"curies":[{"name":"wp","href":"https:\/\/api.w.org\/{rel}","templated":true}]}}