{"id":479311,"date":"2025-10-21T11:04:11","date_gmt":"2025-10-21T11:04:11","guid":{"rendered":"https:\/\/www.europesays.com\/fr\/479311\/"},"modified":"2025-10-21T11:04:11","modified_gmt":"2025-10-21T11:04:11","slug":"les-europeens-veulent-faire-pression-sur-trump-avant-sa-rencontre-avec-poutine","status":"publish","type":"post","link":"https:\/\/www.europesays.com\/fr\/479311\/","title":{"rendered":"les\u00a0Europ\u00e9ens veulent faire pression sur\u00a0Trump avant sa rencontre avec Poutine"},"content":{"rendered":"<p>Les principaux dirigeants europ\u00e9ens ont publi\u00e9, ce mardi 21\u00a0octobre, un communiqu\u00e9 commun avec <a class=\"Link\" href=\"https:\/\/www.lepoint.fr\/tags\/volodymyr-zelensky\" data-gtm=\"click:capsule\" data-capsule=\"Lien\" target=\"_blank\" rel=\"noopener\">Volodymyr Zelensky<\/a>. Une d\u00e9claration qui sonne comme une tentative de reprise en main du dossier ukrainien\u00a0alors que <a class=\"Link\" href=\"https:\/\/www.lepoint.fr\/monde\/rencontre-trump-poutine-a-budapest-la-consecration-de-viktor-orban-17-10-2025-2601163_24.php\" title=\"\" data-gtm=\"click:capsule\" data-capsule=\"Lien\" target=\"_blank\" rel=\"noopener\">Donald Trump s&rsquo;appr\u00eate \u00e0 rencontrer Vladimir Poutine \u00e0 Budapest<\/a> dans les quinze jours qui viennent, sans la pr\u00e9sence des Europ\u00e9ens.<\/p>\n<p>Le texte, sign\u00e9 par le pr\u00e9sident ukrainien aux c\u00f4t\u00e9s du Britannique\u00a0Keir Starmer, du chancelier allemand Friedrich Merz, du pr\u00e9sident Emmanuel Macron, de l&rsquo;Italienne Giorgia Meloni, du Polonais Donald Tusk, de la pr\u00e9sidente de la Commission Ursula von der Leyen, du pr\u00e9sident du Conseil Antonio Costa, du Premier ministre norv\u00e9gien Jonas Gahr Store, du pr\u00e9sident finlandais\u00a0Alexander Stubb et de la Premi\u00e8re ministre danoise\u00a0Mette Frederiksen, marque un \u00e9&#8230;<\/p>\n<p>Toute l\u2019actualit\u00e9 \u00e0 1\u20ac le premier mois<\/p>\n<p><a href=\"https:\/\/abo.lepoint.fr\/?provenance=21EDI020098\" class=\"btn\" title=\"S&#039;abonner\" data-gtm=\"click:abo|display:abo\" data-campaign=\"paywall_maison\" target=\"_blank\" rel=\"noopener\">S&rsquo;abonner<\/a><\/p>\n<p>ou<\/p>\n","protected":false},"excerpt":{"rendered":"Les principaux dirigeants europ\u00e9ens ont publi\u00e9, ce mardi 21\u00a0octobre, un communiqu\u00e9 commun avec Volodymyr Zelensky. Une d\u00e9claration qui&hellip;\n","protected":false},"author":2,"featured_media":479312,"comment_status":"","ping_status":"","sticky":false,"template":"","format":"standard","meta":{"footnotes":""},"categories":[1590],"tags":[11,75,1073,1777,674,12,220,364,134],"class_list":{"0":"post-479311","1":"post","2":"type-post","3":"status-publish","4":"format-standard","5":"has-post-thumbnail","7":"category-ukraine","8":"tag-actualites","9":"tag-donald-trump","10":"tag-emmanuel-macron","11":"tag-eu","12":"tag-europe","13":"tag-news","14":"tag-ukraine","15":"tag-union-europeenne","16":"tag-volodymyr-zelensky"},"share_on_mastodon":{"url":"https:\/\/pubeurope.com\/@fr\/115411829939742308","error":""},"_links":{"self":[{"href":"https:\/\/www.europesays.com\/fr\/wp-json\/wp\/v2\/posts\/479311","targetHints":{"allow":["GET"]}}],"collection":[{"href":"https:\/\/www.europesays.com\/fr\/wp-json\/wp\/v2\/posts"}],"about":[{"href":"https:\/\/www.europesays.com\/fr\/wp-json\/wp\/v2\/types\/post"}],"author":[{"embeddable":true,"href":"https:\/\/www.europesays.com\/fr\/wp-json\/wp\/v2\/users\/2"}],"replies":[{"embeddable":true,"href":"https:\/\/www.europesays.com\/fr\/wp-json\/wp\/v2\/comments?post=479311"}],"version-history":[{"count":0,"href":"https:\/\/www.europesays.com\/fr\/wp-json\/wp\/v2\/posts\/479311\/revisions"}],"wp:featuredmedia":[{"embeddable":true,"href":"https:\/\/www.europesays.com\/fr\/wp-json\/wp\/v2\/media\/479312"}],"wp:attachment":[{"href":"https:\/\/www.europesays.com\/fr\/wp-json\/wp\/v2\/media?parent=479311"}],"wp:term":[{"taxonomy":"category","embeddable":true,"href":"https:\/\/www.europesays.com\/fr\/wp-json\/wp\/v2\/categories?post=479311"},{"taxonomy":"post_tag","embeddable":true,"href":"https:\/\/www.europesays.com\/fr\/wp-json\/wp\/v2\/tags?post=479311"}],"curies":[{"name":"wp","href":"https:\/\/api.w.org\/{rel}","templated":true}]}}