{"id":479315,"date":"2025-10-21T11:06:11","date_gmt":"2025-10-21T11:06:11","guid":{"rendered":"https:\/\/www.europesays.com\/fr\/479315\/"},"modified":"2025-10-21T11:06:11","modified_gmt":"2025-10-21T11:06:11","slug":"plus-dun-tiers-des-citoyens-europeens-se-disent-discrimines","status":"publish","type":"post","link":"https:\/\/www.europesays.com\/fr\/479315\/","title":{"rendered":"Plus d\u2019un tiers des citoyens europ\u00e9ens se disent discrimin\u00e9s"},"content":{"rendered":"\n<p>Un rapport de l\u2019Independent Monitoring Authority (IMA), cit\u00e9 par <a class=\"ithalc\" data-ithal=\"lien_externe\" data-ithalc=\"[nav_article]\" target=\"_blank\" href=\"https:\/\/www.theguardian.com\/politics\/2025\/oct\/01\/at-least-a-third-of-eu-citizens-in-uk-report-discrimination-by-public-bodies?utm_source=chatgpt.com\" rel=\"nofollow noopener\"><strong>The Guardian<\/strong><\/a><strong>, <\/strong>r\u00e9v\u00e8le que plus d\u2019un tiers des citoyens de l\u2019Union europ\u00e9enne r\u00e9sidant au Royaume-Uni depuis le Brexit font \u00e9tat de discriminations de la part de l\u2019administration et rencontrent des difficult\u00e9s pour exercer leurs droits fondamentaux, notamment en mati\u00e8re de travail, de mobilit\u00e9 et d\u2019acc\u00e8s aux services publics. L\u2019IMA est l\u2019organisme officiel cr\u00e9\u00e9 par le Withdrawal Act 2020 pour surveiller le respect des droits des citoyens europ\u00e9ens au Royaume-Uni. Sa mission consiste \u00e0 s\u2019assurer que les r\u00e9sidents de l\u2019UE, de l\u2019Espace \u00e9conomique europ\u00e9en et de l\u2019AELE \u2013 d\u00e9tenteurs du statut \u201csettled\u201d ou \u201cpre-settled\u201d \u2013 puissent vivre, travailler, acc\u00e9der aux soins de sant\u00e9 et aux prestations sociales, et pr\u00e9parer leur retraite dans le cadre l\u00e9gal \u00e9tabli apr\u00e8s le Brexit. L\u2019IMA suit r\u00e9guli\u00e8rement les exp\u00e9riences des citoyens europ\u00e9ens depuis 2021.<\/p>\n<p>Son dernier rapport souligne que pr\u00e8s de 40\u00a0% des r\u00e9pondants n\u2019ont pas demand\u00e9 le statut de r\u00e9sident permanent pour leurs enfants, et plus de 70\u00a0% d\u2019entre eux pensaient que leurs enfants avaient automatiquement droit \u00e0 la citoyennet\u00e9 britannique. Par ailleurs, un quart des sond\u00e9s se plaignent que leurs qualifications professionnelles, telles que la comptabilit\u00e9 ou l\u2019architecture, ne sont pas reconnues, ce qui entrave leur int\u00e9gration professionnelle.<\/p>\n<p>Face \u00e0 ces d\u00e9fis, plus de la moiti\u00e9 des personnes interrog\u00e9es souhaitent que l\u2019IMA les aide \u00e0 maintenir leurs droits, notamment en ce qui concerne la libert\u00e9 de circulation \u201csans inqui\u00e9tude\u201d, et \u00e0 garantir un soutien pour les g\u00e9n\u00e9rations futures. Ce rapport met en lumi\u00e8re les obstacles persistants auxquels sont confront\u00e9s les expatri\u00e9s europ\u00e9ens au Royaume-Uni, malgr\u00e9 les avanc\u00e9es l\u00e9gislatives post-Brexit. Il souligne la n\u00e9cessit\u00e9 d\u2019une vigilance continue pour garantir l\u2019\u00e9galit\u00e9 de traitement et la reconnaissance des droits des citoyens europ\u00e9ens r\u00e9sidant dans le pays.<\/p>\n","protected":false},"excerpt":{"rendered":"Un rapport de l\u2019Independent Monitoring Authority (IMA), cit\u00e9 par The Guardian, r\u00e9v\u00e8le que plus d\u2019un tiers des citoyens&hellip;\n","protected":false},"author":2,"featured_media":479316,"comment_status":"","ping_status":"","sticky":false,"template":"","format":"standard","meta":{"footnotes":""},"categories":[1588],"tags":[11,1353,1856,1777,674,4315,12,473,1853,1851,1850,1852],"class_list":{"0":"post-479315","1":"post","2":"type-post","3":"status-publish","4":"format-standard","5":"has-post-thumbnail","7":"category-royaume-uni","8":"tag-actualites","9":"tag-brexit","10":"tag-courrier-expat","11":"tag-eu","12":"tag-europe","13":"tag-expatriation","14":"tag-news","15":"tag-royaume-uni","16":"tag-royaume-uni-de-grande-bretagne-et-dirlande-du-nord","17":"tag-uk","18":"tag-united-kingdom","19":"tag-united-kingdom-of-great-britain-and-northern-ireland"},"share_on_mastodon":{"url":"https:\/\/pubeurope.com\/@fr\/115411837511245958","error":""},"_links":{"self":[{"href":"https:\/\/www.europesays.com\/fr\/wp-json\/wp\/v2\/posts\/479315","targetHints":{"allow":["GET"]}}],"collection":[{"href":"https:\/\/www.europesays.com\/fr\/wp-json\/wp\/v2\/posts"}],"about":[{"href":"https:\/\/www.europesays.com\/fr\/wp-json\/wp\/v2\/types\/post"}],"author":[{"embeddable":true,"href":"https:\/\/www.europesays.com\/fr\/wp-json\/wp\/v2\/users\/2"}],"replies":[{"embeddable":true,"href":"https:\/\/www.europesays.com\/fr\/wp-json\/wp\/v2\/comments?post=479315"}],"version-history":[{"count":0,"href":"https:\/\/www.europesays.com\/fr\/wp-json\/wp\/v2\/posts\/479315\/revisions"}],"wp:featuredmedia":[{"embeddable":true,"href":"https:\/\/www.europesays.com\/fr\/wp-json\/wp\/v2\/media\/479316"}],"wp:attachment":[{"href":"https:\/\/www.europesays.com\/fr\/wp-json\/wp\/v2\/media?parent=479315"}],"wp:term":[{"taxonomy":"category","embeddable":true,"href":"https:\/\/www.europesays.com\/fr\/wp-json\/wp\/v2\/categories?post=479315"},{"taxonomy":"post_tag","embeddable":true,"href":"https:\/\/www.europesays.com\/fr\/wp-json\/wp\/v2\/tags?post=479315"}],"curies":[{"name":"wp","href":"https:\/\/api.w.org\/{rel}","templated":true}]}}