{"id":479317,"date":"2025-10-21T11:07:11","date_gmt":"2025-10-21T11:07:11","guid":{"rendered":"https:\/\/www.europesays.com\/fr\/479317\/"},"modified":"2025-10-21T11:07:11","modified_gmt":"2025-10-21T11:07:11","slug":"lallemagne-a-besoin-dun-tournant-africain-selon-le-secteur-prive","status":"publish","type":"post","link":"https:\/\/www.europesays.com\/fr\/479317\/","title":{"rendered":"\u00ab\u00a0L\u2019Allemagne a besoin d\u2019un tournant africain\u00a0\u00bb, selon le secteur priv\u00e9"},"content":{"rendered":"<p>\u00ab\u00a0L\u2019Allemagne a besoin d\u2019un tournant africain \u2013 et c\u2019est maintenant\u00a0\u00bb. C\u2019est ce que pr\u00e9conise un rapport publi\u00e9 le 15 octobre dernier par l\u2019Initiative Afrique subsaharienne de l\u2019\u00e9conomie allemande (SAFRI), principal organe de coordination du secteur priv\u00e9 allemand pour la r\u00e9gion.<\/p>\n<p>D\u2019apr\u00e8s le document, ce virage s\u2019impose alors que le protectionnisme des \u00c9tats-Unis se renforce et que l\u2019influence de la Chine, notamment dans le secteur des minerais critiques, ne cesse de s\u2019affirmer.<\/p>\n<p>\u00ab Les d\u00e9pendances unilat\u00e9rales \u00e0 l&rsquo;\u00e9gard des importations, en particulier celles provenant de Chine, comportent des risques consid\u00e9rables : aujourd&rsquo;hui d\u00e9j\u00e0, les arr\u00eats des exportations chinoises entra\u00eenent une baisse de la production en Allemagne et menacent ainsi l&rsquo;industrie europ\u00e9enne\u00a0\u00bb,\u00a0indique le rapport.\u00a0<\/p>\n<p>Face \u00e0 ses \u00e9volutions, les auteurs soulignent que les d\u00e9cideurs allemands ont tout int\u00e9r\u00eat \u00e0 se tourner vers le continent africain pour non seulement diversifier leurs sources d\u2019approvisionnement en mati\u00e8res premi\u00e8res, mais aussi tirer le meilleur parti des opportunit\u00e9s qui s\u2019y annoncent.<\/p>\n<p><strong>Changer de paradigme<\/strong>&#13;\n<\/p>\n<p>Si dans la premi\u00e8re puissance de la zone euro, les d\u00e9bats \u00e0 propos de l\u2019Afrique continuent de tourner autour des risques li\u00e9s \u00e0 l\u2019investissement et \u00e0 l\u2019aide au d\u00e9veloppement, les auteurs estiment que le continent est l\u2019un des principaux p\u00f4les de croissance au monde, affichant des avanc\u00e9es sur le plan industriel et technologique.<\/p>\n<p>Dans un tel contexte, ceux-ci appellent les acteurs allemands \u00e0 un changement de paradigme qui suppose d\u00e9sormais de consid\u00e9rer l\u2019Afrique comme un \u00ab\u00a0march\u00e9 strat\u00e9gique d\u2019avenir\u00a0\u00bb afin d\u2019y \u00e9tablir des partenariats et b\u00e9n\u00e9ficier de nouveaux relais de croissance. Selon le rapport, un nouveau cadre de coop\u00e9ration Allemagne-Afrique peut s\u2019appuyer sur plusieurs axes strat\u00e9giques.<\/p>\n<p>Il s\u2019agit notamment de la conclusion d\u2019accords de partenariats bilat\u00e9raux dans les mati\u00e8res premi\u00e8res critiques comme le lithium, le cuivre et le cobalt en impliquant les entreprises allemandes, ainsi qu\u2019un renforcement du soutien du gouvernement allemand \u00e0 l\u2019int\u00e9gration r\u00e9gionale et \u00e0 la Zone de libre-\u00e9change continentale africaine (ZLECAf). A cela s\u2019ajoute, d\u2019apr\u00e8s les auteurs, la mise sur pied de programmes de transfert de technologies et de partenariats de comp\u00e9tences \u00e0 travers notamment la cr\u00e9ation de centres germano-africains de technologie et de formation.<\/p>\n<p><strong>Des \u00e9changes commerciaux encore en demi-teinte<\/strong>&#13;\n<\/p>\n<p>Cette recommandation du rapport sur l\u2019am\u00e9lioration de la coop\u00e9ration entre l\u2019Allemagne et l\u2019Afrique intervient dans un contexte o\u00f9 les \u00e9changes restent faibles entre les deux partenaires.<\/p>\n<p>Selon les donn\u00e9es de la plateforme TradeMap du Centre du commerce international (ITC), les exportations allemandes vers l\u2019Afrique ont atteint 28,4 milliards $ en 2024, soit 1,7 % de ses ventes globales avec pour principaux march\u00e9s l\u2019Afrique du Sud, l\u2019Egypte, le Maroc, l\u2019Alg\u00e9rie et la Tunisie. D\u2019un autre c\u00f4t\u00e9, ses importations depuis le continent africain se sont \u00e9lev\u00e9es \u00e0 34,4 milliards $ durant l\u2019ann\u00e9e \u00e9coul\u00e9e (2,4 % de ses achats totaux dans le monde). \u00a0<\/p>\n<p>Sur ces derni\u00e8res ann\u00e9es, il faut noter plusieurs initiatives port\u00e9es directement par le gouvernement ou des institutions financi\u00e8res pour renforcer la pr\u00e9sence de la premi\u00e8re \u00e9conomie de l\u2019UE sur le continent africain. \u00a0<\/p>\n<p>En septembre 2023, le pays annon\u00e7ait son intention de mobiliser 450 millions d&rsquo;euros de nouveaux financements climatiques ax\u00e9s sur les \u00e9nergies renouvelables en faveur de plusieurs pays africains. Plus r\u00e9cemment le 8 octobre dernier, le S\u00e9n\u00e9gal et l\u2019Allemagne ont sign\u00e9 un accord financier de 17 millions d\u2019euros pour le projet de promotion de la formation professionnelle et de l\u2019emploi (PFPE 2).<\/p>\n","protected":false},"excerpt":{"rendered":"\u00ab\u00a0L\u2019Allemagne a besoin d\u2019un tournant africain \u2013 et c\u2019est maintenant\u00a0\u00bb. C\u2019est ce que pr\u00e9conise un rapport publi\u00e9 le&hellip;\n","protected":false},"author":2,"featured_media":479318,"comment_status":"","ping_status":"","sticky":false,"template":"","format":"standard","meta":{"footnotes":""},"categories":[1587],"tags":[17,11,60259,672,26269,1804,2837,1805,1803,1777,674,1801,3442,59387,12,1802,12779,15298,20381],"class_list":{"0":"post-479317","1":"post","2":"type-post","3":"status-publish","4":"format-standard","5":"has-post-thumbnail","7":"category-allemagne","8":"tag-17","9":"tag-actualites","10":"tag-africain","11":"tag-allemagne","12":"tag-besoin","13":"tag-bundesrepublik-deutschland","14":"tag-dun","15":"tag-de","16":"tag-deutschland","17":"tag-eu","18":"tag-europe","19":"tag-germany","20":"tag-lallemagne","21":"tag-la-tribune-afrique","22":"tag-news","23":"tag-republique-federale-dallemagne","24":"tag-secteur","25":"tag-selon","26":"tag-tournant"},"share_on_mastodon":{"url":"https:\/\/pubeurope.com\/@fr\/115411841625296929","error":""},"_links":{"self":[{"href":"https:\/\/www.europesays.com\/fr\/wp-json\/wp\/v2\/posts\/479317","targetHints":{"allow":["GET"]}}],"collection":[{"href":"https:\/\/www.europesays.com\/fr\/wp-json\/wp\/v2\/posts"}],"about":[{"href":"https:\/\/www.europesays.com\/fr\/wp-json\/wp\/v2\/types\/post"}],"author":[{"embeddable":true,"href":"https:\/\/www.europesays.com\/fr\/wp-json\/wp\/v2\/users\/2"}],"replies":[{"embeddable":true,"href":"https:\/\/www.europesays.com\/fr\/wp-json\/wp\/v2\/comments?post=479317"}],"version-history":[{"count":0,"href":"https:\/\/www.europesays.com\/fr\/wp-json\/wp\/v2\/posts\/479317\/revisions"}],"wp:featuredmedia":[{"embeddable":true,"href":"https:\/\/www.europesays.com\/fr\/wp-json\/wp\/v2\/media\/479318"}],"wp:attachment":[{"href":"https:\/\/www.europesays.com\/fr\/wp-json\/wp\/v2\/media?parent=479317"}],"wp:term":[{"taxonomy":"category","embeddable":true,"href":"https:\/\/www.europesays.com\/fr\/wp-json\/wp\/v2\/categories?post=479317"},{"taxonomy":"post_tag","embeddable":true,"href":"https:\/\/www.europesays.com\/fr\/wp-json\/wp\/v2\/tags?post=479317"}],"curies":[{"name":"wp","href":"https:\/\/api.w.org\/{rel}","templated":true}]}}