{"id":479319,"date":"2025-10-21T11:08:29","date_gmt":"2025-10-21T11:08:29","guid":{"rendered":"https:\/\/www.europesays.com\/fr\/479319\/"},"modified":"2025-10-21T11:08:29","modified_gmt":"2025-10-21T11:08:29","slug":"la-france-sappauvrit-le-plus-en-europe-geoffroy-roux-de-bezieux-adresse-un-serieux-avertissement","status":"publish","type":"post","link":"https:\/\/www.europesays.com\/fr\/479319\/","title":{"rendered":"\u00abLa France s&rsquo;appauvrit le plus en Europe\u00bb, Geoffroy Roux de B\u00e9zieux adresse un s\u00e9rieux avertissement"},"content":{"rendered":"<p>Invit\u00e9 l\u2019\u00e9mission <a href=\"https:\/\/www.tf1info.fr\/emissions\/lci\/face-a-darius-rochebin-13740\/\" rel=\"nofollow noopener\" target=\"_blank\">\u00abFace \u00e0 Darius Rochebin\u00bb sur LCI<\/a>, ce lundi 20 octobre, <a href=\"https:\/\/www.capital.fr\/economie-politique\/qu-elle-aille-aux-etats-unis-ou-en-chine-geoffroy-roux-de-bezieux-replique-a-sophie-binet-accusant-les-patrons-de-pleurnicher-1518349\" target=\"_blank\" rel=\"noopener\">Geoffroy Roux de Bezieux<\/a>, ancien pr\u00e9sident du Medef, a dress\u00e9 un tableau pr\u00e9occupant de l\u2019\u00e9conomie fran\u00e7aise. \u00abLes chiffres le prouvent, l\u2019Europe s\u2019appauvrit, et <strong>la France s\u2019appauvrit plus dans l\u2019Europe<\/strong>\u00bb, a-t-il alert\u00e9. Et de poursuivre : \u00abSur la d\u00e9pense publique, on peut avoir un niveau de d\u00e9pense publique \u00e9lev\u00e9, le Danemark n\u2019est pas tr\u00e8s loin de nous, mais le probl\u00e8me, c\u2019est que \u00e7a marche. Nous, la vraie diff\u00e9rence, c\u2019est qu\u2019on a un niveau de d\u00e9pense publique tr\u00e8s \u00e9lev\u00e9, mais on a des r\u00e9sultats des services publics &#8211; qui sont plus difficiles \u00e0 mesurer que des r\u00e9sultats de services priv\u00e9s &#8211; <strong>qui ne sont pas bons<\/strong>.\u00bb<\/p>\n<p>\u00ab<a href=\"https:\/\/www.capital.fr\/economie-politique\/nicolas-qui-paie-c-est-quoi-ce-buzz-sur-les-reseaux-sociaux-1514710\" target=\"_blank\" rel=\"noopener\">Je suis Nicolas qui paie<\/a>, si j\u2019ose dire\u00bb, a lanc\u00e9 l\u2019ancien <a href=\"https:\/\/www.capital.fr\/economie-politique\/la-suspension-de-la-reforme-des-retraites-est-un-cadeau-empoisonne-denonce-patrick-martin-medef-1519797\" target=\"_blank\" rel=\"noopener\">pr\u00e9sident du Medef<\/a>, en r\u00e9f\u00e9rence \u00e0 l\u2019expression devenue virale cet \u00e9t\u00e9 sur les r\u00e9seaux sociaux, symbole d\u2019un ras-le-bol fiscal croissant. Geoffroy Roux de B\u00e9zieux a ainsi d\u00e9fendu l\u2019id\u00e9e que le consentement \u00e0 l\u2019imp\u00f4t pourrait \u00eatre plus \u00e9lev\u00e9, y compris chez <a href=\"https:\/\/www.capital.fr\/economie-politique\/budget-2026-les-deputes-rejettent-en-commission-la-taxe-zucman-qui-sera-debattue-a-l-assemblee-1519834\" target=\"_blank\" rel=\"noopener\">les plus fortun\u00e9s<\/a> \u2014 dont il dit faire partie \u2014 si la d\u00e9pense publique \u00e9tait plus efficace.<\/p>\n<p>\u00ab\u00c7a ne marche pas !\u00bb<\/p>\n<p>\u00abVous avez dit tout \u00e0 l\u2019heure :\u2018Payer 37% quand vous gagnez plus de 250 000 euros, ce n\u2019est pas anormal\u2019. Oui, ce n\u2019est pas anormal, <strong>mais \u00e0 condition que \u00e7a marche<\/strong>. \u00c7a ne marche pas !\u00bb, a-t-il martel\u00e9. Derri\u00e8re cette critique de l\u2019inefficacit\u00e9 publique, c\u2019est tout le mod\u00e8le \u00e9conomique fran\u00e7ais qui est, selon Geoffroy Roux de B\u00e9zieux, \u00e0 repenser.<\/p>\n","protected":false},"excerpt":{"rendered":"Invit\u00e9 l\u2019\u00e9mission \u00abFace \u00e0 Darius Rochebin\u00bb sur LCI, ce lundi 20 octobre, Geoffroy Roux de Bezieux, ancien pr\u00e9sident&hellip;\n","protected":false},"author":2,"featured_media":479320,"comment_status":"","ping_status":"","sticky":false,"template":"","format":"standard","meta":{"footnotes":""},"categories":[1586],"tags":[11,60262,60261,1777,674,1011,27,60260,4803,12,25,36187],"class_list":{"0":"post-479319","1":"post","2":"type-post","3":"status-publish","4":"format-standard","5":"has-post-thumbnail","7":"category-europe","8":"tag-actualites","9":"tag-du00e9ficit-public","10":"tag-du00e9penses-publiques","11":"tag-eu","12":"tag-europe","13":"tag-fr","14":"tag-france","15":"tag-geoffroy-roux-de-bu00e9zieux","16":"tag-medef","17":"tag-news","18":"tag-republique-francaise","19":"tag-services-publics"},"share_on_mastodon":{"url":"https:\/\/pubeurope.com\/@fr\/115411845449945192","error":""},"_links":{"self":[{"href":"https:\/\/www.europesays.com\/fr\/wp-json\/wp\/v2\/posts\/479319","targetHints":{"allow":["GET"]}}],"collection":[{"href":"https:\/\/www.europesays.com\/fr\/wp-json\/wp\/v2\/posts"}],"about":[{"href":"https:\/\/www.europesays.com\/fr\/wp-json\/wp\/v2\/types\/post"}],"author":[{"embeddable":true,"href":"https:\/\/www.europesays.com\/fr\/wp-json\/wp\/v2\/users\/2"}],"replies":[{"embeddable":true,"href":"https:\/\/www.europesays.com\/fr\/wp-json\/wp\/v2\/comments?post=479319"}],"version-history":[{"count":0,"href":"https:\/\/www.europesays.com\/fr\/wp-json\/wp\/v2\/posts\/479319\/revisions"}],"wp:featuredmedia":[{"embeddable":true,"href":"https:\/\/www.europesays.com\/fr\/wp-json\/wp\/v2\/media\/479320"}],"wp:attachment":[{"href":"https:\/\/www.europesays.com\/fr\/wp-json\/wp\/v2\/media?parent=479319"}],"wp:term":[{"taxonomy":"category","embeddable":true,"href":"https:\/\/www.europesays.com\/fr\/wp-json\/wp\/v2\/categories?post=479319"},{"taxonomy":"post_tag","embeddable":true,"href":"https:\/\/www.europesays.com\/fr\/wp-json\/wp\/v2\/tags?post=479319"}],"curies":[{"name":"wp","href":"https:\/\/api.w.org\/{rel}","templated":true}]}}