{"id":479321,"date":"2025-10-21T11:09:11","date_gmt":"2025-10-21T11:09:11","guid":{"rendered":"https:\/\/www.europesays.com\/fr\/479321\/"},"modified":"2025-10-21T11:09:11","modified_gmt":"2025-10-21T11:09:11","slug":"lunion-europeenne-veut-etendre-erasmus-a-des-pays-du-maghreb-et-du-proche-orient","status":"publish","type":"post","link":"https:\/\/www.europesays.com\/fr\/479321\/","title":{"rendered":"L\u2019Union europ\u00e9enne veut \u00e9tendre Erasmus \u00e0 des pays du Maghreb et du Proche-Orient"},"content":{"rendered":"<p>\n    Le but est de \u00abcr\u00e9er un environnement plus int\u00e9gr\u00e9 et plus inclusif\u00bb, selon un document issu du bureau de la Haute Repr\u00e9sentante de l\u2019Union pour les affaires \u00e9trang\u00e8res et la politique de s\u00e9curit\u00e9, Kaja Kallas.<\/p>\n<p class=\"fig-paragraph\">L\u2019Union europ\u00e9enne veut \u00e9tendre son programme Erasmus aux pays du\u00a0<a href=\"https:\/\/www.lefigaro.fr\/international\/2007\/11\/29\/01003-20071129ARTFIG00580-reveiller-linteret-europeen-pour-la-mediterranee.php\" target=\"_blank\" data-fig-type=\"Article\" rel=\"noopener nofollow\" data-gtm-custom-categorie=\"navigation\" data-gtm-custom-action=\"crossclick\" data-gtm-custom-label=\"Contextuel\" data-gtm-event=\"customEventSPE\" data-fig-domain=\"LEFIGARO\">\u00abpacte pour la M\u00e9diterran\u00e9e\u00bb<\/a>, selon\u00a0<a href=\"https:\/\/north-africa-middle-east-gulf.ec.europa.eu\/document\/download\/11646283-cc32-49ae-9639-744d0d6d7da8_en?filename=Joint%20communication%20on%20the%20Pact%20for%20the%20Mediterranean.pdf\" target=\"_blank\" rel=\"sponsored noopener nofollow\" data-gtm-custom-categorie=\"navigation\" data-gtm-custom-action=\"crossclick\" data-gtm-custom-label=\"Contextuel\" data-gtm-event=\"customEventSPE\">un document issu du bureau de la Haute Repr\u00e9sentante de l\u2019Union pour les affaires \u00e9trang\u00e8res et la politique de s\u00e9curit\u00e9<\/a>, Kaja Kallas, dat\u00e9 du 16 octobre. Ce pacte, annonc\u00e9 en grande pompe jeudi et qui veut redonner du souffle \u00e0 la coop\u00e9ration entre l\u2019Union europ\u00e9enne et les pays m\u00e9diterran\u00e9ens non-europ\u00e9ens, \u00abs\u2019appuiera sur le dialogue politique de haut niveau sur l\u2019enseignement sup\u00e9rieur au niveau minist\u00e9riel, ainsi que sur la coop\u00e9ration fructueuse avec les partenaires du sud de la M\u00e9diterran\u00e9e dans le cadre du programme Erasmus+ (un programme d\u2019\u00e9change europ\u00e9en, NDLR)<strong>\u00bb<\/strong> , pr\u00e9cise le document.<\/p>\n<p class=\"fig-paragraph\">Le but est de \u00abcr\u00e9er un environnement plus int\u00e9gr\u00e9 et plus inclusif pour l\u2019enseignement sup\u00e9rieur et le d\u00e9veloppement des comp\u00e9tences dans l\u2019espace m\u00e9diterran\u00e9en commun, notamment gr\u00e2ce au lancement de la nouvelle plateforme m\u00e9diterran\u00e9enne sur l\u2019enseignement sup\u00e9rieur\u00bb. Dix pays sont concern\u00e9s, pour certains instables\u00a0: l\u2019Alg\u00e9rie, l\u2019\u00c9gypte, Isra\u00ebl, la Jordanie, le Liban, la Libye, le Maroc, les territoires palestiniens, la Syrie et la Tunisie.<\/p>\n<p>                                    <a class=\"fig-a11y-skip a11y-hidden\" href=\"#fig-a11y-skip-main-inarticle\"><br \/>\n        Passer la publicit\u00e9<br \/>\n    <\/a><\/p>\n<p>Intensifier les \u00abpartenariats de talents\u00bb avec le Maghreb<\/p>\n<p class=\"fig-paragraph\">Dans le d\u00e9tail, l\u2019Union europ\u00e9enne pr\u00e9voit plusieurs mesures\u00a0: renforcer la mobilit\u00e9 des \u00e9tudiants et du personnel acad\u00e9mique dans l\u2019enseignement sup\u00e9rieur gr\u00e2ce au programme Erasmus+, promouvoir la mobilit\u00e9 des chercheurs via les actions Marie Sk\u0142odowska-Curie du programme Horizon Europe (un programme de financement de la recherche et de l\u2019innovation de l\u2019Union europ\u00e9enne, nomm\u00e9 en l\u2019honneur de la c\u00e9l\u00e8bre scientifique Marie Curie, NDLR), cr\u00e9er une Universit\u00e9 M\u00e9diterran\u00e9enne avec des campus dans l\u2019Espace M\u00e9diterran\u00e9en Commun. Cette derni\u00e8re aura \u00e9galement pour mission de d\u00e9velopper des programmes communs, des dipl\u00f4mes conjoints, des \u00e9coles d\u2019\u00e9t\u00e9 et des\u00a0<a href=\"https:\/\/formation.cnam.fr\/micro-certifications\/boostez-vos-competences-avec-nos-micro-certifications-1503903.kjsp\" target=\"_blank\" rel=\"sponsored noopener nofollow\" data-gtm-custom-categorie=\"navigation\" data-gtm-custom-action=\"crossclick\" data-gtm-custom-label=\"Contextuel\" data-gtm-event=\"customEventSPE\">microcertifications<\/a>.<\/p>\n<p class=\"fig-body-link\">\n            \u00c0 lire aussi<br \/>\n        <a class=\"fig-body-link__link\" href=\"http:\/\/www.lefigaro.fr\/international\/campus-france-l-organisme-rattache-au-quai-d-orsay-derriere-la-hausse-de-visas-etudiants-accordes-a-l-algerie-20251002\" target=\"_blank\" data-fig-type=\"Article\" rel=\"noopener nofollow\" data-gtm-custom-categorie=\"navigation\" data-gtm-custom-action=\"crossclick\" data-gtm-custom-label=\"Contextuel\" data-gtm-event=\"customEventSPE\" data-fig-domain=\"LEFIGARO\">Campus France, l\u2019organisme rattach\u00e9 au Quai d\u2019Orsay derri\u00e8re la hausse de visas \u00e9tudiants accord\u00e9s \u00e0 l\u2019Alg\u00e9rie<br \/>\n    <\/a>\n<\/p>\n<p class=\"fig-paragraph\">Dubravka \u0160uica, la vice-pr\u00e9sidente de la Commission europ\u00e9enne, charg\u00e9e de la D\u00e9mocratie et de la D\u00e9mographie, a assur\u00e9 lors d\u2019une conf\u00e9rence de presse vouloir \u00abconnecter les jeunes\u00bb. \u00abNous allons \u00e9galement intensifier les partenariats de talents avec le Maroc, la Tunisie et l\u2019\u00c9gypte, et faciliter la d\u00e9livrance de visas, en particulier pour les \u00e9tudiants\u00bb, a-t-elle ajout\u00e9.<\/p>\n<p class=\"fig-paragraph\">Cette d\u00e9claration survient quelques jours apr\u00e8s une pol\u00e9mique nationale li\u00e9e \u00e0 l\u2019octroi de 8351 visas \u00e9tudiants \u00e0 des Alg\u00e9riens. Alger m\u00e8ne une politique migratoire erratique envers la France, refusant de reprendre ses nationaux dangereux ou condamn\u00e9s, ce qui avait men\u00e9\u00a0<a href=\"http:\/\/www.lefigaro.fr\/politique\/en-2027-je-ferai-tout-pour-faire-gagner-la-droite-budget-immigration-sansal-algerie-le-grand-entretien-de-bruno-retailleau-au-figaro-20250718\" target=\"_blank\" data-fig-type=\"Article\" rel=\"noopener nofollow\" data-gtm-custom-categorie=\"navigation\" data-gtm-custom-action=\"crossclick\" data-gtm-custom-label=\"Contextuel\" data-gtm-event=\"customEventSPE\" data-fig-domain=\"LEFIGARO\">\u00e0 une tension entre les autorit\u00e9s du r\u00e9gime et le minist\u00e8re de l\u2019Int\u00e9rieur, Bruno Retailleau<\/a>. En sus, elle a emprisonn\u00e9 l\u2019\u00e9crivain Boualem Sansal et le journaliste Christophe Gleizes. Malgr\u00e9 les adjurations du Quai d\u2019Orsay, ceux-ci n\u2019ont pas \u00e9t\u00e9 lib\u00e9r\u00e9s.<\/p>\n","protected":false},"excerpt":{"rendered":"Le but est de \u00abcr\u00e9er un environnement plus int\u00e9gr\u00e9 et plus inclusif\u00bb, selon un document issu du bureau&hellip;\n","protected":false},"author":2,"featured_media":479322,"comment_status":"","ping_status":"","sticky":false,"template":"","format":"standard","meta":{"footnotes":""},"categories":[1586],"tags":[11,1777,674,1779,1011,27,12225,12,25,1778,364],"class_list":{"0":"post-479321","1":"post","2":"type-post","3":"status-publish","4":"format-standard","5":"has-post-thumbnail","7":"category-europe","8":"tag-actualites","9":"tag-eu","10":"tag-europe","11":"tag-european-union","12":"tag-fr","13":"tag-france","14":"tag-maghreb","15":"tag-news","16":"tag-republique-francaise","17":"tag-ue","18":"tag-union-europeenne"},"share_on_mastodon":{"url":"https:\/\/pubeurope.com\/@fr\/115411849383360786","error":""},"_links":{"self":[{"href":"https:\/\/www.europesays.com\/fr\/wp-json\/wp\/v2\/posts\/479321","targetHints":{"allow":["GET"]}}],"collection":[{"href":"https:\/\/www.europesays.com\/fr\/wp-json\/wp\/v2\/posts"}],"about":[{"href":"https:\/\/www.europesays.com\/fr\/wp-json\/wp\/v2\/types\/post"}],"author":[{"embeddable":true,"href":"https:\/\/www.europesays.com\/fr\/wp-json\/wp\/v2\/users\/2"}],"replies":[{"embeddable":true,"href":"https:\/\/www.europesays.com\/fr\/wp-json\/wp\/v2\/comments?post=479321"}],"version-history":[{"count":0,"href":"https:\/\/www.europesays.com\/fr\/wp-json\/wp\/v2\/posts\/479321\/revisions"}],"wp:featuredmedia":[{"embeddable":true,"href":"https:\/\/www.europesays.com\/fr\/wp-json\/wp\/v2\/media\/479322"}],"wp:attachment":[{"href":"https:\/\/www.europesays.com\/fr\/wp-json\/wp\/v2\/media?parent=479321"}],"wp:term":[{"taxonomy":"category","embeddable":true,"href":"https:\/\/www.europesays.com\/fr\/wp-json\/wp\/v2\/categories?post=479321"},{"taxonomy":"post_tag","embeddable":true,"href":"https:\/\/www.europesays.com\/fr\/wp-json\/wp\/v2\/tags?post=479321"}],"curies":[{"name":"wp","href":"https:\/\/api.w.org\/{rel}","templated":true}]}}