{"id":479323,"date":"2025-10-21T11:10:13","date_gmt":"2025-10-21T11:10:13","guid":{"rendered":"https:\/\/www.europesays.com\/fr\/479323\/"},"modified":"2025-10-21T11:10:13","modified_gmt":"2025-10-21T11:10:13","slug":"piste-familiale-diabete-rayan-13-ans-est-rentre-sain-et-sauf","status":"publish","type":"post","link":"https:\/\/www.europesays.com\/fr\/479323\/","title":{"rendered":"Piste familiale, diab\u00e8te&#8230; Rayan, 13 ans, est rentr\u00e9 sain et sauf"},"content":{"rendered":"<p>Le jeune Rayan, qui faisait l&rsquo;objet depuis ce mardi matin d&rsquo;une <a href=\"https:\/\/www.20minutes.fr\/dossier\/alerte_enlevement\" class=\"c-link c-link--is-underlined\" target=\"_blank\" rel=\"noopener\">alerte enl\u00e8vement<\/a>, est revenu mardi \u00e0 la mi-journ\u00e9e au foyer o\u00f9 il \u00e9tait plac\u00e9, a-t-on appris de sources proches du dossier. Le dispositif avait \u00e9t\u00e9 d\u00e9clench\u00e9 pour tenter de retrouver <a href=\"https:\/\/www.20minutes.fr\/faits_divers\/4180545-20251021-alerte-enlevement-declenchee-haute-vienne-retrouver-rayan-13-ans\" class=\"c-link c-link--is-underlined\" target=\"_blank\" rel=\"noopener\">l&rsquo;adolescent de 13 ans<\/a> enlev\u00e9 lundi, \u00e0 18 heures, \u00e0 Panazol, une commune de la banlieue de <a href=\"https:\/\/www.20minutes.fr\/societe\/limoges\/\" class=\"c-link c-link--is-underlined\" target=\"_blank\" rel=\"noopener\">Limoges<\/a>, en <a href=\"https:\/\/www.20minutes.fr\/dossier\/haute-vienne\" class=\"c-link c-link--is-underlined\" target=\"_blank\" rel=\"noopener\">Haute-Vienne<\/a>. L&rsquo;adolescent est rentr\u00e9 sain et sauf, ont ajout\u00e9 ces sources. 20 Minutes fait le point.<\/p>\n<p>Enlev\u00e9 dans son foyer<\/p>\n<p>Le gar\u00e7on a \u00e9t\u00e9 enlev\u00e9 lundi soir dans un foyer de vie situ\u00e9 \u00e0 Panazol, o\u00f9 il avait \u00e9t\u00e9 plac\u00e9 mi-ao\u00fbt par les services de la Protection judiciaire de la jeunesse (PJJ), selon les informations du journal <a href=\"https:\/\/www.lepopulaire.fr\/panazol-87350\/faits-divers\/disparition-de-rayan-en-haute-vienne-ce-que-l-on-sait-de-l-adolescent_14769321\/\" rel=\"nofollow noopener\" target=\"_blank\" class=\"c-link c-link--is-underlined\">Le Populaire du Centre<\/a>. Rayan est orphelin de m\u00e8re, rapporte <a href=\"https:\/\/www.francebleu.fr\/infos\/faits-divers-justice\/l-alerte-enlevement-declenchee-pour-retrouver-rayan-13-ans-disparu-en-haute-vienne-2112450\" rel=\"nofollow noopener\" target=\"_blank\" class=\"c-link c-link--is-underlined\">Ici Limousin<\/a>. L&rsquo;adolescent se serait \u00ab enfui alors qu\u2019une femme d\u00e9tournait l\u2019attention du personnel de sa structure d\u2019accueil \u00bb, a appris France T\u00e9l\u00e9visions.<\/p>\n<\/p>\n<p>L\u2019adolescent souffre d\u2019un diab\u00e8te s\u00e9v\u00e8re, qui n\u00e9cessite des soins constants. Cette maladie grave se caract\u00e9rise par un taux \u00e9lev\u00e9 de glucose dans le sang. Pour le juguler, un traitement est n\u00e9cessaire dans certains cas ou un usage appropri\u00e9 de l\u2019insuline. <\/p>\n<p>La piste familiale<\/p>\n<p>Les deux suspects recherch\u00e9s, l&rsquo;oncle de l&rsquo;enfant et sa compagne, ont \u00e9t\u00e9 plac\u00e9s en garde \u00e0 vue, tout comme le p\u00e8re avant eux, a ajout\u00e9 l&rsquo;une de ces sources. Les \u00e9ducateurs du gar\u00e7on soup\u00e7onnaient le p\u00e8re de Rayan de \u00ab vouloir l\u2019enlever pour l\u2019emmener en Alg\u00e9rie \u00bb. Il est toujours en garde \u00e0 vue.<\/p>\n","protected":false},"excerpt":{"rendered":"Le jeune Rayan, qui faisait l&rsquo;objet depuis ce mardi matin d&rsquo;une alerte enl\u00e8vement, est revenu mardi \u00e0 la&hellip;\n","protected":false},"author":2,"featured_media":479324,"comment_status":"","ping_status":"","sticky":false,"template":"","format":"standard","meta":{"footnotes":""},"categories":[2],"tags":[47,11,54683,847,2716,118,1011,27,8528,303,2193,8529,12,2219,25],"class_list":{"0":"post-479323","1":"post","2":"type-post","3":"status-publish","4":"format-standard","5":"has-post-thumbnail","7":"category-actualites","8":"tag-actualite","9":"tag-actualites","10":"tag-alerte-enlevement","11":"tag-enfant","12":"tag-enlevement","13":"tag-faits-divers","14":"tag-fr","15":"tag-france","16":"tag-haute-vienne","17":"tag-justice","18":"tag-limoges","19":"tag-limousin","20":"tag-news","21":"tag-nouvelle-aquitaine","22":"tag-republique-francaise"},"share_on_mastodon":{"url":"https:\/\/pubeurope.com\/@fr\/115411853419499953","error":""},"_links":{"self":[{"href":"https:\/\/www.europesays.com\/fr\/wp-json\/wp\/v2\/posts\/479323","targetHints":{"allow":["GET"]}}],"collection":[{"href":"https:\/\/www.europesays.com\/fr\/wp-json\/wp\/v2\/posts"}],"about":[{"href":"https:\/\/www.europesays.com\/fr\/wp-json\/wp\/v2\/types\/post"}],"author":[{"embeddable":true,"href":"https:\/\/www.europesays.com\/fr\/wp-json\/wp\/v2\/users\/2"}],"replies":[{"embeddable":true,"href":"https:\/\/www.europesays.com\/fr\/wp-json\/wp\/v2\/comments?post=479323"}],"version-history":[{"count":0,"href":"https:\/\/www.europesays.com\/fr\/wp-json\/wp\/v2\/posts\/479323\/revisions"}],"wp:featuredmedia":[{"embeddable":true,"href":"https:\/\/www.europesays.com\/fr\/wp-json\/wp\/v2\/media\/479324"}],"wp:attachment":[{"href":"https:\/\/www.europesays.com\/fr\/wp-json\/wp\/v2\/media?parent=479323"}],"wp:term":[{"taxonomy":"category","embeddable":true,"href":"https:\/\/www.europesays.com\/fr\/wp-json\/wp\/v2\/categories?post=479323"},{"taxonomy":"post_tag","embeddable":true,"href":"https:\/\/www.europesays.com\/fr\/wp-json\/wp\/v2\/tags?post=479323"}],"curies":[{"name":"wp","href":"https:\/\/api.w.org\/{rel}","templated":true}]}}