{"id":479327,"date":"2025-10-21T11:12:13","date_gmt":"2025-10-21T11:12:13","guid":{"rendered":"https:\/\/www.europesays.com\/fr\/479327\/"},"modified":"2025-10-21T11:12:13","modified_gmt":"2025-10-21T11:12:13","slug":"france-macron-evoque-un-referendum-sur-les-retraites-21-10-2025-a-1306","status":"publish","type":"post","link":"https:\/\/www.europesays.com\/fr\/479327\/","title":{"rendered":"France: Macron \u00e9voque un r\u00e9f\u00e9rendum sur les retraites &#8211; 21\/10\/2025 \u00e0 13:06"},"content":{"rendered":"<p>        <img fetchpriority=\"high\" decoding=\"async\" src=\"https:\/\/www.europesays.com\/fr\/wp-content\/uploads\/2025\/10\/0c9dd5228822102a7a36a19de069e3fe-760x507.jpg\" alt=\"Le pr\u00e9sident fran\u00e7ais Macron au palais de l'\u00c9lys\u00e9e \u00e0 Paris\" loading=\"eager\" width=\"760\" height=\"507\" style=\"max-width: 100%!important; height: auto;\"\/><\/p>\n<p class=\"c-image-news__legend\">Le pr\u00e9sident fran\u00e7ais Macron au palais de l&rsquo;\u00c9lys\u00e9e \u00e0 Paris<\/p>\n<p>\n Emmanuel Macron a d\u00e9clar\u00e9 mardi en Slov\u00e9nie que la possibilit\u00e9 d&rsquo;un r\u00e9f\u00e9rendum sur la r\u00e9forme des retraites n&rsquo;\u00e9tait pas exclue, tout en soulignant qu&rsquo;aucune d\u00e9cision n&rsquo;avait \u00e9t\u00e9 prise apr\u00e8s l&rsquo;annonce la semaine derni\u00e8re par le Premier ministre S\u00e9bastien Lecornu du gel de la r\u00e9forme des retraites en France.\n<\/p>\n<p>\n \u00ab\u00a0Ce n&rsquo;est ni une abrogation, ni une suspension, c&rsquo;est le d\u00e9calage d&rsquo;une \u00e9ch\u00e9ance, qui est la prochaine \u00e9ch\u00e9ance, celle des 63 ans au 1er janvier 2027 qu&rsquo;il a d\u00e9cal\u00e9e au 1er janvier 2028 avec un financement par des \u00e9conomies\u00a0\u00bb, a-t-il soulign\u00e9.\n<\/p>\n<p>\n \u00ab\u00a0Les perspectives de r\u00e9f\u00e9rendum sont possibles, encore faut-il qu&rsquo;on sache sur quoi\u00a0\u00bb, a dit Emmanuel Macron, ajoutant que ces consultations \u00ab\u00a0ne pourraient se faire\u00a0\u00bb sans un accord pr\u00e9alable. \u00ab\u00a0Il ne m&rsquo;appartient pas encore de d\u00e9cider cela sur un accord qui serait ainsi scell\u00e9\u00a0\u00bb, a-t-il pr\u00e9cis\u00e9.\n<\/p>\n<p>\n S&rsquo;exprimant \u00e0 Ljubljana au c\u00f4t\u00e9 du Premier ministre slov\u00e8ne Robert Golob, le pr\u00e9sident fran\u00e7ais a insist\u00e9 sur la n\u00e9cessit\u00e9 de discussions \u00ab\u00a0apais\u00e9es\u00a0\u00bb avant toute initiative, estimant que le sujet du vieillissement \u00ab\u00a0ne sera pas r\u00e9gl\u00e9 par un compromis n\u00e9cessaire pour passer le budget sur ce sujet\u00a0\u00bb.\n<\/p>\n<p>\n Il a salu\u00e9 la volont\u00e9 du Premier ministre de rouvrir ce d\u00e9bat et celle des forces syndicales et patronales de \u00ab\u00a0le reprendre\u00a0\u00bb, appelant \u00e0 \u00ab\u00a0un moment de stabilit\u00e9\u00a0\u00bb et \u00e0 des \u00ab\u00a0discussions budg\u00e9taires apais\u00e9es pour la continuit\u00e9 du pays\u00a0\u00bb.\n<\/p>\n<p>\n \u00ab\u00a0Sur cette base-l\u00e0, nous verrons ensuite les chemins qui doivent \u00eatre suivis\u00a0\u00bb, a-t-il conclu.\n<\/p>\n<p>\n (R\u00e9dig\u00e9 par Nicolas Delame)<\/p>\n","protected":false},"excerpt":{"rendered":"Le pr\u00e9sident fran\u00e7ais Macron au palais de l&rsquo;\u00c9lys\u00e9e \u00e0 Paris Emmanuel Macron a d\u00e9clar\u00e9 mardi en Slov\u00e9nie que&hellip;\n","protected":false},"author":2,"featured_media":479328,"comment_status":"","ping_status":"","sticky":false,"template":"","format":"standard","meta":{"footnotes":""},"categories":[4],"tags":[400,11,398,408,405,1011,27,403,402,399,404,12,25,401,406,407],"class_list":{"0":"post-479327","1":"post","2":"type-post","3":"status-publish","4":"format-standard","5":"has-post-thumbnail","7":"category-france","8":"tag-action-cac-40","9":"tag-actualites","10":"tag-bourse-de-paris","11":"tag-boursorama","12":"tag-cotations","13":"tag-fr","14":"tag-france","15":"tag-indices-devises","16":"tag-investir","17":"tag-investissement","18":"tag-marche-boursier","19":"tag-news","20":"tag-republique-francaise","21":"tag-sicav","22":"tag-trackers","23":"tag-warrants"},"share_on_mastodon":{"url":"https:\/\/pubeurope.com\/@fr\/115411861593701304","error":""},"_links":{"self":[{"href":"https:\/\/www.europesays.com\/fr\/wp-json\/wp\/v2\/posts\/479327","targetHints":{"allow":["GET"]}}],"collection":[{"href":"https:\/\/www.europesays.com\/fr\/wp-json\/wp\/v2\/posts"}],"about":[{"href":"https:\/\/www.europesays.com\/fr\/wp-json\/wp\/v2\/types\/post"}],"author":[{"embeddable":true,"href":"https:\/\/www.europesays.com\/fr\/wp-json\/wp\/v2\/users\/2"}],"replies":[{"embeddable":true,"href":"https:\/\/www.europesays.com\/fr\/wp-json\/wp\/v2\/comments?post=479327"}],"version-history":[{"count":0,"href":"https:\/\/www.europesays.com\/fr\/wp-json\/wp\/v2\/posts\/479327\/revisions"}],"wp:featuredmedia":[{"embeddable":true,"href":"https:\/\/www.europesays.com\/fr\/wp-json\/wp\/v2\/media\/479328"}],"wp:attachment":[{"href":"https:\/\/www.europesays.com\/fr\/wp-json\/wp\/v2\/media?parent=479327"}],"wp:term":[{"taxonomy":"category","embeddable":true,"href":"https:\/\/www.europesays.com\/fr\/wp-json\/wp\/v2\/categories?post=479327"},{"taxonomy":"post_tag","embeddable":true,"href":"https:\/\/www.europesays.com\/fr\/wp-json\/wp\/v2\/tags?post=479327"}],"curies":[{"name":"wp","href":"https:\/\/api.w.org\/{rel}","templated":true}]}}