{"id":479330,"date":"2025-10-21T11:16:12","date_gmt":"2025-10-21T11:16:12","guid":{"rendered":"https:\/\/www.europesays.com\/fr\/479330\/"},"modified":"2025-10-21T11:16:12","modified_gmt":"2025-10-21T11:16:12","slug":"humbert-rinderknech-moutet-mpetshi-perricard-qui-finira-lannee-numero-1-francais-lequipe","status":"publish","type":"post","link":"https:\/\/www.europesays.com\/fr\/479330\/","title":{"rendered":"Humbert, Rinderknech, Moutet, Mpetshi Perricard : qui finira l&#039;ann\u00e9e num\u00e9ro 1 fran\u00e7ais ? &#8211; L&#039;\u00c9quipe"},"content":{"rendered":"<ol>\n<li><a href=\"https:\/\/news.google.com\/rss\/articles\/CBMiygFBVV95cUxQRkM3Zmsyc0Jyc093Tk9hTk5BMy1vYjg2bVZCdnN0emFJSHNhLVMxcEIxeEV0SUV2eThZYS1ueFVoUlV3enNWT3drMGZibGt0cDVsQ08zckJ3MVlabkpvNDBhWGdDVjQzamVDWDdiRnhzVXlnczBEMGF6NnNXcGpvNXFrQmxacEozWnZTU1NDM3cxVFRoSFVBWFBDZElZTE5Xa1dLbWhEcEd5UEJrWE1mQ1VBY1Bta2RENGVTRFcwLWhUQ002VHEwU0dB?oc=5\" target=\"_blank\" rel=\"nofollow noopener\">Humbert, Rinderknech, Moutet, Mpetshi Perricard : qui finira l&rsquo;ann\u00e9e num\u00e9ro 1 fran\u00e7ais ?<\/a>&nbsp;&nbsp;L&rsquo;\u00c9quipe<\/li>\n<li><a href=\"https:\/\/news.google.com\/rss\/articles\/CBMigwJBVV95cUxOZHVwdXV1R1RfbWtIZEU1RjYxY3NjTFM3Um5PN0g5YzU1UmtsZnF6UE9rUFhWVEpUdWgtT19YZDlrWmpUY3FiNDQyQm01QlhRUlVzZGFBOERLMU9PenlvQlNSNkdOa1hhMnFOVFJla09EellDQlotakYzUXV6Y1A4bUtmTnRqYllWVVNtSUZObGt0b2pIQXNrWUJQR2FIVy1xQUl1TnBxQ0hpZ3k4YlpBTkxpOUV4emE2dmpOMURBNE1lNUstVTB1aThqbDNxeWdCOXdOQjJ4N2dmQ2FPU25nLTY0WVpBcFUxWmpDVS1UZUdGdF9RQ1NSUEgzdFZrbGlDc0dV?oc=5\" target=\"_blank\" rel=\"nofollow noopener\">Classement ATP : Moutet au plus haut, \u00e7a se bouscule pour les Masters<\/a>&nbsp;&nbsp;Eurosport<\/li>\n<li><a href=\"https:\/\/news.google.com\/rss\/articles\/CBMi1AFBVV95cUxORnB2VFdsZWxyNFNhMlBYMFhMQzRiakdOM0QxRVUwcDZmU29oQVRwanlUZUdBOWJScGR3MUphWHdKekM3SHNWRmx0aF9fcE85YUt0Y3Azb2NVQ2lseG54cV9peFNULTRGd1JxaU5kRV9LVGxwNFdvVWtUSlZFREs2eUNEYXdWd1QtTXNXQ19EUm1SdENGbzRWS0JvRVZPLVN3T0N6Zk03RVdBNXM2RUZIUDNZaHNEUnludkZMc0V0SjdIekFvdmE5WC1ySFNXSlkxX2lxbw?oc=5\" target=\"_blank\" rel=\"nofollow noopener\">Classement ATP: Auger-Aliassime, Ruud et Medvedev toujours en course pour les Masters \u00e0 Turin<\/a>&nbsp;&nbsp;Le Figaro<\/li>\n<li><a href=\"https:\/\/news.google.com\/rss\/articles\/CBMiygFBVV95cUxOOU4yb3lLRF9pQ21UcFdIc3ZuSllkRnZEbVhwbDVVSUY3b1pkRklRTGpJVTA3UTZUMVNKZzZLaTBBd2x4S2JVVjdfWEhoa29OeHZFaDE2TTVJWjVKNWlzUlkxQ2RIYlo1TnEtZ241d3JEVktjNzhsVWwwNjIyeGRfY3lKRXlSR1BENzFLRl9zV2o0Zl9FTTVqck4tWDdLNFRTbTVrb0xpTGNVaVZFcmFYREphSG5BbTE4RDZOU1FsMERFbG1NZk91ZHZ30gHIAUFVX3lxTE9zX0dGQzJYVUlKMmRBaG9rR21SMTZvZGpSa0c5OV82aGNRY3doZkIwZU0zSlo4Q0NTWDRPd3otNkNBYTlDNWRkb3NEV01NZkhmZ1NWWWRxTVdVNVZQMkpERFgxUm5fcEhIS2N6LVhtM1dJX3Vmb2tNblFPWXYwWmdLMG12a3BtWmU1b1J5OTNpNTlEWkxlVHVYcnFteDRmbDVjWEs4N0o0TFpPUG1SclVCRmlpOUR3VG9aRkZBR0JCSVJhTmp0aGRn?oc=5\" target=\"_blank\" rel=\"nofollow noopener\">Classement ATP : Moutet et Rinderknech au top, Humbert reste num\u00e9ro 1 : Sports &#8211; Orange<\/a>&nbsp;&nbsp;Orange Actualit\u00e9s | Sports<\/li>\n<li><a href=\"https:\/\/news.google.com\/rss\/articles\/CBMikAFBVV95cUxQUHFydFplRlVtTktWamtFbTVyX0U4UE5aZFg2V2M2cl9kLUQtb0l1N08yREtjbmpvOXVHeG9QcU42UURnZ3BRRGNLNXk1UjFLRTlNWktIQ3pkN0M0QzJMU1FJb3VHLXhMSThEZ190ZERsLVBlUzdEdk1XSkpkaWlmNVBfUEZfTXNKd2lSc2h4aVg?oc=5\" target=\"_blank\" rel=\"nofollow noopener\">Tennis | Gros coup dur pour les Fran\u00e7ais avant le Rolex Paris Masters<\/a>&nbsp;&nbsp;FFL<\/li>\n<\/ol>\n","protected":false},"excerpt":{"rendered":"Humbert, Rinderknech, Moutet, Mpetshi Perricard : qui finira l&rsquo;ann\u00e9e num\u00e9ro 1 fran\u00e7ais ?&nbsp;&nbsp;L&rsquo;\u00c9quipe Classement ATP : Moutet au&hellip;\n","protected":false},"author":2,"featured_media":479331,"comment_status":"","ping_status":"","sticky":false,"template":"","format":"standard","meta":{"footnotes":""},"categories":[1415],"tags":[1011,27,60,1467],"class_list":{"0":"post-479330","1":"post","2":"type-post","3":"status-publish","4":"format-standard","5":"has-post-thumbnail","7":"category-tennis","8":"tag-fr","9":"tag-france","10":"tag-sports","11":"tag-tennis"},"share_on_mastodon":{"url":"https:\/\/pubeurope.com\/@fr\/115411876787879375","error":""},"_links":{"self":[{"href":"https:\/\/www.europesays.com\/fr\/wp-json\/wp\/v2\/posts\/479330","targetHints":{"allow":["GET"]}}],"collection":[{"href":"https:\/\/www.europesays.com\/fr\/wp-json\/wp\/v2\/posts"}],"about":[{"href":"https:\/\/www.europesays.com\/fr\/wp-json\/wp\/v2\/types\/post"}],"author":[{"embeddable":true,"href":"https:\/\/www.europesays.com\/fr\/wp-json\/wp\/v2\/users\/2"}],"replies":[{"embeddable":true,"href":"https:\/\/www.europesays.com\/fr\/wp-json\/wp\/v2\/comments?post=479330"}],"version-history":[{"count":0,"href":"https:\/\/www.europesays.com\/fr\/wp-json\/wp\/v2\/posts\/479330\/revisions"}],"wp:featuredmedia":[{"embeddable":true,"href":"https:\/\/www.europesays.com\/fr\/wp-json\/wp\/v2\/media\/479331"}],"wp:attachment":[{"href":"https:\/\/www.europesays.com\/fr\/wp-json\/wp\/v2\/media?parent=479330"}],"wp:term":[{"taxonomy":"category","embeddable":true,"href":"https:\/\/www.europesays.com\/fr\/wp-json\/wp\/v2\/categories?post=479330"},{"taxonomy":"post_tag","embeddable":true,"href":"https:\/\/www.europesays.com\/fr\/wp-json\/wp\/v2\/tags?post=479330"}],"curies":[{"name":"wp","href":"https:\/\/api.w.org\/{rel}","templated":true}]}}