{"id":479332,"date":"2025-10-21T11:18:24","date_gmt":"2025-10-21T11:18:24","guid":{"rendered":"https:\/\/www.europesays.com\/fr\/479332\/"},"modified":"2025-10-21T11:18:24","modified_gmt":"2025-10-21T11:18:24","slug":"sur-quelle-chaine-et-a-quelle-heure-regarder-la-course","status":"publish","type":"post","link":"https:\/\/www.europesays.com\/fr\/479332\/","title":{"rendered":"sur quelle cha\u00eene et \u00e0 quelle heure regarder la course ?"},"content":{"rendered":"<p>Point d&rsquo;orgue de ce Grand Prix des Am\u00e9riques de MotoGP, la course principale cl\u00f4ture cette 3e manche du championnat du monde de MotoGP. Un Grand Prix \u00e0 suivre en direct et en int\u00e9gralit\u00e9 \u00e0 la t\u00e9l\u00e9vision. On vous dit tout dans la suite de cet article.<\/p>\n<p>Apr\u00e8s la course sprint samedi, place au Grand Prix ce dimanche sur le circuit des Am\u00e9riques d&rsquo;Austin au Texas. Et Marc Marquez s&rsquo;avance comme le favori de cette course de 20 tours dont le d\u00e9part sera donn\u00e9 \u00e0 21 heures ce dimanche pour la France. Comme quoi le d\u00e9calage horaire peut avoir du bon parfois ! Le nouveau pilote Ducati a remport\u00e9 les deux premi\u00e8res courses de la saison en Tha\u00eflande et en Argentine et il est \u00e9galement le pilote qui a le plus gagn\u00e9 aux \u00c9tats-Unis avec 7 victoires dans sa carri\u00e8re. D&rsquo;ailleurs les bookmakers ne s&rsquo;y trompent pas. Le multiple champion du monde est cot\u00e9 \u00e0 1,22 pour la victoire contre 5,30 pour son fr\u00e8re Alex et 7,60 pour son \u00e9quipier Francesco Bagnaia.<\/p>\n<p>Cha\u00eene TV et heure de d\u00e9part du Grand Prix<\/p>\n<p>On vous le disait plus haut, le d\u00e9part de la course est programm\u00e9 \u00e0 21h, heure fran\u00e7aise, pour 20 tours. Elle est diffus\u00e9e en direct et en int\u00e9gralit\u00e9 sur Canal+ Sport 360. C&rsquo;est sur cette m\u00eame cha\u00eene que vous pourrez profiter de l&rsquo;\u00e9mission La Grille avant le d\u00e9part. Celle-ci d\u00e9butera \u00e0 20h17. Et pour les plus passionn\u00e9s de moto sur piste, vous pourrez regarder les courses de Moto2 et Moto3 plus t\u00f4t dans la soir\u00e9e.<\/p>\n<p>\u00a0Cr\u00e9dit photo : Press Only.<\/p>\n","protected":false},"excerpt":{"rendered":"Point d&rsquo;orgue de ce Grand Prix des Am\u00e9riques de MotoGP, la course principale cl\u00f4ture cette 3e manche du&hellip;\n","protected":false},"author":2,"featured_media":479333,"comment_status":"","ping_status":"","sticky":false,"template":"","format":"standard","meta":{"footnotes":""},"categories":[1413],"tags":[1011,27,1457,1456,60],"class_list":{"0":"post-479332","1":"post","2":"type-post","3":"status-publish","4":"format-standard","5":"has-post-thumbnail","7":"category-moto","8":"tag-fr","9":"tag-france","10":"tag-moto","11":"tag-motocycle","12":"tag-sports"},"share_on_mastodon":{"url":"https:\/\/pubeurope.com\/@fr\/115411884731975697","error":""},"_links":{"self":[{"href":"https:\/\/www.europesays.com\/fr\/wp-json\/wp\/v2\/posts\/479332","targetHints":{"allow":["GET"]}}],"collection":[{"href":"https:\/\/www.europesays.com\/fr\/wp-json\/wp\/v2\/posts"}],"about":[{"href":"https:\/\/www.europesays.com\/fr\/wp-json\/wp\/v2\/types\/post"}],"author":[{"embeddable":true,"href":"https:\/\/www.europesays.com\/fr\/wp-json\/wp\/v2\/users\/2"}],"replies":[{"embeddable":true,"href":"https:\/\/www.europesays.com\/fr\/wp-json\/wp\/v2\/comments?post=479332"}],"version-history":[{"count":0,"href":"https:\/\/www.europesays.com\/fr\/wp-json\/wp\/v2\/posts\/479332\/revisions"}],"wp:featuredmedia":[{"embeddable":true,"href":"https:\/\/www.europesays.com\/fr\/wp-json\/wp\/v2\/media\/479333"}],"wp:attachment":[{"href":"https:\/\/www.europesays.com\/fr\/wp-json\/wp\/v2\/media?parent=479332"}],"wp:term":[{"taxonomy":"category","embeddable":true,"href":"https:\/\/www.europesays.com\/fr\/wp-json\/wp\/v2\/categories?post=479332"},{"taxonomy":"post_tag","embeddable":true,"href":"https:\/\/www.europesays.com\/fr\/wp-json\/wp\/v2\/tags?post=479332"}],"curies":[{"name":"wp","href":"https:\/\/api.w.org\/{rel}","templated":true}]}}