{"id":479338,"date":"2025-10-21T11:21:14","date_gmt":"2025-10-21T11:21:14","guid":{"rendered":"https:\/\/www.europesays.com\/fr\/479338\/"},"modified":"2025-10-21T11:21:14","modified_gmt":"2025-10-21T11:21:14","slug":"revelation-dingue-sur-la-perte-de-poids-de-cherki","status":"publish","type":"post","link":"https:\/\/www.europesays.com\/fr\/479338\/","title":{"rendered":"r\u00e9v\u00e9lation dingue sur la perte de poids de Cherki"},"content":{"rendered":"<p class=\"p1\">Passer dans les mains de Pep Guardiola est une exp\u00e9rience unique pour tous les joueurs de football. Mais pour vivre cela pleinement, il faut adopter les consignes de l&rsquo;Espagnol. Samir Nasri ou Ga\u00ebl Clichy l&rsquo;ont d\u00e9j\u00e0 racont\u00e9 par le pass\u00e9, le Catalan est obs\u00e9d\u00e9 par la forme physique de ses joueurs et leur fameux poids de forme.<\/p>\n<p class=\"p1\">Alors, quand Rayan Cherki a pos\u00e9 ses valises dans le nord de l&rsquo;Angleterre, certains ont pu s&rsquo;interroger, lui qui dispose d&rsquo;une carrure plut\u00f4t \u00e9paisse, un physique trapu. Forc\u00e9ment, quand il a post\u00e9 la semaine derni\u00e8re des photos sur ses r\u00e9seaux sociaux o\u00f9 il appara\u00eet particuli\u00e8rement amaigri, la toile s&rsquo;est enflamm\u00e9e pour ce tout nouveau Cherki.<\/p>\n<p>\u00c0 lire aussiSeulement deux kilos de perdus ?<\/p>\n<p class=\"p1\">Mais \u00e0 en croire les informations du journal\u00a0<a href=\"https:\/\/www.lequipe.fr\/Football\/Article\/Pourquoi-rayan-cherki-s-est-metamorphose-physiquement-suite-a-sa-blessure\/1603341\" target=\"_blank\" rel=\"noopener\">l&rsquo;\u00c9quipe<\/a>, l&rsquo;international fran\u00e7ais n&rsquo;a perdu \u00ab\u00a0que\u00a0\u00bb deux kilos entre sa blessure \u00e0 la fin du mois d&rsquo;ao\u00fbt et son retour sur le rectangle vert ce week-end. En effet, sa transformation physique aurait surtout d\u00e9but\u00e9 l&rsquo;an dernier pour sa derni\u00e8re saison sous les couleurs de l&rsquo;Olympique Lyonnais.<\/p>\n<p class=\"p1\">\u00ab\u00a0Rayan a toujours \u00e9t\u00e9 massif, puissant sur les jambes, mais cette \u00ab\u00a0s\u00e8che\u00a0\u00bb ne date pas de cette ann\u00e9e. D\u00e9j\u00e0, sur la fin \u00e0 Lyon, j&rsquo;avais remarqu\u00e9 qu&rsquo;il avait chang\u00e9, car je pense qu&rsquo;il avait aussi fait \u00e9voluer son travail invisible\u00a0\u00bb, confie au journal\u00a0l&rsquo;\u00c9quipe un pr\u00e9parateur physique qui a bien connu le joueur dans le Rh\u00f4ne.<\/p>\n<p class=\"p1\">Surtout, on apprend que son corps a beaucoup \u00e9volu\u00e9 compar\u00e9 \u00e0 ses d\u00e9buts avec l&rsquo;OL, o\u00f9 il \u00ab\u00a0parfois eu l&rsquo;un des indices de masse grasse les plus \u00e9lev\u00e9s de l&rsquo;effectif\u00a0\u00bb ajoute le pr\u00e9parateur dont le nom n&rsquo;est pas cit\u00e9. \u00ab\u00a0Il n&rsquo;y avait pas \u00e0 s&rsquo;affoler, son corps n&rsquo;avait pas termin\u00e9 sa croissance, notamment sur le plan musculaire, m\u00eame s&rsquo;il y avait quelques r\u00e9glages \u00e0 faire\u00a0\u00bb conclut-il. Reste d\u00e9sormais \u00e0 voir \u00e0 quel point cette transformation lui permet de passer un cap avec Manchester City&#8230; et en Bleus.<\/p>\n<p>   Partagez cette info avec vos amis et vos proches en cliquant ici<br \/> Pour r\u00e9sumer<\/p>\n<p>Rayan Cherki, arriv\u00e9 \u00e0 Manchester City, a surpris par sa silhouette amaigrie sur les r\u00e9seaux sociaux. Selon L\u2019\u00c9quipe, il n\u2019a perdu que 2 kg depuis ao\u00fbt, mais sa transformation physique a commenc\u00e9 d\u00e8s sa derni\u00e8re saison \u00e0 Lyon. Autrefois parmi les joueurs lyonnais aux indices de masse grasse les plus \u00e9lev\u00e9s, son corps a \u00e9volu\u00e9 avec la fin de sa croissance et un travail invisible accru. Cette m\u00e9tamorphose pourrait lui permettre de s\u2019imposer chez Pep Guardiola, r\u00e9put\u00e9 exigeant sur la condition physique, et en \u00e9quipe de France.<\/p>\n<p>R\u00e9dacteur<\/p>\n<p><img decoding=\"async\" width=\"76\" height=\"76\" loading=\"lazy\" src=\"https:\/\/www.europesays.com\/fr\/wp-content\/uploads\/2025\/04\/logo-antoine-chirat.jpg\" alt=\"Antoine Chirat\"\/><\/p>\n","protected":false},"excerpt":{"rendered":"Passer dans les mains de Pep Guardiola est une exp\u00e9rience unique pour tous les joueurs de football. Mais&hellip;\n","protected":false},"author":2,"featured_media":479339,"comment_status":"","ping_status":"","sticky":false,"template":"","format":"standard","meta":{"footnotes":""},"categories":[1410],"tags":[60264,63,1011,27,241,60],"class_list":{"0":"post-479338","1":"post","2":"type-post","3":"status-publish","4":"format-standard","5":"has-post-thumbnail","7":"category-football","8":"tag-angleterre-premier-league","9":"tag-football","10":"tag-fr","11":"tag-france","12":"tag-ol","13":"tag-sports"},"share_on_mastodon":{"url":"https:\/\/pubeurope.com\/@fr\/115411897145892555","error":""},"_links":{"self":[{"href":"https:\/\/www.europesays.com\/fr\/wp-json\/wp\/v2\/posts\/479338","targetHints":{"allow":["GET"]}}],"collection":[{"href":"https:\/\/www.europesays.com\/fr\/wp-json\/wp\/v2\/posts"}],"about":[{"href":"https:\/\/www.europesays.com\/fr\/wp-json\/wp\/v2\/types\/post"}],"author":[{"embeddable":true,"href":"https:\/\/www.europesays.com\/fr\/wp-json\/wp\/v2\/users\/2"}],"replies":[{"embeddable":true,"href":"https:\/\/www.europesays.com\/fr\/wp-json\/wp\/v2\/comments?post=479338"}],"version-history":[{"count":0,"href":"https:\/\/www.europesays.com\/fr\/wp-json\/wp\/v2\/posts\/479338\/revisions"}],"wp:featuredmedia":[{"embeddable":true,"href":"https:\/\/www.europesays.com\/fr\/wp-json\/wp\/v2\/media\/479339"}],"wp:attachment":[{"href":"https:\/\/www.europesays.com\/fr\/wp-json\/wp\/v2\/media?parent=479338"}],"wp:term":[{"taxonomy":"category","embeddable":true,"href":"https:\/\/www.europesays.com\/fr\/wp-json\/wp\/v2\/categories?post=479338"},{"taxonomy":"post_tag","embeddable":true,"href":"https:\/\/www.europesays.com\/fr\/wp-json\/wp\/v2\/tags?post=479338"}],"curies":[{"name":"wp","href":"https:\/\/api.w.org\/{rel}","templated":true}]}}