{"id":479346,"date":"2025-10-21T11:25:15","date_gmt":"2025-10-21T11:25:15","guid":{"rendered":"https:\/\/www.europesays.com\/fr\/479346\/"},"modified":"2025-10-21T11:25:15","modified_gmt":"2025-10-21T11:25:15","slug":"lheure-du-grand-oral-pour-marie-ange-debon-proposee-a-la-tete-de-la-poste-actualites","status":"publish","type":"post","link":"https:\/\/www.europesays.com\/fr\/479346\/","title":{"rendered":"L&rsquo;heure du grand oral pour Marie-Ange Debon, propos\u00e9e \u00e0 la t\u00eate de La Poste : Actualit\u00e9s"},"content":{"rendered":"<p class=\"lead \">La pr\u00e9sidente de Keolis, Marie-Ange Debon, va-t-elle devenir la premi\u00e8re femme \u00e0 la t\u00eate de La Poste ? D\u00e9put\u00e9s et s\u00e9nateurs se prononceront mardi, apr\u00e8s avoir auditionn\u00e9 la candidate d\u00e9sign\u00e9e par Emmanuel Macron pour diriger le mastodonte public, confront\u00e9 \u00e0 la baisse du courrier.<\/p>\n<p class=\"lead \">Patronne depuis ao\u00fbt 2020 de Keolis, filiale de la SNCF sp\u00e9cialis\u00e9e dans les transports publics, Marie-Ange Debon, 60 ans, d\u00e9taillera sa feuille de route devant les commissions des affaires \u00e9conomiques du S\u00e9nat et de l&rsquo;Assembl\u00e9e nationale, respectivement \u00e0 15H et 17H.<\/p>\n<p class=\"lead \">Sa nomination comme PDG de La Poste pour un mandat de cinq ans sera valid\u00e9e si la somme des votes n\u00e9gatifs exprim\u00e9s dans les deux commissions n&rsquo;exc\u00e8de pas trois cinqui\u00e8mes des suffrages, puis ent\u00e9rin\u00e9e par d\u00e9cret au Journal officiel.<\/p>\n<p class=\"lead \">Dipl\u00f4m\u00e9e d&rsquo;HEC et de l&rsquo;ENA, Marie-Ange Debon succ\u00e9derait ainsi \u00e0 Philippe Wahl, contraint de passer le flambeau apr\u00e8s douze ans pour raison d&rsquo;\u00e2ge, avec la lourde t\u00e2che de maintenir financi\u00e8rement \u00e0 flot un groupe employant 230.000 postiers et soumis depuis plusieurs ann\u00e9es \u00e0 la baisse drastique des volumes de courrier.<\/p>\n<p class=\"lead \">L&rsquo;entreprise aux 34,6 milliards d&rsquo;euros de chiffre d&rsquo;affaires (en 2024) souffre aussi du fait que ses missions de service public (distribution du courrier et de la presse, am\u00e9nagement du territoire, accessibilit\u00e9 bancaire) ne soient pas int\u00e9gralement financ\u00e9es par l&rsquo;Etat.<\/p>\n<p class=\"lead \">D\u00e9tenue \u00e0 66% par la Caisse des d\u00e9p\u00f4ts et \u00e0 34% par l&rsquo;Etat, elle a r\u00e9cemment fait pol\u00e9mique en renfor\u00e7ant son partenariat avec Temu, plateforme de bazar du g\u00e9ant chinois PDD Holdings. <\/p>\n<p class=\"lead \">Marie-Ange Debon devrait ainsi \u00eatre interrog\u00e9e sur les plateformes asiatiques \u00e0 prix discount, qui repr\u00e9sentent 22% des colis achemin\u00e9s par La Poste mais sont accus\u00e9es notamment de concurrence d\u00e9loyale, de pollution et de travail indigne.<\/p>\n<p class=\"lead \">D&rsquo;autant que le projet de budget 2026 de l&rsquo;Etat pr\u00e9voit une taxe sur les petits colis livr\u00e9s par des entreprises \u00e9tablies hors de l&rsquo;Union europ\u00e9enne, notamment de Chine.<\/p>\n<p class=\"lead \">La question du \u00ab\u00a0d\u00e9plafonnement des salaires\u00a0\u00bb sera \u00e9galement \u00ab\u00a0au c\u0153ur des d\u00e9bats\u00a0\u00bb alors que la r\u00e9mun\u00e9ration des dirigeants de La Banque postale, St\u00e9phane Dedeyan, et de sa filiale CNP Assurances, Marie-Aude Th\u00e9paut, d\u00e9passent les 450.000 euros impos\u00e9s aux patrons d&rsquo;entreprises publiques, selon La Lettre.<\/p>\n<p class=\"lead \">Du c\u00f4t\u00e9 des syndicats de La Poste, \u00ab\u00a0on attend avec impatience de conna\u00eetre\u00a0\u00bb le projet de Mme Debon, a indiqu\u00e9 \u00e0 l&rsquo;AFP St\u00e9phane Chevet, administrateur CFDT, esp\u00e9rant \u00ab\u00a0une consolidation du groupe tel qu&rsquo;il existe aujourd&rsquo;hui et une d\u00e9fense des emplois\u00a0\u00bb.<\/p>\n<p class=\"lead \">\u00ab\u00a0On esp\u00e8re une rupture avec la politique men\u00e9e jusqu&rsquo;ici qui vise \u00e0 privatiser chaque jour un peu plus La Poste\u00a0\u00bb, a en revanche pr\u00e9venu Christian Mathorel, secr\u00e9taire g\u00e9n\u00e9ral de la f\u00e9d\u00e9ration CGT des activit\u00e9s postales et t\u00e9l\u00e9com.<\/p>\n<p class=\"lead \">L&rsquo;Elys\u00e9e ayant tard\u00e9 \u00e0 choisir sa candidate, une gouvernance par int\u00e9rim avait \u00e9t\u00e9 mise en place fin juin, avec notamment Philippe Wahl \u00e0 la pr\u00e9sidence du conseil d&rsquo;administration.<\/p>\n<p class=\"small font-weight-bold text-gray3 \"> publi\u00e9 le 21 octobre \u00e0 12h17, AFP<\/p>\n<p>                             Partager<\/p>\n","protected":false},"excerpt":{"rendered":"La pr\u00e9sidente de Keolis, Marie-Ange Debon, va-t-elle devenir la premi\u00e8re femme \u00e0 la t\u00eate de La Poste ?&hellip;\n","protected":false},"author":2,"featured_media":479347,"comment_status":"","ping_status":"","sticky":false,"template":"","format":"standard","meta":{"footnotes":""},"categories":[1356],"tags":[523,130,13789,2105,58,59,313,1011,27,2726,1050,1858,252,2803,1364],"class_list":{"0":"post-479346","1":"post","2":"type-post","3":"status-publish","4":"format-standard","5":"has-post-thumbnail","7":"category-television","8":"tag-banque","9":"tag-consommation","10":"tag-dirigeants","11":"tag-distribution","12":"tag-divertissement","13":"tag-entertainment","14":"tag-entreprises","15":"tag-fr","16":"tag-france","17":"tag-logistique","18":"tag-parlement","19":"tag-services","20":"tag-television","21":"tag-transport","22":"tag-tv"},"share_on_mastodon":{"url":"https:\/\/pubeurope.com\/@fr\/115411912296663108","error":""},"_links":{"self":[{"href":"https:\/\/www.europesays.com\/fr\/wp-json\/wp\/v2\/posts\/479346","targetHints":{"allow":["GET"]}}],"collection":[{"href":"https:\/\/www.europesays.com\/fr\/wp-json\/wp\/v2\/posts"}],"about":[{"href":"https:\/\/www.europesays.com\/fr\/wp-json\/wp\/v2\/types\/post"}],"author":[{"embeddable":true,"href":"https:\/\/www.europesays.com\/fr\/wp-json\/wp\/v2\/users\/2"}],"replies":[{"embeddable":true,"href":"https:\/\/www.europesays.com\/fr\/wp-json\/wp\/v2\/comments?post=479346"}],"version-history":[{"count":0,"href":"https:\/\/www.europesays.com\/fr\/wp-json\/wp\/v2\/posts\/479346\/revisions"}],"wp:featuredmedia":[{"embeddable":true,"href":"https:\/\/www.europesays.com\/fr\/wp-json\/wp\/v2\/media\/479347"}],"wp:attachment":[{"href":"https:\/\/www.europesays.com\/fr\/wp-json\/wp\/v2\/media?parent=479346"}],"wp:term":[{"taxonomy":"category","embeddable":true,"href":"https:\/\/www.europesays.com\/fr\/wp-json\/wp\/v2\/categories?post=479346"},{"taxonomy":"post_tag","embeddable":true,"href":"https:\/\/www.europesays.com\/fr\/wp-json\/wp\/v2\/tags?post=479346"}],"curies":[{"name":"wp","href":"https:\/\/api.w.org\/{rel}","templated":true}]}}