{"id":479348,"date":"2025-10-21T11:26:23","date_gmt":"2025-10-21T11:26:23","guid":{"rendered":"https:\/\/www.europesays.com\/fr\/479348\/"},"modified":"2025-10-21T11:26:23","modified_gmt":"2025-10-21T11:26:23","slug":"heavy-week-end-2026-annonce-des-3-tetes-daffiche","status":"publish","type":"post","link":"https:\/\/www.europesays.com\/fr\/479348\/","title":{"rendered":"HEAVY WEEK-END 2026 Annonce des 3 t\u00eates d&rsquo;affiche"},"content":{"rendered":"<p>\t\t\t\t\t<img decoding=\"async\" src=\"https:\/\/www.europesays.com\/fr\/wp-content\/uploads\/2025\/10\/8a27449e-f253-43e4-a3bf-3ab60ba06e9a.jpg\" style=\"height: 468px; width: 850px;\"\/><\/p>\n<p>&#13;<br \/>\nPour la troisi\u00e8me ann\u00e9e cons\u00e9cutive, le <strong>HEAVY WEEK-END<\/strong> se d\u00e9roulera au Nancy Open Air, les 5, 6 et 7 juin 2026 et accueillera par ordre d&rsquo;apparition sur la sc\u00e8ne du Z\u00e9nith\u00a0: <strong>SABATON <\/strong>le vendredi, <strong>GOJIRA <\/strong>le samedi et <strong>ELECTRIC CALLBOY<\/strong> le dimanche, trois des formations les plus attractives de la sc\u00e8ne \u00ab\u00a0metal\u00a0\u00bb actuelle, chacun de ces groupes repr\u00e9sentant un courant bien sp\u00e9cifique de cette musique qui n&rsquo;en finit pas de se r\u00e9g\u00e9n\u00e9rer, voire de se r\u00e9inventer.<\/p>\n<p>Fiert\u00e9 nationale oblige, <strong>GOJIRA <\/strong>va sans aucun doute cr\u00e9er la sensation en donnant \u00e0 Nancy son seul et unique concert en France en 2026. Un show \u00e0 m\u00eame d&rsquo;unir toutes les franges m\u00e9talliques de l&rsquo;Hexagone et qui s&rsquo;inscrira en marge de ses prestations en premi\u00e8re partie de METALLICA, pr\u00e9vues en Europe l&rsquo;an prochain. L&rsquo;occasion immanquable de rejoindre ces chantres du metal dans leur irr\u00e9sistible ascension.<\/p>\n<p>Dans un tout autre style, les Su\u00e9dois <strong>SABATON <\/strong>viendront donner une le\u00e7on d&rsquo;histoire au son de leur heavy\/power metal f\u00e9d\u00e9rateur, rendant hommage \u00e0 des personnages l\u00e9gendaires tels que Napol\u00e9on, Jeanne d&rsquo;Arc ou encore Jules C\u00e9sar, dans un univers tout feu tout flamme.<\/p>\n<p>Enfin, les Allemands <strong>ELECTRIC CALLBOY<\/strong> d\u00e9bouleront avec leurs hymnes ultra dynamiques et d\u00e9bordant d&rsquo;optimisme, qui ne manqueront pas de faire bondir le public dans tous les sens.<\/p>\n<p>Trois jours, trois groupes, trois styles de metal, trois bonnes raisons de se donner rendez-vous \u00e0 la troisi\u00e8me \u00e9dition du <strong>HEAVY WEEK-END<\/strong> les 5, 6 et 7 juin 2026 dans le cadre du Nancy Open Air. Les pass 3 jours sont d&rsquo;ores et d\u00e9j\u00e0 disponibles\u00a0: informations et r\u00e9servations sur <a href=\"http:\/\/www.heavyweekend.live\/\" target=\"_blank\" rel=\"nofollow noopener\">www.heavyweekend.live<\/a> et <a href=\"http:\/\/www.nancyopenait.com\/\" target=\"_blank\" rel=\"nofollow noopener\">www.nancyopenair.com<\/a><\/p>\n<p>\t\t\t\t\t\t<img loading=\"lazy\" decoding=\"async\" src=\"https:\/\/www.europesays.com\/fr\/wp-content\/uploads\/2025\/08\/WP_20140517_012_200x200.png\" width=\"100\" height=\"100\" class=\"circle\" alt=\"Blogger : Christophe Droit\" title=\"Christophe Droit\"\/>\t\t\t\t\t\t<\/p>\n<p>Au sujet de l&rsquo;auteur<\/p>\n<p>Christophe Droit<\/p>\n<p>Animateur radio chevronn\u00e9 de la r\u00e9gion toulousaine, fid\u00e8le partenaire de HARD FORCE depuis toujours, Christophe, alias \u00ab\u00a0Godzilla\u00a0\u00bb, a particip\u00e9 \u00e0 l&rsquo;\u00e9laboration du projet Radio Force (CD &amp; Musique) encart\u00e9 dans le magazine jusqu&rsquo;en 2000. &#13;<br \/>\nDepuis 2008, il supervise l&rsquo;\u00e9quipe et l&rsquo;actualit\u00e9 dans HARD FORCE et sur Facebook et anime de tr\u00e8s nombreuses \u00e9missions sur HEAVY1, notamment NOISEWEEK tous les vendredis soirs, consacr\u00e9e \u00e0 l&rsquo;actualit\u00e9 discographique de la semaine.<\/p>\n<p>\t\t\t\t\t\t<a href=\"https:\/\/hardforce.com\/blogger\/christophe-droit\" title=\"Christophe Droit\" rel=\"nofollow noopener\" target=\"_blank\">Ses autres publications<\/a>\t\t\t\t\t<\/p>\n","protected":false},"excerpt":{"rendered":"&#13; Pour la troisi\u00e8me ann\u00e9e cons\u00e9cutive, le HEAVY WEEK-END se d\u00e9roulera au Nancy Open Air, les 5, 6&hellip;\n","protected":false},"author":2,"featured_media":479349,"comment_status":"","ping_status":"","sticky":false,"template":"","format":"standard","meta":{"footnotes":""},"categories":[1355],"tags":[58,19220,59,1011,27,8674,60269,60267,60266,1361,873,60268,60012],"class_list":{"0":"post-479348","1":"post","2":"type-post","3":"status-publish","4":"format-standard","5":"has-post-thumbnail","7":"category-musique","8":"tag-divertissement","9":"tag-electric-callboy","10":"tag-entertainment","11":"tag-fr","12":"tag-france","13":"tag-gerard-drouot-productions","14":"tag-gojira","15":"tag-heavy-week-end","16":"tag-heavy-week-end-2026","17":"tag-music","18":"tag-musique","19":"tag-nancy-open-air","20":"tag-sabaton"},"share_on_mastodon":{"url":"https:\/\/pubeurope.com\/@fr\/115411916805879579","error":""},"_links":{"self":[{"href":"https:\/\/www.europesays.com\/fr\/wp-json\/wp\/v2\/posts\/479348","targetHints":{"allow":["GET"]}}],"collection":[{"href":"https:\/\/www.europesays.com\/fr\/wp-json\/wp\/v2\/posts"}],"about":[{"href":"https:\/\/www.europesays.com\/fr\/wp-json\/wp\/v2\/types\/post"}],"author":[{"embeddable":true,"href":"https:\/\/www.europesays.com\/fr\/wp-json\/wp\/v2\/users\/2"}],"replies":[{"embeddable":true,"href":"https:\/\/www.europesays.com\/fr\/wp-json\/wp\/v2\/comments?post=479348"}],"version-history":[{"count":0,"href":"https:\/\/www.europesays.com\/fr\/wp-json\/wp\/v2\/posts\/479348\/revisions"}],"wp:featuredmedia":[{"embeddable":true,"href":"https:\/\/www.europesays.com\/fr\/wp-json\/wp\/v2\/media\/479349"}],"wp:attachment":[{"href":"https:\/\/www.europesays.com\/fr\/wp-json\/wp\/v2\/media?parent=479348"}],"wp:term":[{"taxonomy":"category","embeddable":true,"href":"https:\/\/www.europesays.com\/fr\/wp-json\/wp\/v2\/categories?post=479348"},{"taxonomy":"post_tag","embeddable":true,"href":"https:\/\/www.europesays.com\/fr\/wp-json\/wp\/v2\/tags?post=479348"}],"curies":[{"name":"wp","href":"https:\/\/api.w.org\/{rel}","templated":true}]}}