{"id":479362,"date":"2025-10-21T11:33:11","date_gmt":"2025-10-21T11:33:11","guid":{"rendered":"https:\/\/www.europesays.com\/fr\/479362\/"},"modified":"2025-10-21T11:33:11","modified_gmt":"2025-10-21T11:33:11","slug":"la-russie-eloigne-la-perspective-dune-concretisation-rapide","status":"publish","type":"post","link":"https:\/\/www.europesays.com\/fr\/479362\/","title":{"rendered":"la Russie \u00e9loigne la perspective d&rsquo;une concr\u00e9tisation rapide"},"content":{"rendered":"<p>\n    \u00abNi le pr\u00e9sident (russe Vladimir) Poutine, ni le pr\u00e9sident (am\u00e9ricain Donald) Trump n\u2019ont annonc\u00e9 de d\u00e9lai pr\u00e9cis\u00bb, a d\u00e9clar\u00e9 \u00e0 la presse le porte-parole du Kremlin, Dmitri Peskov, lors d\u2019une r\u00e9union pr\u00e9paratoire \u00e0 laquelle participe l\u2019AFP.<\/p>\n<p class=\"fig-paragraph\">La\u00a0<a href=\"https:\/\/www.lefigaro.fr\/tag\/russie\" target=\"_blank\" rel=\"sponsored noopener\" data-gtm-custom-categorie=\"navigation\" data-gtm-custom-action=\"crossclick\" data-gtm-custom-label=\"Contextuel\" data-gtm-event=\"customEventSPE\">Russie\u00a0<\/a>a minimis\u00e9 mardi les chances qu&rsquo;un sommet entre\u00a0<a href=\"https:\/\/www.lefigaro.fr\/tag\/vladimir-poutine\" target=\"_blank\" rel=\"sponsored noopener\" data-gtm-custom-categorie=\"navigation\" data-gtm-custom-action=\"crossclick\" data-gtm-custom-label=\"Contextuel\" data-gtm-event=\"customEventSPE\">Vladimir Poutine<\/a>\u00a0et\u00a0<a href=\"https:\/\/www.lefigaro.fr\/tag\/donald-trump\" target=\"_blank\" rel=\"sponsored noopener\" data-gtm-custom-categorie=\"navigation\" data-gtm-custom-action=\"crossclick\" data-gtm-custom-label=\"Contextuel\" data-gtm-event=\"customEventSPE\">Donald Trump<\/a>\u00a0intervienne rapidement, en soulignant qu&rsquo;\u00abaucun d\u00e9lai pr\u00e9cis\u00bb n&rsquo;a \u00e9t\u00e9 fix\u00e9 pour cette rencontre qui doit \u00eatre pr\u00e9c\u00e9d\u00e9e d&rsquo;un travail pr\u00e9paratoire entre Moscou et Washington. \u00abNi le pr\u00e9sident (russe Vladimir) Poutine, ni le pr\u00e9sident (am\u00e9ricain Donald) Trump n&rsquo;ont annonc\u00e9 de d\u00e9lai pr\u00e9cis\u00bb, a d\u00e9clar\u00e9 \u00e0 la presse le porte-parole du Kremlin, Dmitri Peskov, lors d&rsquo;une r\u00e9union pr\u00e9paratoire \u00e0 laquelle participe l&rsquo;AFP.<\/p>\n<p>\u00abDemander du temps\u00bb<\/p>\n<p class=\"fig-paragraph\">\u00abLa partie am\u00e9ricaine, comme la partie russe ont d\u00e9clar\u00e9 que cela pourrait demander du temps\u00bb, a-t-il rappel\u00e9, en insistant sur la n\u00e9cessit\u00e9 des \u00abpr\u00e9paratifs s\u00e9rieux\u00bb. Moscou a \u00e9galement jug\u00e9 mardi \u00abpr\u00e9matur\u00e9\u00bb d&rsquo;envisager un calendrier pour la rencontre entre les chefs de la diplomatie russe Sergue\u00ef Lavrov et am\u00e9ricain Marco Rubio, cens\u00e9e ouvrir la voie au prochain sommet Poutine-Trump envisag\u00e9 \u00e0 Budapest sur la guerre en Ukraine.<\/p>\n<p>                                    <a class=\"fig-a11y-skip a11y-hidden\" href=\"#fig-a11y-skip-main-inarticle\"><br \/>\n        Passer la publicit\u00e9<br \/>\n    <\/a><\/p>\n<p class=\"fig-paragraph\">Il est \u00abpr\u00e9matur\u00e9 de parler d&rsquo;un calendrier\u00bb, \u00abni avant, ni pendant l&rsquo;appel t\u00e9l\u00e9phonique d&rsquo;hier la question de la rencontre n&rsquo;a \u00e9t\u00e9 sp\u00e9cifiquement soulev\u00e9e\u00bb, a indiqu\u00e9 le vice-ministre russe des Affaires \u00e9trang\u00e8res, Sergue\u00ef Riabkov, cit\u00e9 par les agences de presse officielles russes. Il faisait allusion \u00e0 un \u00e9change t\u00e9l\u00e9phonique Lavrov-Rubio intervenu lundi, qui pourrait \u00eatre suivi d&rsquo;une rencontre entre eux, avant le sommet entre les deux pr\u00e9sidents dans la capitale hongroise.<\/p>\n<p>\u00abContacts t\u00e9l\u00e9phoniques\u00bb<\/p>\n<p class=\"fig-paragraph\">Pour l&rsquo;heure, \u00abnous nous sommes mis d&rsquo;accord pour poursuivre les contacts t\u00e9l\u00e9phoniques\u00bb, a annonc\u00e9 mardi Lavrov, lors d&rsquo;une conf\u00e9rence de presse. Le 16 octobre, ce sommet \u00e0 Budapest a \u00e9t\u00e9 pour la premi\u00e8re fois \u00e9voqu\u00e9 entre Vladimir Poutine et Donald Trump. En rendant compte de son \u00e9change \u00abtr\u00e8s productif\u00bb ce jour-l\u00e0 avec son homologue russe, Donald Trump avait indiqu\u00e9 que le sommet aurait lieu \u00abdans les deux prochaines semaines\u00bb, soit avant le mois de novembre.<\/p>\n<p class=\"fig-paragraph\">Mais cette perspective semble d\u00e9sormais s&rsquo;\u00e9loigner. Apr\u00e8s leur rencontre en Alaska en ao\u00fbt, qui n&rsquo;avait d\u00e9bouch\u00e9 sur rien de concret, celle-ci serait la deuxi\u00e8me destin\u00e9e \u00e0 trouver une issue \u00e0 la guerre en Ukraine, d\u00e9clench\u00e9e par la Russie d\u00e9but 2022. Le pr\u00e9sident ukrainien Volodymyr Zelensky s&rsquo;est d\u00e9clar\u00e9 pr\u00eat \u00e0 s&rsquo;y joindre s&rsquo;il y \u00e9tait invit\u00e9.<\/p>\n","protected":false},"excerpt":{"rendered":"\u00abNi le pr\u00e9sident (russe Vladimir) Poutine, ni le pr\u00e9sident (am\u00e9ricain Donald) Trump n\u2019ont annonc\u00e9 de d\u00e9lai pr\u00e9cis\u00bb, a&hellip;\n","protected":false},"author":2,"featured_media":479363,"comment_status":"","ping_status":"","sticky":false,"template":"","format":"standard","meta":{"footnotes":""},"categories":[5],"tags":[11,75,1011,27,14,12,132,135,28],"class_list":{"0":"post-479362","1":"post","2":"type-post","3":"status-publish","4":"format-standard","5":"has-post-thumbnail","7":"category-international","8":"tag-actualites","9":"tag-donald-trump","10":"tag-fr","11":"tag-france","12":"tag-international","13":"tag-news","14":"tag-russie","15":"tag-vladimir-poutine","16":"tag-world"},"share_on_mastodon":{"url":"https:\/\/pubeurope.com\/@fr\/115411943794902658","error":""},"_links":{"self":[{"href":"https:\/\/www.europesays.com\/fr\/wp-json\/wp\/v2\/posts\/479362","targetHints":{"allow":["GET"]}}],"collection":[{"href":"https:\/\/www.europesays.com\/fr\/wp-json\/wp\/v2\/posts"}],"about":[{"href":"https:\/\/www.europesays.com\/fr\/wp-json\/wp\/v2\/types\/post"}],"author":[{"embeddable":true,"href":"https:\/\/www.europesays.com\/fr\/wp-json\/wp\/v2\/users\/2"}],"replies":[{"embeddable":true,"href":"https:\/\/www.europesays.com\/fr\/wp-json\/wp\/v2\/comments?post=479362"}],"version-history":[{"count":0,"href":"https:\/\/www.europesays.com\/fr\/wp-json\/wp\/v2\/posts\/479362\/revisions"}],"wp:featuredmedia":[{"embeddable":true,"href":"https:\/\/www.europesays.com\/fr\/wp-json\/wp\/v2\/media\/479363"}],"wp:attachment":[{"href":"https:\/\/www.europesays.com\/fr\/wp-json\/wp\/v2\/media?parent=479362"}],"wp:term":[{"taxonomy":"category","embeddable":true,"href":"https:\/\/www.europesays.com\/fr\/wp-json\/wp\/v2\/categories?post=479362"},{"taxonomy":"post_tag","embeddable":true,"href":"https:\/\/www.europesays.com\/fr\/wp-json\/wp\/v2\/tags?post=479362"}],"curies":[{"name":"wp","href":"https:\/\/api.w.org\/{rel}","templated":true}]}}