{"id":479368,"date":"2025-10-21T11:36:14","date_gmt":"2025-10-21T11:36:14","guid":{"rendered":"https:\/\/www.europesays.com\/fr\/479368\/"},"modified":"2025-10-21T11:36:14","modified_gmt":"2025-10-21T11:36:14","slug":"une-nouvelle-tentative-darrachage-de-collier-en-pleine-journee","status":"publish","type":"post","link":"https:\/\/www.europesays.com\/fr\/479368\/","title":{"rendered":"une nouvelle tentative d&rsquo;arrachage de collier en pleine journ\u00e9e"},"content":{"rendered":"\n<p>C&rsquo;est un ph\u00e9nom\u00e8ne qui commence \u00e0 se r\u00e9p\u00e9ter ces derni\u00e8res semaines \u00e0 Saint-Etienne. Ce dimanche 19 octobre, peu avant midi, un jeune de 17 ans a tent\u00e9 de s\u2019en prendre \u00e0 une femme de 65 ans, rue Charles de Gaulle, en essayant de lui d\u00e9rober son collier autour du cou.<\/p>\n<p>Griff\u00e9e au visage et au menton, elle tombe au sol mais ne se laisse pas faire et parvient \u00e0 garder son bijou. Le jeune voleur d\u00e9cide donc de prendre la fuite en courant. T\u00e9moins de la sc\u00e8ne, deux individus le prennent alors en chasse. Ils r\u00e9ussissent \u00e0 l&rsquo;interpeller et d\u00e9cident de le maintenir sur un banc jusqu&rsquo;\u00e0 l&rsquo;arriv\u00e9e des policiers.\u00a0<\/p>\n<p>\u00a0Le jeune voleur de 17 ans a \u00e9t\u00e9 pr\u00e9sent\u00e9 ce mardi matin \u00e0 un magistrat.<\/p>\n","protected":false},"excerpt":{"rendered":"C&rsquo;est un ph\u00e9nom\u00e8ne qui commence \u00e0 se r\u00e9p\u00e9ter ces derni\u00e8res semaines \u00e0 Saint-Etienne. Ce dimanche 19 octobre, peu&hellip;\n","protected":false},"author":2,"featured_media":202675,"comment_status":"","ping_status":"","sticky":false,"template":"","format":"standard","meta":{"footnotes":""},"categories":[9653],"tags":[1111,11,60270,2430,1777,674,1011,27,3367,12,1072,25,55668,4001,1175],"class_list":{"0":"post-479368","1":"post","2":"type-post","3":"status-publish","4":"format-standard","5":"has-post-thumbnail","7":"category-saint-etienne","8":"tag-actu","9":"tag-actualites","10":"tag-arrachage_collier","11":"tag-auvergne-rhone-alpes","12":"tag-eu","13":"tag-europe","14":"tag-fr","15":"tag-france","16":"tag-loire","17":"tag-news","18":"tag-police","19":"tag-republique-francaise","20":"tag-saint_etienne","21":"tag-saint-etienne","22":"tag-vol"},"share_on_mastodon":{"url":"https:\/\/pubeurope.com\/@fr\/115411955875662568","error":""},"_links":{"self":[{"href":"https:\/\/www.europesays.com\/fr\/wp-json\/wp\/v2\/posts\/479368","targetHints":{"allow":["GET"]}}],"collection":[{"href":"https:\/\/www.europesays.com\/fr\/wp-json\/wp\/v2\/posts"}],"about":[{"href":"https:\/\/www.europesays.com\/fr\/wp-json\/wp\/v2\/types\/post"}],"author":[{"embeddable":true,"href":"https:\/\/www.europesays.com\/fr\/wp-json\/wp\/v2\/users\/2"}],"replies":[{"embeddable":true,"href":"https:\/\/www.europesays.com\/fr\/wp-json\/wp\/v2\/comments?post=479368"}],"version-history":[{"count":0,"href":"https:\/\/www.europesays.com\/fr\/wp-json\/wp\/v2\/posts\/479368\/revisions"}],"wp:featuredmedia":[{"embeddable":true,"href":"https:\/\/www.europesays.com\/fr\/wp-json\/wp\/v2\/media\/202675"}],"wp:attachment":[{"href":"https:\/\/www.europesays.com\/fr\/wp-json\/wp\/v2\/media?parent=479368"}],"wp:term":[{"taxonomy":"category","embeddable":true,"href":"https:\/\/www.europesays.com\/fr\/wp-json\/wp\/v2\/categories?post=479368"},{"taxonomy":"post_tag","embeddable":true,"href":"https:\/\/www.europesays.com\/fr\/wp-json\/wp\/v2\/tags?post=479368"}],"curies":[{"name":"wp","href":"https:\/\/api.w.org\/{rel}","templated":true}]}}