{"id":479377,"date":"2025-10-21T11:41:16","date_gmt":"2025-10-21T11:41:16","guid":{"rendered":"https:\/\/www.europesays.com\/fr\/479377\/"},"modified":"2025-10-21T11:41:16","modified_gmt":"2025-10-21T11:41:16","slug":"apres-sa-sortie-sur-larbitrage-a-pau-mola-est-fixe-pour-le-choc-contre-toulon","status":"publish","type":"post","link":"https:\/\/www.europesays.com\/fr\/479377\/","title":{"rendered":"apr\u00e8s sa sortie sur l\u2019arbitrage \u00e0 Pau, Mola est fix\u00e9 pour le choc contre Toulon"},"content":{"rendered":"<p>Le Stade Toulousain retrouve sa maison. Apr\u00e8s une<a href=\"https:\/\/www.quinzemondial.com\/top-14\/stade-toulousain-brillant-face-a-lubb-ce-joueur-a-coute-cher-contre-pau-avec-deux-grosses-erreurs-819776\" target=\"_blank\" rel=\"noopener\"> nouvelle d\u00e9faite \u00e0 l\u2019ext\u00e9rieur,<\/a> la troisi\u00e8me de suite, les champions en titre recevront Toulon ce dimanche en cl\u00f4ture de la huiti\u00e8me journ\u00e9e de Top 14. Pour l\u2019occasion, les Rouge et Noir \u00e9liront domicile au Stadium de Toulouse pour ce match de gala.<\/p>\n<p>Cayre au sifflet<\/p>\n<p>Apr\u00e8s la d\u00e9faite \u00e0 la sir\u00e8ne face \u00e0 Pau, Ugo Mola avait fait part de son<a href=\"https:\/\/www.quinzemondial.com\/top-14\/stade-toulousain-mola-na-pas-compris-larbitrage-a-pau-et-le-fait-savoir-819754\" target=\"_blank\" rel=\"noopener\"> incompr\u00e9hension face \u00e0 l\u2019arbitrage de la rencontre,<\/a> notamment au niveau des m\u00eal\u00e9s. Sans vouloir le critiquer, l\u2019entra\u00eeneur indiquait vouloir s\u2019expliquer avec les officiels pour comprendre leur interpr\u00e9tation.<\/p>\n<p>Ce dimanche, le choc entre Toulouse et Toulon sera dirig\u00e9 par Ludovic Cayre. Tr\u00e8s exp\u00e9riment\u00e9, l\u2019arbitre de la finale 2024 sera \u00e9paul\u00e9s sur la touche par St\u00e9phane Crapoix et Pierre-Baptiste Nuchy, avec Jean-Luc Rebollal \u00e0 la vid\u00e9o. Un quatuor renouvel\u00e9 par rapport \u00e0 Pau, o\u00f9 Marbot \u00e9tait au centre, assist\u00e9 de Bonnafous, Gasnier et Castaign\u00e8de.<\/p>\n<p>Partagez cette info avec vos amis et vos proches en cliquant ici<br \/>Pour r\u00e9sumer<\/p>\n<p>La Ligue Nationale de Rugby a d\u00e9voil\u00e9 les noms des arbitres retenus pour la huiti\u00e8me journ\u00e9e de Top 14. Le Stade Toulousain recevra notamment Toulon avec la ferme intention de faire un gros r\u00e9sultat devant son public.<\/p>\n<p> <img decoding=\"async\" width=\"76\" height=\"76\" loading=\"lazy\" src=\"https:\/\/www.europesays.com\/fr\/wp-content\/uploads\/2025\/04\/avatar-quinze.png\" alt=\"La r\u00e9daction\"\/><\/p>\n","protected":false},"excerpt":{"rendered":"Le Stade Toulousain retrouve sa maison. Apr\u00e8s une nouvelle d\u00e9faite \u00e0 l\u2019ext\u00e9rieur, la troisi\u00e8me de suite, les champions&hellip;\n","protected":false},"author":2,"featured_media":479378,"comment_status":"","ping_status":"","sticky":false,"template":"","format":"standard","meta":{"footnotes":""},"categories":[9619],"tags":[1111,11,1777,674,1011,27,12,882,25,476,478,2310],"class_list":{"0":"post-479377","1":"post","2":"type-post","3":"status-publish","4":"format-standard","5":"has-post-thumbnail","7":"category-toulon","8":"tag-actu","9":"tag-actualites","10":"tag-eu","11":"tag-europe","12":"tag-fr","13":"tag-france","14":"tag-news","15":"tag-provence-alpes-cote-dazur","16":"tag-republique-francaise","17":"tag-stade-toulousain","18":"tag-top-14","19":"tag-toulon"},"share_on_mastodon":{"url":"https:\/\/pubeurope.com\/@fr\/115411975852943754","error":""},"_links":{"self":[{"href":"https:\/\/www.europesays.com\/fr\/wp-json\/wp\/v2\/posts\/479377","targetHints":{"allow":["GET"]}}],"collection":[{"href":"https:\/\/www.europesays.com\/fr\/wp-json\/wp\/v2\/posts"}],"about":[{"href":"https:\/\/www.europesays.com\/fr\/wp-json\/wp\/v2\/types\/post"}],"author":[{"embeddable":true,"href":"https:\/\/www.europesays.com\/fr\/wp-json\/wp\/v2\/users\/2"}],"replies":[{"embeddable":true,"href":"https:\/\/www.europesays.com\/fr\/wp-json\/wp\/v2\/comments?post=479377"}],"version-history":[{"count":0,"href":"https:\/\/www.europesays.com\/fr\/wp-json\/wp\/v2\/posts\/479377\/revisions"}],"wp:featuredmedia":[{"embeddable":true,"href":"https:\/\/www.europesays.com\/fr\/wp-json\/wp\/v2\/media\/479378"}],"wp:attachment":[{"href":"https:\/\/www.europesays.com\/fr\/wp-json\/wp\/v2\/media?parent=479377"}],"wp:term":[{"taxonomy":"category","embeddable":true,"href":"https:\/\/www.europesays.com\/fr\/wp-json\/wp\/v2\/categories?post=479377"},{"taxonomy":"post_tag","embeddable":true,"href":"https:\/\/www.europesays.com\/fr\/wp-json\/wp\/v2\/tags?post=479377"}],"curies":[{"name":"wp","href":"https:\/\/api.w.org\/{rel}","templated":true}]}}