{"id":479381,"date":"2025-10-21T11:43:11","date_gmt":"2025-10-21T11:43:11","guid":{"rendered":"https:\/\/www.europesays.com\/fr\/479381\/"},"modified":"2025-10-21T11:43:11","modified_gmt":"2025-10-21T11:43:11","slug":"jean-louis-roumegas-designe-tete-de-liste-du-printemps-montpellierain","status":"publish","type":"post","link":"https:\/\/www.europesays.com\/fr\/479381\/","title":{"rendered":"Jean-Louis Roum\u00e9gas d\u00e9sign\u00e9 t\u00eate de liste du Printemps Montpelli\u00e9rain"},"content":{"rendered":"<p>            Par<br \/>\n        <strong><br \/>\n            <a href=\"https:\/\/actu.fr\/auteur\/c-nithard\" title=\"Consulter tous les articles de C\u00e9dric Nithard\" rel=\"nofollow noopener\" target=\"_blank\">C\u00e9dric Nithard<\/a><br \/>\n        <\/strong><\/p>\n<p>        Publi\u00e9 le<\/p>\n<p>            21 oct. 2025 \u00e0 12h59        <\/p>\n<p><strong>Le Printemps montpelli\u00e9rain<\/strong> a officiellement d\u00e9sign\u00e9 <strong>le d\u00e9put\u00e9 \u00e9cologiste Jean-Louis Roumegas<\/strong> pour conduire sa liste <strong>aux \u00e9lections municipales<\/strong> de mars 2026 \u00e0 <strong>Montpellier<\/strong>.<\/p>\n<p>Apr\u00e8s 2020, un autre configuration<\/p>\n<p class=\" wall-content\">Apr\u00e8s avoir \u00e9t\u00e9 <a href=\"https:\/\/actu.fr\/occitanie\/montpellier_34172\/montpellier-les-ecologistes-partiront-aux-municipales-sans-michael-delafosse-et-le-parti-socialiste_62817815.html\" rel=\"nofollow noopener\" target=\"_blank\">choisi par le groupe local des \u00c9cologistes pour conduire la strat\u00e9gie aux municipales \u00e0 Montpellier<\/a>, Jean-Louis Roum\u00e9gas a constitu\u00e9 un bloc de gauche anti-Delafosse. <a href=\"https:\/\/actu.fr\/occitanie\/montpellier_34172\/montpellier-municipales-voici-officiellement-lance-le-printemps-montpellierain_63116242.html\" rel=\"nofollow noopener\" target=\"_blank\">L\u2019Apr\u00e8s 34 et G\u00e9n\u00e9rations.S l\u2019ont d\u2019abord rejoint pour former le Printemps Montpelli\u00e9rain<\/a>. La semaine derni\u00e8re, ce fut autour de <a href=\"https:\/\/actu.fr\/occitanie\/montpellier_34172\/municipales-l-assemblee-des-quartiers-populaires-marche-avec-le-printemps-republicain_63315127.html\" rel=\"nofollow noopener\" target=\"_blank\">l\u2019Assembl\u00e9e des quartiers populaires d\u2019\u00eatre s\u00e9duite par les premi\u00e8res orientations<\/a> donn\u00e9es au projet et notamment la d\u00e9mocratie locale.<\/p>\n<p class=\" wall-content\">Le comit\u00e9 du Printemps Montpelli\u00e9rain s\u2019est r\u00e9uni et a officialis\u00e9 Jean-Louis Roum\u00e9gas comme t\u00eate de liste. Apr\u00e8s avoir \u00e9t\u00e9 <a href=\"https:\/\/actu.fr\/occitanie\/montpellier_34172\/nous-sommes-en-ordre-de-bataille-a-montpellier-marine-tondelier-conforte-jean-louis-roumegas_63224345.html\" rel=\"nofollow noopener\" target=\"_blank\">soutenu par la patronne des Verts Marine Tondelier face aux \u00e9cologistes suspendus du parti<\/a> pour mener une campagne parall\u00e8le en restant fid\u00e8le \u00e0 Micha\u00ebl Delafosse, le d\u00e9put\u00e9 de la 1\u00e8re circonscription de H\u00e9rault m\u00e8nera donc la campagne jusqu\u2019en mars prochain. \u00ab\u00a0Avec cette d\u00e9signation, le Printemps montpelli\u00e9rain affirme sa volont\u00e9 de porter un projet ambitieux pour Montpellier, fond\u00e9 sur la transition \u00e9cologique, la justice sociale et la d\u00e9mocratie locale\u00a0\u00bb pr\u00e9cise-t-on.<\/p>\n<p class=\" wall-content\">En 2020, alors en dissidence du parti et avec deux autres candidats estampill\u00e9s \u00e9cologiste, <a href=\"https:\/\/actu.fr\/occitanie\/montpellier_34172\/municipales-montpellier-lecolo-jean-louis-roumegas-sera-candidat-contre-eelv_31201984.html\" rel=\"nofollow noopener\" target=\"_blank\">Jean-Louis Roum\u00e9gas s\u2019\u00e9tait d\u00e9j\u00e0 pr\u00e9sent\u00e9 aux \u00e9lections municipales \u00e0 Montpellier<\/a> en obtenant que 1,61% au premier tour. La configuration \u00e9tait alors toute autre. Celle qui se pr\u00e9sente est sans doute plus claire chez les Verts mais n\u2019en demeure pas moins complexe pour cette \u00ab\u00a0gauche anti-Delafosse\u00a0\u00bb. Avec la d\u00e9signation de Jean-Louis Roum\u00e9gas pour le Printemps Montpelli\u00e9rain, apr\u00e8s celle de <a href=\"https:\/\/actu.fr\/occitanie\/montpellier_34172\/montpellier-prete-a-toutes-les-echeances-nathalie-oziol-lance-la-campagne-municipale-de-lfi_63289257.html\" rel=\"nofollow noopener\" target=\"_blank\">Nathalie Oziol pour La France Insoumise<\/a> et Cause Commune, dont on ne sait pas encore s\u2019ils s\u2019allieront ou partiront seuls, un rassemblement de ce bloc semble de plus en plus compliqu\u00e9.<\/p>\n<p class=\" wall-content\">Personnalisez votre actualit\u00e9 en ajoutant vos villes et m\u00e9dias en favori avec <a href=\"https:\/\/moncompte.actu.fr\" title=\"D\u00e9couvez Mon Actu\" rel=\"nofollow noopener\" data-trk=\"{&quot;cta&quot;:{&quot;action&quot;:&quot;https:\\\/\\\/moncompte.actu.fr&quot;,&quot;category&quot;:&quot;mon compte&quot;,&quot;from&quot;:&quot;article footer&quot;,&quot;name&quot;:&quot;Mon actu&quot;,&quot;type&quot;:&quot;cta&quot;}}\" target=\"_blank\">Mon Actu<\/a>.<\/p>\n","protected":false},"excerpt":{"rendered":"Par C\u00e9dric Nithard Publi\u00e9 le 21 oct. 2025 \u00e0 12h59 Le Printemps montpelli\u00e9rain a officiellement d\u00e9sign\u00e9 le d\u00e9put\u00e9&hellip;\n","protected":false},"author":2,"featured_media":479382,"comment_status":"","ping_status":"","sticky":false,"template":"","format":"standard","meta":{"footnotes":""},"categories":[9599],"tags":[1111,11,4188,1777,674,1011,27,2208,12,2680,316,25],"class_list":{"0":"post-479381","1":"post","2":"type-post","3":"status-publish","4":"format-standard","5":"has-post-thumbnail","7":"category-montpellier","8":"tag-actu","9":"tag-actualites","10":"tag-elections-municipales","11":"tag-eu","12":"tag-europe","13":"tag-fr","14":"tag-france","15":"tag-montpellier","16":"tag-news","17":"tag-occitanie","18":"tag-politique","19":"tag-republique-francaise"},"share_on_mastodon":{"url":"https:\/\/pubeurope.com\/@fr\/115411983108288975","error":""},"_links":{"self":[{"href":"https:\/\/www.europesays.com\/fr\/wp-json\/wp\/v2\/posts\/479381","targetHints":{"allow":["GET"]}}],"collection":[{"href":"https:\/\/www.europesays.com\/fr\/wp-json\/wp\/v2\/posts"}],"about":[{"href":"https:\/\/www.europesays.com\/fr\/wp-json\/wp\/v2\/types\/post"}],"author":[{"embeddable":true,"href":"https:\/\/www.europesays.com\/fr\/wp-json\/wp\/v2\/users\/2"}],"replies":[{"embeddable":true,"href":"https:\/\/www.europesays.com\/fr\/wp-json\/wp\/v2\/comments?post=479381"}],"version-history":[{"count":0,"href":"https:\/\/www.europesays.com\/fr\/wp-json\/wp\/v2\/posts\/479381\/revisions"}],"wp:featuredmedia":[{"embeddable":true,"href":"https:\/\/www.europesays.com\/fr\/wp-json\/wp\/v2\/media\/479382"}],"wp:attachment":[{"href":"https:\/\/www.europesays.com\/fr\/wp-json\/wp\/v2\/media?parent=479381"}],"wp:term":[{"taxonomy":"category","embeddable":true,"href":"https:\/\/www.europesays.com\/fr\/wp-json\/wp\/v2\/categories?post=479381"},{"taxonomy":"post_tag","embeddable":true,"href":"https:\/\/www.europesays.com\/fr\/wp-json\/wp\/v2\/tags?post=479381"}],"curies":[{"name":"wp","href":"https:\/\/api.w.org\/{rel}","templated":true}]}}