{"id":479391,"date":"2025-10-21T11:48:10","date_gmt":"2025-10-21T11:48:10","guid":{"rendered":"https:\/\/www.europesays.com\/fr\/479391\/"},"modified":"2025-10-21T11:48:10","modified_gmt":"2025-10-21T11:48:10","slug":"a-19-ans-et-deja-connu-de-la-justice-il-pourchasse-et-sequestre-un-ado-de-16-ans","status":"publish","type":"post","link":"https:\/\/www.europesays.com\/fr\/479391\/","title":{"rendered":"\u00e0 19 ans et d\u00e9j\u00e0 connu de la justice, il pourchasse et s\u00e9questre un ado de 16 ans"},"content":{"rendered":"<p>            Par<br \/>\n        <strong><br \/>\n            <a href=\"https:\/\/actu.fr\/auteur\/redaction-rennes\" title=\"Consulter tous les articles de R\u00e9daction Rennes\" target=\"_blank\" rel=\"noopener\">R\u00e9daction Rennes<\/a><br \/>\n        <\/strong><\/p>\n<p>        Publi\u00e9 le<\/p>\n<p>            21 oct. 2025 \u00e0 10h15        <\/p>\n<p>Le 18\u00a0mai 2025, vers 3h40, Enzo, 16\u00a0ans, rentrait d\u2019une \u00ab\u2009soir\u00e9e\u2009\u00bb avec deux amis <strong>dans le quartier du cimeti\u00e8re de l\u2019Est,<\/strong> lorsqu\u2019un Volkswagen Touran avait fait <strong>une \u00ab\u2009embard\u00e9e\u2009\u00bb<\/strong> dans leur direction et avait <strong>manqu\u00e9 de les \u00ab\u2009percuter\u2009\u00bb. <\/strong>La voiture avait ensuite fait \u00ab\u2009demi-tour\u2009\u00bb et avait <strong>\u00ab\u2009poursuivi\u2009\u00bb<\/strong> les trois jeunes qui avaient <strong>tent\u00e9 de \u00ab\u2009prendre la fuite\u2009\u00bb.<\/strong><\/p>\n<p>D\u00e9pouill\u00e9<\/p>\n<p class=\" wall-content\">Enzo s\u2019\u00e9tait alors \u00ab\u2009s\u00e9par\u00e9\u2009\u00bb de ses deux amis lorsque le v\u00e9hicule l\u2019avait \u00ab\u2009bloqu\u00e9\u2009\u00bb\u2009: ses occupants \u00e9taient descendus, l\u2019avaient <strong>fait tomber d\u2019une \u00ab\u2009balayette\u2009\u00bb<\/strong> et lui avaient \u00ab\u2009mis <strong>des coups par terre\u2009\u00bb.<\/strong><\/p>\n<p class=\" wall-content\">Ses agresseurs avaient ensuite<strong> fait monter l\u2019adolescent de 16\u00a0ans dans le v\u00e9hicule<\/strong> \u2013 qui s\u2019\u00e9tait av\u00e9r\u00e9 <strong>vol\u00e9<\/strong> \u2013 et l\u2019avaient emmen\u00e9 dans le quartier de Br\u00e9quigny.<\/p>\n<p class=\" wall-content\">Apr\u00e8s l\u2019avoir <strong>d\u00e9pouill\u00e9 de son t\u00e9l\u00e9phone<\/strong> et lui avoir <strong>retir\u00e9 ses chaussures<\/strong>, ils l\u2019avaient <strong>\u00ab\u2009s\u00e9questr\u00e9\u2009\u00bb<\/strong> pendant deux heures\u2009: ils lui avaient montr\u00e9 des \u00ab\u2009armes\u2009\u00bb cach\u00e9es dans un \u00ab\u2009bosquet\u2009\u00bb et avaient envoy\u00e9 une vid\u00e9o \u00e0 ses amis sur Snapchat pour leur demander de leur apporter leurs t\u00e9l\u00e9phones et leurs casquettes, faute de quoi <strong>ils mena\u00e7aient de le \u00ab\u2009d\u00e9foncer\u2009\u00bb <\/strong>et de<strong> lui \u00ab\u2009tirer dans les jambes\u2009\u00bb.<\/strong><\/p>\n<p>\u00ab\u2009D\u00e9sol\u00e9\u2009\u00bb<\/p>\n<p class=\" wall-content\">Un seul des trois agresseurs, <strong>Taliesin,<\/strong> avait finalement pu \u00eatre <strong>identifi\u00e9<\/strong> et <strong>interpell\u00e9.<\/strong> Plac\u00e9 en garde \u00e0 vue, <strong>ce jeune homme de 19\u00a0ans<\/strong> avait refus\u00e9 de donner le nom de ses complices et avait <strong>ni\u00e9<\/strong> avoir s\u00e9questr\u00e9 Enzo. Il contestait \u00e9galement avoir donn\u00e9 des coups \u00e0 ce dernier.<\/p>\n<p class=\" wall-content\">Devant le tribunal correctionnel de Rennes, jeudi 16\u00a0octobre 2025, le pr\u00e9venu a dit \u00eatre <strong>\u00ab\u2009d\u00e9sol\u00e9\u2009\u00bb<\/strong> de ce qu\u2019il a fait. Il a expliqu\u00e9 <strong>avoir voulu \u00ab\u2009faire le malin\u2009\u00bb<\/strong> en r\u00e9ponse \u00e0 un \u00ab\u2009geste\u2009\u00bb de la victime et de ses amis apr\u00e8s qu\u2019ils ont manqu\u00e9 de se faire renverser, mais a affirm\u00e9 avoir tent\u00e9 d\u2019\u00ab\u2009intervenir\u2009\u00bb pour \u00ab\u2009limiter les violences\u2009\u00bb.<\/p>\n<p>Votre r\u00e9gion, votre actu !<\/p>\n<p>Recevez chaque jour les infos qui comptent pour vous.<\/p>\n<p>\t<a href=\"https:\/\/actu.fr\/newsletter\" class=\"ac-btn ac-btn--corner ac-btn--medium ac-btn--blue800\" target=\"_blank\" rel=\"noopener\">S&rsquo;incrire<\/a><\/p>\n<blockquote class=\"ac-article-quote wall-content\">\n<p>C&rsquo;est comme si j&rsquo;\u00e9tais perdu \u00e0 cette \u00e9poque-l\u00e0&#8230; J&rsquo;ai fait les mauvais choix.<\/p>\n<p>    <strong>Taliesin<\/strong>\n            <\/p><\/blockquote>\n<p class=\" wall-content\"><strong>Le t\u00e9l\u00e9phone vol\u00e9<\/strong> \u00e0 Enzo avait ensuite \u00e9t\u00e9<strong> \u00ab\u2009vendu\u2009\u00bb<\/strong> dans le magasin d\u2019achat-revente de produits d\u2019occasion <strong>EasyCash,<\/strong> m\u00eame si \u00ab\u2009ce n\u2019\u00e9tait pas l\u2019id\u00e9e de d\u00e9part\u2009\u00bb.<\/p>\n<p>Deux mentions au casier judiciaire<\/p>\n<p class=\" wall-content\">Mais le procureur de la R\u00e9publique s\u2019est agac\u00e9 du fait qu\u2019il <strong>se positionne en \u00ab\u2009victime\u2009\u00bb.<\/strong> \u00ab\u2009On est devant un jeune qui cherche par tous les moyens \u00e0 amadouer le tribunal\u2009\u00bb, a grinc\u00e9 le repr\u00e9sentant du parquet.<\/p>\n<p class=\" wall-content\">Reste que Taliesin comptait d\u00e9j\u00e0 <strong>deux mentions \u00e0 son casier judiciaire<\/strong> pour des faits de vols avec d\u00e9gradations et d\u2019escroquerie, certains commis apr\u00e8s les faits du mois de mai. Le procureur a donc requis deux ans de prison ferme avec incarc\u00e9ration imm\u00e9diate pour lui \u00ab\u2009apprendre \u00e0 assumer ses responsabilit\u00e9s\u2009\u00bb.<\/p>\n<p>Deux ans de prison ferme<\/p>\n<p class=\" wall-content\">L\u2019avocate d\u2019Enzo, la partie civile, avait demand\u00e9 pour sa part une peine \u00ab\u2009\u00e0 la hauteur de la gravit\u00e9 des faits\u2009\u00bb\u2009:<strong> l\u2019adolescent, qui s\u2019est \u00ab\u2009vu mourir\u2009\u00bb,<\/strong> souffre encore de \u00ab\u2009troubles anxieux\u2009\u00bb quatre mois apr\u00e8s son agression.<\/p>\n<p class=\" wall-content\">L\u2019avocat de Taliesin avait insist\u00e9 de son c\u00f4t\u00e9 sur le \u00ab\u2009mal-\u00eatre extr\u00eamement important\u2009\u00bb de son jeune client, qui a v\u00e9cu <strong>une \u00ab\u2009enfance difficile\u2009\u00bb<\/strong> et a \u00e9t\u00e9<strong> hospitalis\u00e9 en psychiatrie<\/strong> apr\u00e8s une \u00ab\u2009tentative de suicide\u2009\u00bb.<\/p>\n<p class=\" wall-content\">Le tribunal correctionnel de Rennes s\u2019est malgr\u00e9 tout rang\u00e9 aux r\u00e9quisitions du parquet et a condamn\u00e9 le jeune homme \u00e0 deux ans de prison ferme. Il aura \u00e9galement <strong>l\u2019interdiction de porter une arme<\/strong> pendant cinq ans et <strong>de contacter ses complices.<\/strong><\/p>\n<p class=\" wall-content\"><strong>RB et GF (PressPepper)<\/strong><\/p>\n<p class=\" wall-content\">Personnalisez votre actualit\u00e9 en ajoutant vos villes et m\u00e9dias en favori avec <a href=\"https:\/\/moncompte.actu.fr\" title=\"D\u00e9couvez Mon Actu\" rel=\"nofollow noopener\" data-trk=\"{&quot;cta&quot;:{&quot;action&quot;:&quot;https:\\\/\\\/moncompte.actu.fr&quot;,&quot;category&quot;:&quot;mon compte&quot;,&quot;from&quot;:&quot;article footer&quot;,&quot;name&quot;:&quot;Mon actu&quot;,&quot;type&quot;:&quot;cta&quot;}}\" target=\"_blank\">Mon Actu<\/a>.<\/p>\n","protected":false},"excerpt":{"rendered":"Par R\u00e9daction Rennes Publi\u00e9 le 21 oct. 2025 \u00e0 10h15 Le 18\u00a0mai 2025, vers 3h40, Enzo, 16\u00a0ans, rentrait&hellip;\n","protected":false},"author":2,"featured_media":479392,"comment_status":"","ping_status":"","sticky":false,"template":"","format":"standard","meta":{"footnotes":""},"categories":[2821],"tags":[1111,11,829,1777,674,118,1011,27,303,12,1072,584,25],"class_list":{"0":"post-479391","1":"post","2":"type-post","3":"status-publish","4":"format-standard","5":"has-post-thumbnail","7":"category-rennes","8":"tag-actu","9":"tag-actualites","10":"tag-bretagne","11":"tag-eu","12":"tag-europe","13":"tag-faits-divers","14":"tag-fr","15":"tag-france","16":"tag-justice","17":"tag-news","18":"tag-police","19":"tag-rennes","20":"tag-republique-francaise"},"share_on_mastodon":{"url":"https:\/\/pubeurope.com\/@fr\/115412002831319858","error":""},"_links":{"self":[{"href":"https:\/\/www.europesays.com\/fr\/wp-json\/wp\/v2\/posts\/479391","targetHints":{"allow":["GET"]}}],"collection":[{"href":"https:\/\/www.europesays.com\/fr\/wp-json\/wp\/v2\/posts"}],"about":[{"href":"https:\/\/www.europesays.com\/fr\/wp-json\/wp\/v2\/types\/post"}],"author":[{"embeddable":true,"href":"https:\/\/www.europesays.com\/fr\/wp-json\/wp\/v2\/users\/2"}],"replies":[{"embeddable":true,"href":"https:\/\/www.europesays.com\/fr\/wp-json\/wp\/v2\/comments?post=479391"}],"version-history":[{"count":0,"href":"https:\/\/www.europesays.com\/fr\/wp-json\/wp\/v2\/posts\/479391\/revisions"}],"wp:featuredmedia":[{"embeddable":true,"href":"https:\/\/www.europesays.com\/fr\/wp-json\/wp\/v2\/media\/479392"}],"wp:attachment":[{"href":"https:\/\/www.europesays.com\/fr\/wp-json\/wp\/v2\/media?parent=479391"}],"wp:term":[{"taxonomy":"category","embeddable":true,"href":"https:\/\/www.europesays.com\/fr\/wp-json\/wp\/v2\/categories?post=479391"},{"taxonomy":"post_tag","embeddable":true,"href":"https:\/\/www.europesays.com\/fr\/wp-json\/wp\/v2\/tags?post=479391"}],"curies":[{"name":"wp","href":"https:\/\/api.w.org\/{rel}","templated":true}]}}