{"id":479401,"date":"2025-10-21T11:53:10","date_gmt":"2025-10-21T11:53:10","guid":{"rendered":"https:\/\/www.europesays.com\/fr\/479401\/"},"modified":"2025-10-21T11:53:10","modified_gmt":"2025-10-21T11:53:10","slug":"a-nice-une-manifestation-contre-lancien-president-la-mairie-visee","status":"publish","type":"post","link":"https:\/\/www.europesays.com\/fr\/479401\/","title":{"rendered":"\u00e0 Nice, une manifestation contre l&rsquo;ancien pr\u00e9sident, la mairie vis\u00e9e"},"content":{"rendered":"<p>            Par<br \/>\n        <strong><br \/>\n            <a href=\"https:\/\/actu.fr\/auteur\/arthur-frand\" title=\"Consulter tous les articles de Arthur Frand\" target=\"_blank\" rel=\"noopener\">Arthur Frand<\/a><br \/>\n        <\/strong><\/p>\n<p>        Publi\u00e9 le<\/p>\n<p>            21 oct. 2025 \u00e0 13h20        <\/p>\n<p>Un jour bien choisi. Alors que Nicolas Sarkozy fait son entr\u00e9e \u00e0 la prison de la Sant\u00e9 \u00e0 Paris ce mardi 21\u00a0octobre, <a href=\"https:\/\/actu.fr\/provence-alpes-cote-d-azur\/nice_06088\/municipales-2026-a-nice-lfi-et-viva-lancent-officiellement-leur-campagne_63276215.html\" target=\"_blank\" rel=\"noopener\">la liste Nice Front Populaire<\/a> saisit l\u2019occasion pour organiser une manifestation dans la capitale azur\u00e9enne <strong>visant l\u2019ancien pr\u00e9sident de la R\u00e9publique.<\/strong><\/p>\n<p class=\" wall-content\">Ce NFP ni\u00e7ois, qui regroupe <strong>La France Insoumise et le mouvement citoyen ViVA\u2009!<\/strong> pour brigue la mairie aux prochaines \u00e9lections municipales 2026, organise une visite guid\u00e9e pour le moins particuli\u00e8re\u2009: Il pr\u00e9voit une d\u00e9ambulation comment\u00e9e sur les traces des \u00ab\u2009d\u00e9linquants en col blanc honor\u00e9s par la Ville de Nice\u2009\u00bb.<\/p>\n<p class=\" wall-content\">\n<p>Un rendez-vous donn\u00e9 place Mass\u00e9na<\/p>\n<p class=\" wall-content\">La liste Nice Front Populaire souhaite en effet contester l\u2019annonce faite par le maire de Nice, Christian Estrosi, fin septembre, de donner le nom de \u00ab\u2009Parvis Nicolas Sarkozy\u2009\u00bb au futur h\u00f4tel des polices municipales et nationales de la ville.<\/p>\n<p class=\" wall-content\">Ce mardi 21\u00a0octobre, \u00e0 17\u2009h\u200930, la liste Nice Front Populaire donne rendez-vous devant la fontaine d\u2019Apollon place Mass\u00e9na, \u00e0 Nice.<\/p>\n<p class=\" wall-content\">Personnalisez votre actualit\u00e9 en ajoutant vos villes et m\u00e9dias en favori avec <a href=\"https:\/\/moncompte.actu.fr\" title=\"D\u00e9couvez Mon Actu\" rel=\"nofollow noopener\" data-trk=\"{&quot;cta&quot;:{&quot;action&quot;:&quot;https:\\\/\\\/moncompte.actu.fr&quot;,&quot;category&quot;:&quot;mon compte&quot;,&quot;from&quot;:&quot;article footer&quot;,&quot;name&quot;:&quot;Mon actu&quot;,&quot;type&quot;:&quot;cta&quot;}}\" target=\"_blank\">Mon Actu<\/a>.<\/p>\n","protected":false},"excerpt":{"rendered":"Par Arthur Frand Publi\u00e9 le 21 oct. 2025 \u00e0 13h20 Un jour bien choisi. Alors que Nicolas Sarkozy&hellip;\n","protected":false},"author":2,"featured_media":479402,"comment_status":"","ping_status":"","sticky":false,"template":"","format":"standard","meta":{"footnotes":""},"categories":[2819],"tags":[1111,11,1777,674,1011,27,1272,12,2401,3091,882,25,104],"class_list":{"0":"post-479401","1":"post","2":"type-post","3":"status-publish","4":"format-standard","5":"has-post-thumbnail","7":"category-nice","8":"tag-actu","9":"tag-actualites","10":"tag-eu","11":"tag-europe","12":"tag-fr","13":"tag-france","14":"tag-manifestations","15":"tag-news","16":"tag-nice","17":"tag-nicolas-sarkozy","18":"tag-provence-alpes-cote-dazur","19":"tag-republique-francaise","20":"tag-societe"},"share_on_mastodon":{"url":"https:\/\/pubeurope.com\/@fr\/115412022418691574","error":""},"_links":{"self":[{"href":"https:\/\/www.europesays.com\/fr\/wp-json\/wp\/v2\/posts\/479401","targetHints":{"allow":["GET"]}}],"collection":[{"href":"https:\/\/www.europesays.com\/fr\/wp-json\/wp\/v2\/posts"}],"about":[{"href":"https:\/\/www.europesays.com\/fr\/wp-json\/wp\/v2\/types\/post"}],"author":[{"embeddable":true,"href":"https:\/\/www.europesays.com\/fr\/wp-json\/wp\/v2\/users\/2"}],"replies":[{"embeddable":true,"href":"https:\/\/www.europesays.com\/fr\/wp-json\/wp\/v2\/comments?post=479401"}],"version-history":[{"count":0,"href":"https:\/\/www.europesays.com\/fr\/wp-json\/wp\/v2\/posts\/479401\/revisions"}],"wp:featuredmedia":[{"embeddable":true,"href":"https:\/\/www.europesays.com\/fr\/wp-json\/wp\/v2\/media\/479402"}],"wp:attachment":[{"href":"https:\/\/www.europesays.com\/fr\/wp-json\/wp\/v2\/media?parent=479401"}],"wp:term":[{"taxonomy":"category","embeddable":true,"href":"https:\/\/www.europesays.com\/fr\/wp-json\/wp\/v2\/categories?post=479401"},{"taxonomy":"post_tag","embeddable":true,"href":"https:\/\/www.europesays.com\/fr\/wp-json\/wp\/v2\/tags?post=479401"}],"curies":[{"name":"wp","href":"https:\/\/api.w.org\/{rel}","templated":true}]}}