{"id":479405,"date":"2025-10-21T11:55:15","date_gmt":"2025-10-21T11:55:15","guid":{"rendered":"https:\/\/www.europesays.com\/fr\/479405\/"},"modified":"2025-10-21T11:55:15","modified_gmt":"2025-10-21T11:55:15","slug":"pourquoi-des-arbres-vont-etre-abattus-dans-cette-rue-de-lile-de-nantes","status":"publish","type":"post","link":"https:\/\/www.europesays.com\/fr\/479405\/","title":{"rendered":"Pourquoi des arbres vont \u00eatre abattus dans cette rue de l&rsquo;\u00eele de Nantes\u00a0?"},"content":{"rendered":"<p>            Par<br \/>\n        <strong><br \/>\n            <a href=\"https:\/\/actu.fr\/auteur\/thomas-bernard\" title=\"Consulter tous les articles de Thomas Bernard\" target=\"_blank\" rel=\"noopener\">Thomas Bernard<\/a><br \/>\n        <\/strong><\/p>\n<p>        Publi\u00e9 le<\/p>\n<p>            21 oct. 2025 \u00e0 12h56        <\/p>\n<p>\u00c0 quelques m\u00e8tres du Solilab, \u00e0 la pointe du sud-ouest de l\u2019<strong>\u00eele de Nantes<\/strong>, une rang\u00e9e de platanes longe la rue Saint-Domingue. Dans le quartier plusieurs chantiers ont \u00e9t\u00e9 entam\u00e9s dans <a href=\"https:\/\/actu.fr\/pays-de-la-loire\/nantes_44109\/l-ile-de-nantes-ouvre-le-quatrieme-chapitre-de-sa-transformation-urbaine_62222512.html\" target=\"_blank\" rel=\"noopener\">le cadre de la r\u00e9novation urbaine de l\u2019\u00eele de Nantes, avec l\u2019apparition de nouveaux immeubles<\/a>.<\/p>\n<p class=\" wall-content\">Outre ces am\u00e9nagements, les services m\u00e9tropolitains vont bient\u00f4t intervenir sur la v\u00e9g\u00e9tation de la rue Saint-Domingue. Des arbres vont bient\u00f4t dispara\u00eetre en raison d\u2019un <strong>champignon<\/strong>. Explications.<\/p>\n<p>    <a href=\"https:\/\/www.google.com\/maps\/embed?pb=!1m18!1m12!1m3!1d2064.857713233648!2d-1.5742262248060543!3d47.2011704158882!2m3!1f0!2f0!3f0!3m2!1i1024!2i768!4f13.1!3m3!1m2!1s0x4805ebf9d40ab3d5%3A0xd98e6ea224e09ddf!2sRue%20St%20Domingue%2C%2044200%20Nantes!5e1!3m2!1sfr!2sfr!4v1761042167385!5m2!1sfr!2sfr\" title=\"Ouvrie le lien\" target=\"_blank\" rel=\"noopener\">Cliquez ici pour visualiser le contenu<\/a><\/p>\n<p>Un champignon mortel<\/p>\n<p class=\" wall-content\">Le 1er\u00a0septembre, sur suspicion visuelle des services de Nantes M\u00e9tropole, la Direction r\u00e9gionale de l\u2019alimentation, de l\u2019agriculture et de la for\u00eat (DRAAF) a r\u00e9alis\u00e9 un contr\u00f4le sur un arbre.<\/p>\n<p class=\" wall-content\">L\u2019analyse a r\u00e9v\u00e9l\u00e9 la pr\u00e9sence de <strong>chancre color\u00e9 sur un platane<\/strong>. Le chancre color\u00e9 est un champignon qui p\u00e9n\u00e8tre dans l\u2019arbre et <strong>provoque in\u00e9luctablement la mort de l\u2019arbre<\/strong>. \u00ab\u2009Le chancre color\u00e9 est sp\u00e9cifique au platane et ne touche aucune autre esp\u00e8ce v\u00e9g\u00e9tale, ni l\u2019\u00eatre humain, ni l\u2019animal\u2009\u00bb, pr\u00e9cise <a href=\"https:\/\/draaf.pays-de-la-loire.agriculture.gouv.fr\/ceratocystis-platani-chancre-colore-du-platane-a1350.html\" target=\"_blank\" rel=\"noopener\">la DRAAF<\/a>.<\/p>\n<p class=\" wall-content\">Le <strong>platane contamin\u00e9<\/strong> se situe au sein d\u2019un alignement d\u2019arbres dans la rue nantaise. Les services de l\u2019\u00c9tat et de la M\u00e9tropole interviendront, dans un d\u00e9lais de deux mois, pour proc\u00e9der <strong>\u00ab\u2009\u00e0 l\u2019abattage sanitaire de l\u2019ensemble des platanes situ\u00e9s dans la zone infest\u00e9e\u2009\u00bb<\/strong>, soit dans un rayon de 50\u00a0m\u00e8tres autour du platane touch\u00e9.<\/p>\n<p class=\" wall-content\">Une d\u00e9cision act\u00e9e dans un arr\u00eat\u00e9 pr\u00e9fectoral, <a href=\"https:\/\/draaf.pays-de-la-loire.agriculture.gouv.fr\/IMG\/pdf\/arrete_202510_du_17_octobre_2025_no433_relatif_a_la_lutte_contre_ceratocystis_platani_agent_causal_du_chancre_colore_du_platane.pdf\" target=\"_blank\" rel=\"noopener\">publi\u00e9 le 17\u00a0octobre dernier<\/a>.<\/p>\n<p>Votre r\u00e9gion, votre actu !<\/p>\n<p>Recevez chaque jour les infos qui comptent pour vous.<\/p>\n<p>\t<a href=\"https:\/\/actu.fr\/newsletter\" class=\"ac-btn ac-btn--corner ac-btn--medium ac-btn--blue800\" target=\"_blank\" rel=\"noopener\">S&rsquo;incrire<\/a><br \/>\nUn champignon de retour dans la r\u00e9gion<\/p>\n<p class=\" wall-content\">Il n\u2019existe aucun moyen curatif pour sauver les arbres du champignon. Aujourd\u2019hui, le seul moyen efficace pour lutter contre ce champignon est l\u2019abattage rapide de la v\u00e9g\u00e9tation contamin\u00e9e. Le chancre color\u00e9 est une maladie r\u00e9glement\u00e9e sur le plan sanitaire, dite \u00ab\u2009de lutte obligatoire\u2009\u00bb, imposant la mise en \u0153uvre de mesures.<\/p>\n<p class=\" wall-content\">\u00ab\u2009La pr\u00e9sence du champignon n\u2019avait pas \u00e9t\u00e9 constat\u00e9e dans la r\u00e9gion depuis un foyer d\u00e9tect\u00e9 en 2019 au niveau du march\u00e9 de Talensac, sur la commune de Nantes\u2009\u00bb, indique la Pr\u00e9fecture de Loire-Atlantique.<\/p>\n<p class=\" wall-content\">Dans la m\u00e9tropole nantaise, on d\u00e9nombre pr\u00e8s de 4000 platanes.<\/p>\n<p class=\" wall-content\">Personnalisez votre actualit\u00e9 en ajoutant vos villes et m\u00e9dias en favori avec <a href=\"https:\/\/moncompte.actu.fr\" title=\"D\u00e9couvez Mon Actu\" rel=\"nofollow noopener\" data-trk=\"{&quot;cta&quot;:{&quot;action&quot;:&quot;https:\\\/\\\/moncompte.actu.fr&quot;,&quot;category&quot;:&quot;mon compte&quot;,&quot;from&quot;:&quot;article footer&quot;,&quot;name&quot;:&quot;Mon actu&quot;,&quot;type&quot;:&quot;cta&quot;}}\" target=\"_blank\">Mon Actu<\/a>.<\/p>\n","protected":false},"excerpt":{"rendered":"Par Thomas Bernard Publi\u00e9 le 21 oct. 2025 \u00e0 12h56 \u00c0 quelques m\u00e8tres du Solilab, \u00e0 la pointe&hellip;\n","protected":false},"author":2,"featured_media":479406,"comment_status":"","ping_status":"","sticky":false,"template":"","format":"standard","meta":{"footnotes":""},"categories":[2818],"tags":[1111,11,1777,674,1011,27,766,12,2636,52,25],"class_list":{"0":"post-479405","1":"post","2":"type-post","3":"status-publish","4":"format-standard","5":"has-post-thumbnail","7":"category-nantes","8":"tag-actu","9":"tag-actualites","10":"tag-eu","11":"tag-europe","12":"tag-fr","13":"tag-france","14":"tag-nantes","15":"tag-news","16":"tag-pays-de-la-loire","17":"tag-planete","18":"tag-republique-francaise"},"share_on_mastodon":{"url":"https:\/\/pubeurope.com\/@fr\/115412030246426177","error":""},"_links":{"self":[{"href":"https:\/\/www.europesays.com\/fr\/wp-json\/wp\/v2\/posts\/479405","targetHints":{"allow":["GET"]}}],"collection":[{"href":"https:\/\/www.europesays.com\/fr\/wp-json\/wp\/v2\/posts"}],"about":[{"href":"https:\/\/www.europesays.com\/fr\/wp-json\/wp\/v2\/types\/post"}],"author":[{"embeddable":true,"href":"https:\/\/www.europesays.com\/fr\/wp-json\/wp\/v2\/users\/2"}],"replies":[{"embeddable":true,"href":"https:\/\/www.europesays.com\/fr\/wp-json\/wp\/v2\/comments?post=479405"}],"version-history":[{"count":0,"href":"https:\/\/www.europesays.com\/fr\/wp-json\/wp\/v2\/posts\/479405\/revisions"}],"wp:featuredmedia":[{"embeddable":true,"href":"https:\/\/www.europesays.com\/fr\/wp-json\/wp\/v2\/media\/479406"}],"wp:attachment":[{"href":"https:\/\/www.europesays.com\/fr\/wp-json\/wp\/v2\/media?parent=479405"}],"wp:term":[{"taxonomy":"category","embeddable":true,"href":"https:\/\/www.europesays.com\/fr\/wp-json\/wp\/v2\/categories?post=479405"},{"taxonomy":"post_tag","embeddable":true,"href":"https:\/\/www.europesays.com\/fr\/wp-json\/wp\/v2\/tags?post=479405"}],"curies":[{"name":"wp","href":"https:\/\/api.w.org\/{rel}","templated":true}]}}