{"id":479415,"date":"2025-10-21T12:00:19","date_gmt":"2025-10-21T12:00:19","guid":{"rendered":"https:\/\/www.europesays.com\/fr\/479415\/"},"modified":"2025-10-21T12:00:19","modified_gmt":"2025-10-21T12:00:19","slug":"lauteur-convoitait-les-sacs-de-colis-a-linterieur","status":"publish","type":"post","link":"https:\/\/www.europesays.com\/fr\/479415\/","title":{"rendered":"l&rsquo;auteur convoitait les sacs de colis \u00e0 l&rsquo;int\u00e9rieur"},"content":{"rendered":"<p>            Par<br \/>\n        <strong><br \/>\n            <a href=\"https:\/\/actu.fr\/auteur\/hervine-mahaud\" title=\"Consulter tous les articles de Hervine Mahaud\" target=\"_blank\" rel=\"noopener\">Hervine Mahaud<\/a><br \/>\n        <\/strong><\/p>\n<p>        Publi\u00e9 le<\/p>\n<p>            21 oct. 2025 \u00e0 12h46        <\/p>\n<p>Les destinataires de ces colis vont s\u00fbrement devoir attendre un long moment avant de r\u00e9cup\u00e9rer leurs biens. Lundi 20 octobre 2025 dans le quartier de <b>Fives<\/b> \u00e0 <a href=\"https:\/\/actu.fr\/lille\/\" target=\"_blank\" rel=\"noopener\">Lille<\/a>, un livreur d\u2019une <b>entreprise de livraison de colis<\/b> s\u2019est fait d\u00e9rober son v\u00e9hicule. Le mis en cause, un homme n\u00e9 en 2002, \u00e9tait sur le point de repartir avec son contenu : <b>trois sacs remplis de paquets<\/b>. Mais il a \u00e9t\u00e9 interpell\u00e9 \u00e0 temps par la police.<\/p>\n<p>Les cl\u00e9s du v\u00e9hicule retrouv\u00e9es sur le mis en cause<\/p>\n<p class=\" wall-content\">Lundi 20 octobre \u00e0 15h, les forces de l\u2019ordre sont requises pour intervenir dans le quartier de Fives \u00e0 Lille pour un vol de v\u00e9hicule de livraison. De passage dans la rue de Rivoli, les fonctionnaires de police aper\u00e7oivent le fameux v\u00e9hicule stationn\u00e9. Ils rattrapent l\u2019individu, qui \u00e9tait \u00e0 pied, et proc\u00e8dent \u00e0 son contr\u00f4le.<\/p>\n<p class=\" wall-content\">\u00ab\u00a0Lors de la palpation, l\u2019individu est trouv\u00e9 porteur de la cl\u00e9 du v\u00e9hicule, qui porte la m\u00eame immatriculation\u00a0\u00bb, d\u00e9taille une source polici\u00e8re. En continuant leurs recherches, les policiers d\u00e9couvrent finalement trois sacs remplis de colis sur un parking.\u00a0<\/p>\n<p class=\" wall-content\">Le mis en cause, un homme de 23 ans, a \u00e9t\u00e9 interpell\u00e9 et plac\u00e9 en garde \u00e0 vue pour ce vol. \u00ab\u00a0Le livreur doit venir d\u00e9poser plainte pour que l\u2019enqu\u00eate continue\u00a0\u00bb, conclut la police.<\/p>\n<p class=\" wall-content\">Personnalisez votre actualit\u00e9 en ajoutant vos villes et m\u00e9dias en favori avec <a href=\"https:\/\/moncompte.actu.fr\" title=\"D\u00e9couvez Mon Actu\" rel=\"nofollow noopener\" data-trk=\"{&quot;cta&quot;:{&quot;action&quot;:&quot;https:\\\/\\\/moncompte.actu.fr&quot;,&quot;category&quot;:&quot;mon compte&quot;,&quot;from&quot;:&quot;article footer&quot;,&quot;name&quot;:&quot;Mon actu&quot;,&quot;type&quot;:&quot;cta&quot;}}\" target=\"_blank\">Mon Actu<\/a>.<\/p>\n","protected":false},"excerpt":{"rendered":"Par Hervine Mahaud Publi\u00e9 le 21 oct. 2025 \u00e0 12h46 Les destinataires de ces colis vont s\u00fbrement devoir&hellip;\n","protected":false},"author":2,"featured_media":479416,"comment_status":"","ping_status":"","sticky":false,"template":"","format":"standard","meta":{"footnotes":""},"categories":[2815],"tags":[1111,11,1777,674,118,1011,27,811,1307,12,1072,25],"class_list":{"0":"post-479415","1":"post","2":"type-post","3":"status-publish","4":"format-standard","5":"has-post-thumbnail","7":"category-lille","8":"tag-actu","9":"tag-actualites","10":"tag-eu","11":"tag-europe","12":"tag-faits-divers","13":"tag-fr","14":"tag-france","15":"tag-hauts-de-france","16":"tag-lille","17":"tag-news","18":"tag-police","19":"tag-republique-francaise"},"share_on_mastodon":{"url":"https:\/\/pubeurope.com\/@fr\/115412049994470956","error":""},"_links":{"self":[{"href":"https:\/\/www.europesays.com\/fr\/wp-json\/wp\/v2\/posts\/479415","targetHints":{"allow":["GET"]}}],"collection":[{"href":"https:\/\/www.europesays.com\/fr\/wp-json\/wp\/v2\/posts"}],"about":[{"href":"https:\/\/www.europesays.com\/fr\/wp-json\/wp\/v2\/types\/post"}],"author":[{"embeddable":true,"href":"https:\/\/www.europesays.com\/fr\/wp-json\/wp\/v2\/users\/2"}],"replies":[{"embeddable":true,"href":"https:\/\/www.europesays.com\/fr\/wp-json\/wp\/v2\/comments?post=479415"}],"version-history":[{"count":0,"href":"https:\/\/www.europesays.com\/fr\/wp-json\/wp\/v2\/posts\/479415\/revisions"}],"wp:featuredmedia":[{"embeddable":true,"href":"https:\/\/www.europesays.com\/fr\/wp-json\/wp\/v2\/media\/479416"}],"wp:attachment":[{"href":"https:\/\/www.europesays.com\/fr\/wp-json\/wp\/v2\/media?parent=479415"}],"wp:term":[{"taxonomy":"category","embeddable":true,"href":"https:\/\/www.europesays.com\/fr\/wp-json\/wp\/v2\/categories?post=479415"},{"taxonomy":"post_tag","embeddable":true,"href":"https:\/\/www.europesays.com\/fr\/wp-json\/wp\/v2\/tags?post=479415"}],"curies":[{"name":"wp","href":"https:\/\/api.w.org\/{rel}","templated":true}]}}