{"id":479419,"date":"2025-10-21T12:02:09","date_gmt":"2025-10-21T12:02:09","guid":{"rendered":"https:\/\/www.europesays.com\/fr\/479419\/"},"modified":"2025-10-21T12:02:09","modified_gmt":"2025-10-21T12:02:09","slug":"drame-pres-de-marseille-un-ouvrier-dune-quarantaine-dannees-se-tue-sur-ce-site-industriel","status":"publish","type":"post","link":"https:\/\/www.europesays.com\/fr\/479419\/","title":{"rendered":"Drame pr\u00e8s de Marseille. Un ouvrier d&rsquo;une quarantaine d&rsquo;ann\u00e9es se tue sur ce site industriel"},"content":{"rendered":"<p>            Par<br \/>\n        <strong><br \/>\n            <a href=\"https:\/\/actu.fr\/auteur\/fabien-binacchi\" title=\"Consulter tous les articles de Fabien Binacchi\" target=\"_blank\" rel=\"noopener\">Fabien Binacchi<\/a><br \/>\n        <\/strong><\/p>\n<p>        Publi\u00e9 le<\/p>\n<p>            21 oct. 2025 \u00e0 13h08        <\/p>\n<p>Les secours n\u2019ont rien pu faire. Un ouvrier d\u2019un site industriel de <a href=\"https:\/\/actu.fr\/provence-alpes-cote-d-azur\/chateauneuf-les-martigues_13026\" target=\"_blank\" rel=\"noopener\">Ch\u00e2teauneuf-les-Martigues<\/a> (<a href=\"https:\/\/actu.fr\/provence-alpes-cote-d-azur\/bouches-du-rhone_13\" target=\"_blank\" rel=\"noopener\">Bouches-du-Rh\u00f4ne<\/a>), est mort ce mardi 21\u00a0octobre, apr\u00e8s avoir <strong>bascul\u00e9 dans le vide,<\/strong> apprend <a href=\"https:\/\/actu.fr\/marseille\/\" target=\"_blank\" rel=\"noopener\">actu Marseille<\/a> des pompiers, confirmant une information de <a href=\"https:\/\/www.laprovence.com\/article\/faits-divers-justice\/30383471197043\/un-ouvrier-se-tue-en-chutant-de-30-metres-sur-le-site-de-lhoist-chaux-de-provence-a-la-mede\" target=\"_blank\" rel=\"noopener\">La Provence.<\/a><\/p>\n<p>Une chute de 30m<\/p>\n<p class=\" wall-content\">L\u2019alerte a \u00e9t\u00e9 donn\u00e9e vers 8h. Un homme \u00e2g\u00e9 d\u2019<strong>une quarantaine d\u2019ann\u00e9es,<\/strong> employ\u00e9 de Lhoist Chaux de Provence, une carri\u00e8re de calcaire install\u00e9e dans le quartier de La M\u00e8de pr\u00e8s de l\u2019\u00c9tang de Berre, vient de faire une chute de 30 m.<\/p>\n<p>    <a href=\"https:\/\/www.google.com\/maps\/embed?pb=!1m18!1m12!1m3!1d92834.09987936185!2d5.156349557341573!3d43.35473794920693!2m3!1f0!2f0!3f0!3m2!1i1024!2i768!4f13.1!3m3!1m2!1s0x12c9e0c21191b05b%3A0x52d83b75600680bf!2sLhoist%20%7C%20La%20M%C3%A8de!5e0!3m2!1sfr!2sfr!4v1761043345070!5m2!1sfr!2sfr\" title=\"Ouvrie le lien\" target=\"_blank\" rel=\"noopener\">Cliquez ici pour visualiser le contenu<\/a><\/p>\n<p class=\" wall-content\">En <strong>arr\u00eat cardiorespiratoire<\/strong> \u00e0 l\u2019arriv\u00e9e des pompiers des Bouches-du-Rh\u00f4ne, \u00ab\u2009il n\u2019a pas pu \u00eatre r\u00e9anim\u00e9\u2009\u00bb, ont simplement fait savoir ces derniers.<\/p>\n<p>Un g\u00e9ant de l\u2019exploitation de min\u00e9raux<\/p>\n<p class=\" wall-content\">Le groupe Lhoist se pr\u00e9sente comme un \u00ab\u2009producteur mondial de chaux, de dolomie et de min\u00e9raux\u2009\u00bb. De son site de Ch\u00e2teauneuf-les-Martigues sortent des produits \u00e0 base de chaux utilis\u00e9es notamment dans le g\u00e9nie civil, le traitement des eaux us\u00e9es ou des boues.<\/p>\n<p class=\" wall-content\">Personnalisez votre actualit\u00e9 en ajoutant vos villes et m\u00e9dias en favori avec <a href=\"https:\/\/moncompte.actu.fr\" title=\"D\u00e9couvez Mon Actu\" rel=\"nofollow noopener\" data-trk=\"{&quot;cta&quot;:{&quot;action&quot;:&quot;https:\\\/\\\/moncompte.actu.fr&quot;,&quot;category&quot;:&quot;mon compte&quot;,&quot;from&quot;:&quot;article footer&quot;,&quot;name&quot;:&quot;Mon actu&quot;,&quot;type&quot;:&quot;cta&quot;}}\" target=\"_blank\">Mon Actu<\/a>.<\/p>\n","protected":false},"excerpt":{"rendered":"Par Fabien Binacchi Publi\u00e9 le 21 oct. 2025 \u00e0 13h08 Les secours n\u2019ont rien pu faire. Un ouvrier&hellip;\n","protected":false},"author":2,"featured_media":479420,"comment_status":"","ping_status":"","sticky":false,"template":"","format":"standard","meta":{"footnotes":""},"categories":[2814],"tags":[1111,11,1777,674,118,1011,27,693,884,12,1311,882,25],"class_list":{"0":"post-479419","1":"post","2":"type-post","3":"status-publish","4":"format-standard","5":"has-post-thumbnail","7":"category-marseille","8":"tag-actu","9":"tag-actualites","10":"tag-eu","11":"tag-europe","12":"tag-faits-divers","13":"tag-fr","14":"tag-france","15":"tag-industrie","16":"tag-marseille","17":"tag-news","18":"tag-pompiers","19":"tag-provence-alpes-cote-dazur","20":"tag-republique-francaise"},"share_on_mastodon":{"url":"https:\/\/pubeurope.com\/@fr\/115412057792757502","error":""},"_links":{"self":[{"href":"https:\/\/www.europesays.com\/fr\/wp-json\/wp\/v2\/posts\/479419","targetHints":{"allow":["GET"]}}],"collection":[{"href":"https:\/\/www.europesays.com\/fr\/wp-json\/wp\/v2\/posts"}],"about":[{"href":"https:\/\/www.europesays.com\/fr\/wp-json\/wp\/v2\/types\/post"}],"author":[{"embeddable":true,"href":"https:\/\/www.europesays.com\/fr\/wp-json\/wp\/v2\/users\/2"}],"replies":[{"embeddable":true,"href":"https:\/\/www.europesays.com\/fr\/wp-json\/wp\/v2\/comments?post=479419"}],"version-history":[{"count":0,"href":"https:\/\/www.europesays.com\/fr\/wp-json\/wp\/v2\/posts\/479419\/revisions"}],"wp:featuredmedia":[{"embeddable":true,"href":"https:\/\/www.europesays.com\/fr\/wp-json\/wp\/v2\/media\/479420"}],"wp:attachment":[{"href":"https:\/\/www.europesays.com\/fr\/wp-json\/wp\/v2\/media?parent=479419"}],"wp:term":[{"taxonomy":"category","embeddable":true,"href":"https:\/\/www.europesays.com\/fr\/wp-json\/wp\/v2\/categories?post=479419"},{"taxonomy":"post_tag","embeddable":true,"href":"https:\/\/www.europesays.com\/fr\/wp-json\/wp\/v2\/tags?post=479419"}],"curies":[{"name":"wp","href":"https:\/\/api.w.org\/{rel}","templated":true}]}}