{"id":479423,"date":"2025-10-21T12:04:13","date_gmt":"2025-10-21T12:04:13","guid":{"rendered":"https:\/\/www.europesays.com\/fr\/479423\/"},"modified":"2025-10-21T12:04:13","modified_gmt":"2025-10-21T12:04:13","slug":"lyon-la-rue-de-la-republique-poursuit-sa-transformation-voici-les-travaux-prevus","status":"publish","type":"post","link":"https:\/\/www.europesays.com\/fr\/479423\/","title":{"rendered":"Lyon. La rue de la R\u00e9publique poursuit sa transformation : voici les travaux pr\u00e9vus"},"content":{"rendered":"<p>            Par<br \/>\n        <strong><br \/>\n            <a href=\"https:\/\/actu.fr\/auteur\/ludivine-caporal\" title=\"Consulter tous les articles de Ludivine Caporal\" target=\"_blank\" rel=\"noopener\">Ludivine Caporal<\/a><br \/>\n        <\/strong><\/p>\n<p>        Publi\u00e9 le<\/p>\n<p>            21 oct. 2025 \u00e0 10h50        <\/p>\n<p>Le grand projet d\u2019am\u00e9nagement du nord de la rue de la R\u00e9publique, entre la place des Cordeliers et la place de la Com\u00e9die, se poursuit. Apr\u00e8s <a href=\"https:\/\/actu.fr\/auvergne-rhone-alpes\/lyon_69123\/lyon-la-rue-de-la-republique-entierement-pietonne-ce-qui-change-desormais-pour-vous_62807191.html\" target=\"_blank\" rel=\"noopener\">sa pi\u00e9tonnisation<\/a> et l\u2019installation de mobiliers urbains cet \u00e9t\u00e9, une <strong>nouvelle phase de travaux<\/strong> s\u2019ouvre en ce mois d\u2019octobre\u00a02025, pilot\u00e9e par la M\u00e9tropole de <a href=\"https:\/\/actu.fr\/auvergne-rhone-alpes\/lyon_69123\" target=\"_blank\" rel=\"noopener\">Lyon<\/a>.<\/p>\n<p>De nouveaux bancs en forme de serpentins<\/p>\n<p class=\" wall-content\">Parmi les transformations attendues le plus rapidement\u2009: le d\u00e9ploiement, sur le reste de la rue, de nouveaux bancs en forme de serpentins, dont l\u2019esth\u00e9tisme avait <a href=\"https:\/\/actu.fr\/auvergne-rhone-alpes\/lyon_69123\/lyon-des-bancs-qui-font-reagir-rue-de-la-republique-la-metropole-defend-son-idee_62958320.html\" target=\"_blank\" rel=\"noopener\">lourdement fait pol\u00e9mique<\/a> lors de leur installation au niveau du Palais de la Bourse.<\/p>\n<p class=\" wall-content\">Des <strong>si\u00e8ges avec dossiers<\/strong> vont \u00e9galement arriver \u00ab\u2009afin de r\u00e9pondre \u00e0 la demande des usagers, formul\u00e9e pendant la concertation, de disposer d\u2019assises adapt\u00e9es \u00e0 tous les \u00e2ges\u2009\u00bb, pr\u00e9sente la collectivit\u00e9. Enfin, les blocs de granit carr\u00e9s vont \u00eatre, eux, ancr\u00e9s au sol.<\/p>\n<p>500m2 d\u2019espaces v\u00e9g\u00e9talis\u00e9s en plus<\/p>\n<p class=\" wall-content\">Six abris voyageurs Decaux, <a href=\"https:\/\/actu.fr\/auvergne-rhone-alpes\/lyon_69123\/lyon-les-abribus-toujours-la-la-rue-de-la-republique-pietonnisee-va-encore-changer_63246189.html\" target=\"_blank\" rel=\"noopener\">qui servaient jusqu\u2019ici aux usagers des TCL<\/a>, vont trouver \u00ab\u2009de nouveaux usages\u2009\u00bb avec, par exemple, des expositions artistiques \u00ab\u2009en r\u00e9sonance \u00e0 des \u00e9v\u00e9nements culturels m\u00e9tropolitains\u2009\u00bb tels que le festival Airt de famille et l\u2019Industrie magnifique.<\/p>\n<p class=\" wall-content\">Au niveau de la v\u00e9g\u00e9talisation, une vingtaine d\u2019aulnes et ch\u00eanes vont \u00eatre plant\u00e9s, \u00ab\u2009dont certains en remplacement <a href=\"https:\/\/actu.fr\/auvergne-rhone-alpes\/lyon_69123\/lyon-on-n-a-pas-le-choix-de-grands-arbres-abattus-rue-de-la-republique-voici-pourquoi_62724986.html\" target=\"_blank\" rel=\"noopener\">d\u2019arbres abattus pour raisons sanitaires<\/a>\u2009\u00bb.<\/p>\n<p class=\" wall-content\">\u00ab\u2009Au total, 500 m\u00b2 d\u2019espaces v\u00e9g\u00e9talis\u00e9s vont \u00eatre cr\u00e9\u00e9s. Au niveau de la place de la Bourse, <strong>les trottoirs seront abaiss\u00e9s<\/strong>, permettant la cr\u00e9ation de deux rampes pour les personnes \u00e0 mobilit\u00e9 r\u00e9duite\u2009\u00bb, pr\u00e9cise la M\u00e9tropole de Lyon.\u00a0<\/p>\n<p>Votre r\u00e9gion, votre actu !<\/p>\n<p>Recevez chaque jour les infos qui comptent pour vous.<\/p>\n<p>\t<a href=\"https:\/\/actu.fr\/newsletter\" class=\"ac-btn ac-btn--corner ac-btn--medium ac-btn--blue800\" target=\"_blank\" rel=\"noopener\">S&rsquo;incrire<\/a><br \/>\nChangements n\u00e9cessaires pour les v\u00e9los<\/p>\n<p class=\" wall-content\">La signalisation va \u00e9galement \u00eatre renforc\u00e9e pour les cyclistes, dont l\u2019usage du nord de la rue de la R\u00e9publique est <strong>jug\u00e9 dangereux<\/strong>\u00a0depuis la pi\u00e9tonisation.<\/p>\n<p class=\" wall-content\">\u00ab\u2009Dans les prochaines semaines, nous allons renforcer l\u2019information et la signal\u00e9tique sur place aupr\u00e8s des cyclistes, sur les r\u00e8gles qui incombent \u00e0 la circulation dans cet espace public et sur les itin\u00e9raires alternatifs \u00e0 la rue de la R\u00e9publique, \u00e0 savoir la rue \u00c9douard Herriot via la rue Grenette pour les deux roues souhaitant se rendre \u00e0 l\u2019h\u00f4tel de ville depuis les Cordeliers et la rue de Brest pour le trajet inverse.\u2009\u00bb<\/p>\n<p class=\" wall-content\">\u00c0 noter que l\u2019ensemble des travaux seront interrompus pendant la <a href=\"https:\/\/actu.fr\/auvergne-rhone-alpes\/lyon_69123\/fete-des-lumieres-2025-a-lyon-les-dates-sont-connues-voici-quand-l-evenement-aura-lieu_63092484.html\" target=\"_blank\" rel=\"noopener\">F\u00eate des Lumi\u00e8res<\/a>, puis reprendront jusqu\u2019\u00e0 janvier 2026.<\/p>\n<p class=\" wall-content\">Personnalisez votre actualit\u00e9 en ajoutant vos villes et m\u00e9dias en favori avec <a href=\"https:\/\/moncompte.actu.fr\" title=\"D\u00e9couvez Mon Actu\" rel=\"nofollow noopener\" data-trk=\"{&quot;cta&quot;:{&quot;action&quot;:&quot;https:\\\/\\\/moncompte.actu.fr&quot;,&quot;category&quot;:&quot;mon compte&quot;,&quot;from&quot;:&quot;article footer&quot;,&quot;name&quot;:&quot;Mon actu&quot;,&quot;type&quot;:&quot;cta&quot;}}\" target=\"_blank\">Mon Actu<\/a>.<\/p>\n","protected":false},"excerpt":{"rendered":"Par Ludivine Caporal Publi\u00e9 le 21 oct. 2025 \u00e0 10h50 Le grand projet d\u2019am\u00e9nagement du nord de la&hellip;\n","protected":false},"author":2,"featured_media":479424,"comment_status":"","ping_status":"","sticky":false,"template":"","format":"standard","meta":{"footnotes":""},"categories":[1889],"tags":[1111,11,2430,1777,674,1011,27,2808,2428,12,25,104,2086],"class_list":{"0":"post-479423","1":"post","2":"type-post","3":"status-publish","4":"format-standard","5":"has-post-thumbnail","7":"category-lyon","8":"tag-actu","9":"tag-actualites","10":"tag-auvergne-rhone-alpes","11":"tag-eu","12":"tag-europe","13":"tag-fr","14":"tag-france","15":"tag-grand-lyon","16":"tag-lyon","17":"tag-news","18":"tag-republique-francaise","19":"tag-societe","20":"tag-travaux"},"share_on_mastodon":{"url":"https:\/\/pubeurope.com\/@fr\/115412065615943832","error":""},"_links":{"self":[{"href":"https:\/\/www.europesays.com\/fr\/wp-json\/wp\/v2\/posts\/479423","targetHints":{"allow":["GET"]}}],"collection":[{"href":"https:\/\/www.europesays.com\/fr\/wp-json\/wp\/v2\/posts"}],"about":[{"href":"https:\/\/www.europesays.com\/fr\/wp-json\/wp\/v2\/types\/post"}],"author":[{"embeddable":true,"href":"https:\/\/www.europesays.com\/fr\/wp-json\/wp\/v2\/users\/2"}],"replies":[{"embeddable":true,"href":"https:\/\/www.europesays.com\/fr\/wp-json\/wp\/v2\/comments?post=479423"}],"version-history":[{"count":0,"href":"https:\/\/www.europesays.com\/fr\/wp-json\/wp\/v2\/posts\/479423\/revisions"}],"wp:featuredmedia":[{"embeddable":true,"href":"https:\/\/www.europesays.com\/fr\/wp-json\/wp\/v2\/media\/479424"}],"wp:attachment":[{"href":"https:\/\/www.europesays.com\/fr\/wp-json\/wp\/v2\/media?parent=479423"}],"wp:term":[{"taxonomy":"category","embeddable":true,"href":"https:\/\/www.europesays.com\/fr\/wp-json\/wp\/v2\/categories?post=479423"},{"taxonomy":"post_tag","embeddable":true,"href":"https:\/\/www.europesays.com\/fr\/wp-json\/wp\/v2\/tags?post=479423"}],"curies":[{"name":"wp","href":"https:\/\/api.w.org\/{rel}","templated":true}]}}