{"id":479428,"date":"2025-10-21T12:08:11","date_gmt":"2025-10-21T12:08:11","guid":{"rendered":"https:\/\/www.europesays.com\/fr\/479428\/"},"modified":"2025-10-21T12:08:11","modified_gmt":"2025-10-21T12:08:11","slug":"pourquoi-le-festival-de-musique-lollapalooza-naura-pas-lieu-a-paris-lete-prochain","status":"publish","type":"post","link":"https:\/\/www.europesays.com\/fr\/479428\/","title":{"rendered":"Pourquoi le festival de musique Lollapalooza n&rsquo;aura pas lieu \u00e0 Paris l&rsquo;\u00e9t\u00e9 prochain"},"content":{"rendered":"<p>            Par<br \/>\n        <strong><br \/>\n            <a href=\"https:\/\/actu.fr\/auteur\/redaction-paris\" title=\"Consulter tous les articles de R\u00e9daction Paris\" rel=\"nofollow noopener\" target=\"_blank\">R\u00e9daction Paris<\/a><br \/>\n        <\/strong><\/p>\n<p>        Publi\u00e9 le<\/p>\n<p>            21 oct. 2025 \u00e0 13h57        <\/p>\n<p>C\u2019est l\u2019un des festivals les plus attendus de la saison, mais il n\u2019aura pas lieu l\u2019\u00e9t\u00e9 prochain. Le festival de musique <a href=\"https:\/\/actu.fr\/tag\/lollapalooza\" rel=\"nofollow noopener\" target=\"_blank\">Lollapalooza<\/a> n\u2019aura <strong>pas d\u2019\u00e9dition 2026<\/strong>, ont annonc\u00e9 lundi 20\u00a0octobre 2025 ses organisateurs dans une publication sur <a href=\"https:\/\/actu.fr\/tag\/instagram\" rel=\"nofollow noopener\" target=\"_blank\">Instagram<\/a>. Il devrait revenir en 2027.<\/p>\n<p>Peu de t\u00eates d\u2019affiche, pas de subvention, hausse des cachets\u2026<\/p>\n<p class=\" wall-content\">\u00ab\u2009En raison de divers facteurs inh\u00e9rents \u00e0 l\u2019organisation d\u2019un festival de cette ampleur \u2014 qui ne peuvent \u00eatre r\u00e9unis pour r\u00e9pondre \u00e0 nos ambitions pour 2026 [\u2026], nous avons d\u00e9cid\u00e9 de nous accorder <strong>une ann\u00e9e suppl\u00e9mentaire<\/strong> avant de vous retrouver\u2009\u00bb, a indiqu\u00e9 un message sur la page officielle de l\u2019\u00e9v\u00e9nement.<\/p>\n<p class=\" wall-content\"><a href=\"https:\/\/www.instagram.com\/p\/DQCJw0-gjP2\/embed\" title=\"Ouvrir le lien sur Instagram\" rel=\"nofollow noopener\" target=\"_blank\">Visualiser le contenu sur Instagram<\/a><\/p>\n<p class=\" wall-content\">\u00abIl n\u2019y aura pas beaucoup de t\u00eates d\u2019affiche internationales en tourn\u00e9e l\u2019\u00e9t\u00e9 prochain en France. En tout cas pas pour un festival de notre ampleur et pour notre public jeune\u2009\u00bb, a d\u00e9taill\u00e9 aupr\u00e8s du journal <a href=\"https:\/\/www.leparisien.fr\/\" rel=\"nofollow noopener\" target=\"_blank\">Le Parisien<\/a> <strong>Angelo Gopee<\/strong>, directeur de Live Nation France, organisateur du festival. Le patron a aussi \u00e9voqu\u00e9 des raisons \u00e9conomiques, avec notamment le co\u00fbt des cachets des artistes et le fait que le festival fonctionne \u00ab\u2009sans subvention ni b\u00e9n\u00e9vole\u2009\u00bb, mais aussi la l\u00e9gislation fran\u00e7aise tr\u00e8s \u00ab\u2009contraignante\u2009\u00bb sur le son.<\/p>\n<p>De plus en plus de festivals en difficult\u00e9s financi\u00e8res<\/p>\n<p class=\" wall-content\">Selon une enqu\u00eate du Centre national de la musique (CNM) pr\u00e9sent\u00e9e la semaine derni\u00e8re au MaMa, (festival et convention de la fili\u00e8re musicale \u00e0 Paris), au moins <strong>80\u2009%<\/strong> des festivals rencontrent \u00ab\u2009des difficult\u00e9s\u2009\u00bb financi\u00e8res.\u00a0Un tiers sont d\u00e9ficitaires, d\u2019apr\u00e8s les r\u00e9ponses de 953 festivals.<\/p>\n<p class=\" wall-content\">L\u2019enqu\u00eate du CNM a aussi point\u00e9 pour 2025 \u00ab\u2009une hausse des postes artistiques\u2009\u00bb pour 52\u2009% des r\u00e9pondants \u2013 <strong>cachets, h\u00e9bergement, logistique<\/strong> -, une augmentation des \u00ab\u2009co\u00fbts techniques\u2009\u00bb pour 56\u2009% et une inflation du co\u00fbt des assurances, en lien notamment avec les al\u00e9as climatiques.<\/p>\n<p class=\" wall-content\">En juillet, Lollapalooza a pourtant r\u00e9uni \u00e0 Paris <strong>160\u2009000\u00a0spectateurs<\/strong> pendant trois jours, avec des t\u00eates d\u2019affiche comme Olivia Rodrigo, Lola Young et <a href=\"https:\/\/www.leparisien.fr\/hauts-de-seine-92\/hauts-de-seine-un-adolescent-de-14-ans-meurt-electrocute-apres-etre-monte-sur-un-train-21-10-2025-JYZOPVBXR5EM3F6H2UZGBB5JKM.php\" rel=\"nofollow noopener\" target=\"_blank\">Justin Timberlake<\/a>.<\/p>\n<p class=\" wall-content\">Avec AFP.<\/p>\n<p class=\" wall-content\">Personnalisez votre actualit\u00e9 en ajoutant vos villes et m\u00e9dias en favori avec <a href=\"https:\/\/moncompte.actu.fr\" title=\"D\u00e9couvez Mon Actu\" rel=\"nofollow noopener\" data-trk=\"{&quot;cta&quot;:{&quot;action&quot;:&quot;https:\\\/\\\/moncompte.actu.fr&quot;,&quot;category&quot;:&quot;mon compte&quot;,&quot;from&quot;:&quot;article footer&quot;,&quot;name&quot;:&quot;Mon actu&quot;,&quot;type&quot;:&quot;cta&quot;}}\" target=\"_blank\">Mon Actu<\/a>.<\/p>\n<p>                    <script async src=\"\/\/www.instagram.com\/embed.js\"><\/script><\/p>\n","protected":false},"excerpt":{"rendered":"Par R\u00e9daction Paris Publi\u00e9 le 21 oct. 2025 \u00e0 13h57 C\u2019est l\u2019un des festivals les plus attendus de&hellip;\n","protected":false},"author":2,"featured_media":479429,"comment_status":"","ping_status":"","sticky":false,"template":"","format":"standard","meta":{"footnotes":""},"categories":[1888],"tags":[1111,1928,11,1927,1777,674,849,1011,27,1652,40001,873,12,1926,626,1925,25],"class_list":{"0":"post-479428","1":"post","2":"type-post","3":"status-publish","4":"format-standard","5":"has-post-thumbnail","7":"category-paris","8":"tag-actu","9":"tag-actu-paris","10":"tag-actualites","11":"tag-actualites-paris","12":"tag-eu","13":"tag-europe","14":"tag-festival","15":"tag-fr","16":"tag-france","17":"tag-loisirs-culture","18":"tag-lollapalooza","19":"tag-musique","20":"tag-news","21":"tag-news-paris","22":"tag-paris","23":"tag-paris-news","24":"tag-republique-francaise"},"share_on_mastodon":{"url":"https:\/\/pubeurope.com\/@fr\/115412081335588076","error":""},"_links":{"self":[{"href":"https:\/\/www.europesays.com\/fr\/wp-json\/wp\/v2\/posts\/479428","targetHints":{"allow":["GET"]}}],"collection":[{"href":"https:\/\/www.europesays.com\/fr\/wp-json\/wp\/v2\/posts"}],"about":[{"href":"https:\/\/www.europesays.com\/fr\/wp-json\/wp\/v2\/types\/post"}],"author":[{"embeddable":true,"href":"https:\/\/www.europesays.com\/fr\/wp-json\/wp\/v2\/users\/2"}],"replies":[{"embeddable":true,"href":"https:\/\/www.europesays.com\/fr\/wp-json\/wp\/v2\/comments?post=479428"}],"version-history":[{"count":0,"href":"https:\/\/www.europesays.com\/fr\/wp-json\/wp\/v2\/posts\/479428\/revisions"}],"wp:featuredmedia":[{"embeddable":true,"href":"https:\/\/www.europesays.com\/fr\/wp-json\/wp\/v2\/media\/479429"}],"wp:attachment":[{"href":"https:\/\/www.europesays.com\/fr\/wp-json\/wp\/v2\/media?parent=479428"}],"wp:term":[{"taxonomy":"category","embeddable":true,"href":"https:\/\/www.europesays.com\/fr\/wp-json\/wp\/v2\/categories?post=479428"},{"taxonomy":"post_tag","embeddable":true,"href":"https:\/\/www.europesays.com\/fr\/wp-json\/wp\/v2\/tags?post=479428"}],"curies":[{"name":"wp","href":"https:\/\/api.w.org\/{rel}","templated":true}]}}