{"id":47943,"date":"2025-04-24T01:01:10","date_gmt":"2025-04-24T01:01:10","guid":{"rendered":"https:\/\/www.europesays.com\/fr\/47943\/"},"modified":"2025-04-24T01:01:10","modified_gmt":"2025-04-24T01:01:10","slug":"face-aux-bouleversements-du-monde-les-dirigeants-europeens-doivent-etre-au-rendez-vous-de-lhistoire","status":"publish","type":"post","link":"https:\/\/www.europesays.com\/fr\/47943\/","title":{"rendered":"Face aux bouleversements du monde, les dirigeants europ\u00e9ens doivent \u00eatre au rendez-vous de l\u2019Histoire"},"content":{"rendered":"<p class=\"latino-300r text-grey-600\">\n      Publi\u00e9 le<\/p>\n<p>    23 avril 2025 \u00e0 20h00<\/p>\n<p>    Lire\u00a0plus\u00a0tard  <\/p>\n<p><a aria-label=\"Nous suivre sur Google News\" href=\"https:\/\/news.google.com\/publications\/CAAqBwgKMJe4nQkw3dFs?hl=fr&amp;gl=FR&amp;ceid=FR%3Afr\" target=\"_blank\" data-piano=\"Page_Article,Sous_date_publi,Nous_suivre_sur_google_news,1er_clic,action\" class=\"btn btn--small btn--secondary\" rel=\"noopener\"><\/p>\n<p>      Google Actualit\u00e9s<br \/>\n  <\/a><\/p>\n<p>  Partager<\/p>\n<p>        Facebook<\/p>\n<p>        Bluesky<\/p>\n<p>        E-mail<\/p>\n<p>        Copier le lien<\/p>\n<p>      Envoyer<\/p>\n<p>    Temps de lecture\u00a0:\u00a02\u00a0min.<\/p>\n<p class=\"article__description latino-600m mb-25 mb-lg-30\" data-oncrawl-chapo-length=\"199\">\n    L\u2019alliance paradoxale de Trump et de Poutine a r\u00e9ussi l\u2019impensable\u00a0: faire de l\u2019Union europ\u00e9enne une valeur refuge. Un tournant qui constitue une chance inesp\u00e9r\u00e9e et que l\u2019Europe ne devra pas g\u00e2cher.<\/p>\n<p class=\"latino-500b text-grey-600\">Pour aller plus loin<\/p>\n<p class=\"node__paragraphe antonia-750r text-grey-800 pb-20 pb-md-30\">\nC\u2019\u00e9tait il y a vingt ans, autant dire une \u00e9ternit\u00e9 au regard des convulsions du monde. Le 29\u00a0mai 2005, la France votait majoritairement non par r\u00e9f\u00e9rendum au trait\u00e9 constitutionnel europ\u00e9en, scellant durablement le d\u00e9samour, voire la d\u00e9testation, de nos concitoyens envers l\u2019Europe. Onze ans apr\u00e8s, le Royaume-Uni prenait le chemin du Brexit, et plus personne ne misait cher sur l\u2019avenir de la construction europ\u00e9enne.<\/p>\n<p class=\"node__paragraphe antonia-750r text-grey-800 pb-20 pb-md-30\">\nConspu\u00e9e et caricatur\u00e9e, jug\u00e9e au mieux comme un mal n\u00e9cessaire au pire comme un joug, l\u2019Europe a subi les assauts des populistes depuis des ann\u00e9es. C\u2019est dire si le renversement actuel est saisissant\u00a0: en mars, deux mois <a href=\"https:\/\/www.nouvelobs.com\/edito\/20250417.OBS102862\/trois-mois-de-presidence-trump-ubu-roi-n-aurait-pas-fait-mieux.html\" target=\"_blank\" rel=\"noopener\">apr\u00e8s l\u2019arriv\u00e9e de Trump au pouvoir,<\/a> 74\u00a0% des Europ\u00e9ens (et 65\u00a0% des Fran\u00e7ais) disaient leur soutien \u00e0 l\u2019Union europ\u00e9enne. L\u2019alliance paradoxale et contre-nature de Trump et de Poutine, et le passage manu militari des Etats-Unis dans le camp des imp\u00e9rialismes auront r\u00e9ussi l\u2019impensable\u00a0: redonner \u00e0 l\u2019Europe ses lettres de noblesse, faire de l\u2019Union non plus seulement une n\u00e9cessit\u00e9 mais bien une id\u00e9e d\u00e9sirable. Une valeur refuge face aux bouleversements vertigineux du monde.<\/p>\n<p class=\"latino-500b text-grey-600 pb-15\">A lire aussi<\/p>\n<p><a href=\"https:\/\/www.nouvelobs.com\/monde\/20250423.OBS103129\/l-europe-peut-retrouver-la-raison-d-etre-de-son-projet-comment-l-ue-s-est-reveillee-face-aux-crises.html\" data-article-key=\"20250423.OBS103129\" class=\"link--box flex-grow-1\" data-piano=\"Page_Article,Lire_aussi,,Lien1,navigation\" target=\"_blank\" rel=\"noopener\"><\/p>\n<p>                <img decoding=\"async\" src=\"data:image\/svg+xml,%3Csvg%20xmlns%3D%27http%3A%2F%2Fwww.w3.org%2F2000%2Fsvg%27%20fill%3D%22%23e4e4e4%22%20viewBox%3D%270%200%20120%2080%27%20width%3D%22120%22%20height%3D%2280%22%3E%3Cpath%20d%3D%27M0%200h120v80H0z%27%2F%3E%3C%2Fsvg%3E\"  width=\"120\" height=\"80\" loading=\"lazy\" alt=\"Ursula von der Leyen, pr\u00e9sidente de la Commission europ\u00e9enne, au si\u00e8ge de l\u2019UE \u00e0 Bruxelles, en\u00a0 2022.\"\/><\/p>\n<p class=\"latino-300r latino-lg-600m text-grey-800\">\n                      <strong class=\"latino-300b latino-lg-600m text-grey-500\">D\u00e9cryptage\u00a0<\/strong><br \/>\n                    \u00ab\u00a0L\u2019Europe peut retrouver la raison d\u2019\u00eatre de son projet\u00a0\u00bb\u00a0: comment l\u2019UE s\u2019est r\u00e9veill\u00e9e face aux crises        <\/p>\n<p class=\"latino-100m text-uppercase text-grey-600 py-10\">\n          Abonn\u00e9        <\/p>\n<p><\/a><\/p>\n<p>    Lire\u00a0plus\u00a0tard  <\/p>\n<p class=\"node__paragraphe antonia-750r text-grey-800 pb-20 pb-md-30\">\nQuoi de plus difficile pourtant que la construction europ\u00e9enne, cette belle utopie forg\u00e9e dans le refus des \u00e9go\u00efsmes nationaux. N\u00e9e des d\u00e9combres de 1945, elle restera toujours une aspiration, un projet \u00e0 jamais inachev\u00e9. Son moteur historique, le rapprochement des deux anciennes nations ennemies, l\u2019Allemagne et la France, s\u2019est fait sur un id\u00e9al de paix, de libert\u00e9s et de s\u00e9curit\u00e9. Elle a ainsi beaucoup apport\u00e9 \u2013\u00a0la libre circulation des biens et des personnes, un march\u00e9 unifi\u00e9 par la monnaie unique, une certaine prosp\u00e9rit\u00e9 pour ses adh\u00e9rents\u00a0\u2013 mais aussi beaucoup d\u00e9\u00e7u \u2013\u00a0quand elle n\u2019a pas su prot\u00e9ger des affres de la mondialisation. De surcro\u00eet, le parapluie militaire am\u00e9ricain a toujours fait de l\u2019ombre \u00e0 l\u2019id\u00e9e d\u2019une d\u00e9fense commune. Il manquait finalement un sursaut existentiel, une dimension tragique pour rasseoir la l\u00e9gitimit\u00e9 du projet europ\u00e9en. Donald Trump l\u2019aura livr\u00e9e, faisant plus pour l\u2019avenir du continent que des d\u00e9cennies de discours enflamm\u00e9s.<\/p>\n<p class=\"node__paragraphe antonia-750r text-grey-800 pb-20 pb-md-30\">\nDepuis, c\u2019est presque l\u2019emballement. La vitesse avec laquelle le trumpisme \u00e9branle les fondamentaux de la d\u00e9mocratie am\u00e9ricaine d\u00e9montre \u00e0 quel point les Etats-Unis sont bien plus fragiles qu\u2019il n\u2019y paraissait jusqu\u2019ici. Par comparaison, l\u2019\u00e9difice europ\u00e9en, qu\u2019on disait perclus de lourdeur administrative, appara\u00eet solide, \u00e0 l\u2019abri, par le jeu complexe des r\u00e8gles inter\u00e9tatiques, de toute remise en cause radicale et court-termiste. Surtout, l\u2019Europe est intrins\u00e8quement li\u00e9e \u00e0 la d\u00e9mocratie lib\u00e9rale et \u00e0 l\u2019Etat de droit, elle en proc\u00e8de m\u00eame. Avec ses 450\u00a0millions de citoyens vivant dans des r\u00e9gimes librement choisis, le Vieux Continent reprend le flambeau de la d\u00e9mocratie l\u00e0 o\u00f9 les Etats-Unis l\u2019ont abandonn\u00e9. C\u2019est en puissance politique, commerciale, et demain militaire, que l\u2019Union europ\u00e9enne se pr\u00e9sente d\u00e9sormais aux yeux du monde. \u00ab\u00a0L\u2019Europe, quel num\u00e9ro de t\u00e9l\u00e9phone\u00a0?\u00a0\u00bb raillait le secr\u00e9taire d\u2019Etat am\u00e9ricain Henry Kissinger en\u00a01970. Cinquante ans plus tard, c\u2019est bien du d\u00e9clin de l\u2019empire am\u00e9ricain qu\u2019elle pourrait profiter.<\/p>\n<p class=\"node__paragraphe antonia-750r text-grey-800 pb-20 pb-md-30\">\nCe tournant constitue une chance inesp\u00e9r\u00e9e pour l\u2019UE, qu\u2019elle ne devra pas g\u00e2cher. Car en son sein, des forces contraires continuent \u00e0 prosp\u00e9rer. La pouss\u00e9e de l\u2019extr\u00eame droite au Parlement europ\u00e9en a modifi\u00e9 le rapport de force et conduit la pr\u00e9sidente de la Commission, Ursula von der Leyen, \u00e0 de dangereux compromis, comme le d\u00e9montre notre enqu\u00eate, et \u00e0 une remise en cause des acquis sociaux et \u00e9cologistes de la pr\u00e9c\u00e9dente mandature. C\u2019est pourtant maintenant que l\u2019UE doit r\u00e9pondre aux attentes d\u00e9cupl\u00e9es de ses citoyens, et faire vivre l\u2019esp\u00e9rance d\u00e9mocratique \u00e0 l\u2019int\u00e9rieur comme \u00e0 l\u2019ext\u00e9rieur de ses fronti\u00e8res. Ses membres fondateurs, et singuli\u00e8rement le couple franco-allemand, retrouvent l\u00e0 leur vocation historique, rejoints par la Pologne et la Grande-Bretagne post-Brexit. \u00ab\u00a0La paix mondiale ne saurait \u00eatre sauvegard\u00e9e sans des efforts cr\u00e9ateurs \u00e0 la mesure des dangers qui la menacent\u00a0\u00bb, d\u00e9clarait Robert Schuman, l\u2019un des p\u00e8res de l\u2019Europe, en\u00a01950. A nos dirigeants d\u2019\u00eatre, \u00e0 leur tour, au rendez-vous de l\u2019Histoire.<\/p>\n","protected":false},"excerpt":{"rendered":"Publi\u00e9 le 23 avril 2025 \u00e0 20h00 Lire\u00a0plus\u00a0tard Google Actualit\u00e9s Partager Facebook Bluesky E-mail Copier le lien Envoyer&hellip;\n","protected":false},"author":2,"featured_media":47944,"comment_status":"","ping_status":"","sticky":false,"template":"","format":"standard","meta":{"footnotes":""},"categories":[1586],"tags":[17,11,13890,13789,1777,674,1779,11201,2823,1011,27,937,74,12,316,11963,25,1778,364],"class_list":{"0":"post-47943","1":"post","2":"type-post","3":"status-publish","4":"format-standard","5":"has-post-thumbnail","7":"category-europe","8":"tag-17","9":"tag-actualites","10":"tag-bouleversements","11":"tag-dirigeants","12":"tag-eu","13":"tag-europe","14":"tag-european-union","15":"tag-europeens","16":"tag-face","17":"tag-fr","18":"tag-france","19":"tag-histoire","20":"tag-monde","21":"tag-news","22":"tag-politique","23":"tag-rendez","24":"tag-republique-francaise","25":"tag-ue","26":"tag-union-europeenne"},"share_on_mastodon":{"url":"https:\/\/pubeurope.com\/@fr\/114390242714816756","error":""},"_links":{"self":[{"href":"https:\/\/www.europesays.com\/fr\/wp-json\/wp\/v2\/posts\/47943","targetHints":{"allow":["GET"]}}],"collection":[{"href":"https:\/\/www.europesays.com\/fr\/wp-json\/wp\/v2\/posts"}],"about":[{"href":"https:\/\/www.europesays.com\/fr\/wp-json\/wp\/v2\/types\/post"}],"author":[{"embeddable":true,"href":"https:\/\/www.europesays.com\/fr\/wp-json\/wp\/v2\/users\/2"}],"replies":[{"embeddable":true,"href":"https:\/\/www.europesays.com\/fr\/wp-json\/wp\/v2\/comments?post=47943"}],"version-history":[{"count":0,"href":"https:\/\/www.europesays.com\/fr\/wp-json\/wp\/v2\/posts\/47943\/revisions"}],"wp:featuredmedia":[{"embeddable":true,"href":"https:\/\/www.europesays.com\/fr\/wp-json\/wp\/v2\/media\/47944"}],"wp:attachment":[{"href":"https:\/\/www.europesays.com\/fr\/wp-json\/wp\/v2\/media?parent=47943"}],"wp:term":[{"taxonomy":"category","embeddable":true,"href":"https:\/\/www.europesays.com\/fr\/wp-json\/wp\/v2\/categories?post=47943"},{"taxonomy":"post_tag","embeddable":true,"href":"https:\/\/www.europesays.com\/fr\/wp-json\/wp\/v2\/tags?post=47943"}],"curies":[{"name":"wp","href":"https:\/\/api.w.org\/{rel}","templated":true}]}}