{"id":479436,"date":"2025-10-21T12:12:17","date_gmt":"2025-10-21T12:12:17","guid":{"rendered":"https:\/\/www.europesays.com\/fr\/479436\/"},"modified":"2025-10-21T12:12:17","modified_gmt":"2025-10-21T12:12:17","slug":"la-russie-affirme-que-les-preparatifs-pour-la-rencontre-entre-lavrov-et-rubio-sont-en-bonne-voie","status":"publish","type":"post","link":"https:\/\/www.europesays.com\/fr\/479436\/","title":{"rendered":"La Russie affirme que les pr\u00e9paratifs pour la rencontre entre Lavrov et Rubio sont en bonne voie"},"content":{"rendered":"<p>AA \/ Moscou \/ Elena Teslova<\/p>\n<p>Le vice-ministre russe des Affaires \u00e9trang\u00e8res, Sergue\u00ef Riabkov, a d\u00e9clar\u00e9 mardi qu&rsquo;une r\u00e9union entre les chefs de la diplomatie russe et am\u00e9ricaine \u00e9tait en cours de coordination.<\/p>\n<p>Commentant les informations parues dans les m\u00e9dias selon lesquelles la r\u00e9union \u00e9tait pr\u00e9vue cette semaine et avait ensuite \u00e9t\u00e9 report\u00e9e, M. Riabkov a d\u00e9clar\u00e9 : \u00ab Ce qui n&rsquo;a pas encore \u00e9t\u00e9 convenu ne peut \u00eatre report\u00e9. \u00bb<\/p>\n<p>\u00ab Et je suis s\u00fbr que nous continuerons \u00e0 l&rsquo;avenir \u00e0 \u00eatre confront\u00e9s \u00e0 une situation o\u00f9 diff\u00e9rentes sources d&rsquo;information, en particulier occidentales, se livreront \u00e0 des fabrications sans fondement dans le but de cr\u00e9er des informations, de susciter des sp\u00e9culations et de soulever des questions, qui seront toutes largement diffus\u00e9es et analys\u00e9es, souvent sous un angle favorable uniquement aux Occidentaux \u00bb, a-t-il d\u00e9clar\u00e9.<\/p>\n<p>Hier soir, les m\u00e9dias am\u00e9ricains ont affirm\u00e9, citant des sources \u00e0 la Maison-Blanche, que la r\u00e9union entre M. Lavrov et M. Rubio, pr\u00e9par\u00e9e ces derniers jours, avait \u00e9t\u00e9 report\u00e9e \u00ab ind\u00e9finiment \u00bb.<\/p>\n<p>M. Ryabkov a ajout\u00e9 qu&rsquo;il n&rsquo;y avait pas d&rsquo;accord sur le lieu de la r\u00e9union entre le ministre russe des Affaires \u00e9trang\u00e8res Sergue\u00ef Lavrov et le secr\u00e9taire d&rsquo;\u00c9tat am\u00e9ricain Marco Rubio, pr\u00e9cisant que \u00ab tout restait \u00e0 l&rsquo;\u00e9tude \u00bb.<\/p>\n<p>La date des consultations entre la Russie et les \u00c9tats-Unis visant \u00e0 \u00e9liminer les sources de friction dans les relations bilat\u00e9rales n&rsquo;a pas encore \u00e9t\u00e9 fix\u00e9e, a-t-il ajout\u00e9.<\/p>\n<p>\u00ab Il est important de noter que les contacts avec les Am\u00e9ricains par divers canaux n&rsquo;ont jamais cess\u00e9, et que les formats varient. Parfois, les choses finissent par \u00eatre couch\u00e9es sur papier, mais pas toujours sous forme de notes, plut\u00f4t sous d&rsquo;autres styles ou genres \u00bb, a-t-il d\u00e9clar\u00e9.<\/p>\n<p>Interrog\u00e9 sur les sujets que le ministre russe des Affaires \u00e9trang\u00e8res et le secr\u00e9taire d&rsquo;\u00c9tat am\u00e9ricain pourraient aborder, M. Ryabkov a d\u00e9clar\u00e9 que le conflit en Ukraine figurerait \u00ab en bonne place \u00bb \u00e0 l&rsquo;ordre du jour.<\/p>\n<p>\u00ab Bien s\u00fbr, les questions li\u00e9es \u00e0 l&rsquo;op\u00e9ration militaire sp\u00e9ciale et \u00e0 la ligne suivie par le groupe occidental qui soutient l&rsquo;Ukraine, qui ne nous convient pas, seront \u00e9galement discut\u00e9es \u00bb, a-t-il d\u00e9clar\u00e9.<\/p>\n<p>Les questions \u00e9conomiques seront \u00e9galement \u00e0 l&rsquo;ordre du jour, car elles \u00ab requi\u00e8rent \u00e9galement une attention particuli\u00e8re \u00bb, a-t-il ajout\u00e9, pr\u00e9cisant que la Russie et les \u00c9tats-Unis avaient \u00e9galement \u00ab de nombreux sujets \u00e0 aborder dans le cadre de leur agenda bilat\u00e9ral \u00bb.<\/p>\n<p>* Traduit de l&rsquo;anglais par Serap Dogansoy<\/p>\n<p>                            &#13;<br \/>\n                                <a href=\"https:\/\/www.aa.com.tr\/fr\/p\/abonnement\/1001\" target=\"_blank\" style=\"font-size:12px; color:#444; text-decoration:none;\" rel=\"nofollow noopener\">&#13;<br \/>\n                                    Seulement une partie des d\u00e9p\u00eaches, que l&rsquo;Agence Anadolu diffuse \u00e0 ses abonn\u00e9s via le Syst\u00e8me de Diffusion interne (HAS), est diffus\u00e9e sur le site de l&rsquo;AA, de mani\u00e8re r\u00e9sum\u00e9e. <b style=\"color:#1897F7\">Contactez-nous s&rsquo;il vous pla\u00eet pour vous abonner.<\/b>&#13;<br \/>\n                                <\/a>&#13;<\/p>\n","protected":false},"excerpt":{"rendered":"AA \/ Moscou \/ Elena Teslova Le vice-ministre russe des Affaires \u00e9trang\u00e8res, Sergue\u00ef Riabkov, a d\u00e9clar\u00e9 mardi qu&rsquo;une&hellip;\n","protected":false},"author":2,"featured_media":479437,"comment_status":"","ping_status":"","sticky":false,"template":"","format":"standard","meta":{"footnotes":""},"categories":[1591],"tags":[4295,11,1785,1887,60271,12,60272,1885,1886,132,220],"class_list":{"0":"post-479436","1":"post","2":"type-post","3":"status-publish","4":"format-standard","5":"has-post-thumbnail","7":"category-russie","8":"tag-tats-unis","9":"tag-actualites","10":"tag-anadolu-ajansi","11":"tag-federation-de-russie","12":"tag-lavrov","13":"tag-news","14":"tag-rubio","15":"tag-russia","16":"tag-russian-federation","17":"tag-russie","18":"tag-ukraine"},"share_on_mastodon":{"url":"https:\/\/pubeurope.com\/@fr\/115412097079403648","error":""},"_links":{"self":[{"href":"https:\/\/www.europesays.com\/fr\/wp-json\/wp\/v2\/posts\/479436","targetHints":{"allow":["GET"]}}],"collection":[{"href":"https:\/\/www.europesays.com\/fr\/wp-json\/wp\/v2\/posts"}],"about":[{"href":"https:\/\/www.europesays.com\/fr\/wp-json\/wp\/v2\/types\/post"}],"author":[{"embeddable":true,"href":"https:\/\/www.europesays.com\/fr\/wp-json\/wp\/v2\/users\/2"}],"replies":[{"embeddable":true,"href":"https:\/\/www.europesays.com\/fr\/wp-json\/wp\/v2\/comments?post=479436"}],"version-history":[{"count":0,"href":"https:\/\/www.europesays.com\/fr\/wp-json\/wp\/v2\/posts\/479436\/revisions"}],"wp:featuredmedia":[{"embeddable":true,"href":"https:\/\/www.europesays.com\/fr\/wp-json\/wp\/v2\/media\/479437"}],"wp:attachment":[{"href":"https:\/\/www.europesays.com\/fr\/wp-json\/wp\/v2\/media?parent=479436"}],"wp:term":[{"taxonomy":"category","embeddable":true,"href":"https:\/\/www.europesays.com\/fr\/wp-json\/wp\/v2\/categories?post=479436"},{"taxonomy":"post_tag","embeddable":true,"href":"https:\/\/www.europesays.com\/fr\/wp-json\/wp\/v2\/tags?post=479436"}],"curies":[{"name":"wp","href":"https:\/\/api.w.org\/{rel}","templated":true}]}}