{"id":479438,"date":"2025-10-21T12:13:14","date_gmt":"2025-10-21T12:13:14","guid":{"rendered":"https:\/\/www.europesays.com\/fr\/479438\/"},"modified":"2025-10-21T12:13:14","modified_gmt":"2025-10-21T12:13:14","slug":"guerre-en-ukraine-zelensky-et-les-allies-europeens-voient-la-ligne-de-front-actuelle-comme-base-de-negociations-21-10-2025-a-1357","status":"publish","type":"post","link":"https:\/\/www.europesays.com\/fr\/479438\/","title":{"rendered":"Guerre en Ukraine : Zelensky et les alli\u00e9s europ\u00e9ens voient la ligne de front actuelle comme \u00ab\u00a0base\u00a0\u00bb de n\u00e9gociations &#8211; 21\/10\/2025 \u00e0 13:57"},"content":{"rendered":"<p> Cette prise de position commune a \u00e9t\u00e9 sign\u00e9e par les dirigeants de l&rsquo;Ukraine, de l&rsquo;Union europ\u00e9enne, de la France, de la Grande-Bretagne, de l&rsquo;Allemagne, de l&rsquo;Italie, de la Pologne, du Danemark et de la Finlande.<\/p>\n<p>        <img fetchpriority=\"high\" decoding=\"async\" src=\"https:\/\/www.europesays.com\/fr\/wp-content\/uploads\/2025\/10\/c4818c29e512dbc922c5f1f2da907f09-760x507.jpg\" alt=\"Volodymyr Zelensky, \u00e0 Kiev, le 13 octobre 2025 ( AFP \/ SERGEI SUPINSKY )\" loading=\"eager\" width=\"760\" height=\"507\" style=\"max-width: 100%!important; height: auto;\"\/><\/p>\n<p class=\"c-image-news__legend\">Volodymyr Zelensky, \u00e0 Kiev, le 13 octobre 2025 ( AFP \/ SERGEI SUPINSKY )<\/p>\n<p>\n Sur quelles cartes se baser pour imaginer un cessez-le-feu entre forces arm\u00e9es russes et ukrainiennes? Les dirigeants europ\u00e9ens ont affirm\u00e9 conjointement avec Volodymyr Zelensky que la ligne de front actuelle devait servir de \u00ab\u00a0base\u00a0\u00bb aux discussions avec la Russie, dans une d\u00e9claration en soutien aux efforts de paix de Donald Trump.\n<\/p>\n<p>\n \u00ab\u00a0Nous soutenons fermement la position du pr\u00e9sident Trump selon laquelle les combats doivent cesser imm\u00e9diatement, et que la ligne de contact actuelle doit servir de base pour les n\u00e9gociations\u00a0\u00bb, ont plaid\u00e9 mardi 21 octobre avec M. Zelensky ces dirigeants, dont ceux de la France, la Grande-Bretagne ou encore l&rsquo;Allemagne, dans un communiqu\u00e9 conjoint.\n<\/p>\n<p>        <img decoding=\"async\" src=\"https:\/\/www.europesays.com\/fr\/wp-content\/uploads\/2025\/10\/ba2775b1a2c5e4d255b6519b533b2774-760x886.jpg\" alt=\"(  \/  )\" loading=\"eager\" width=\"760\" height=\"886\" style=\"max-width: 100%!important; height: auto;\"\/><\/p>\n<p class=\"c-image-news__legend\">(  \/  )<\/p>\n<p>\n \u00ab\u00a0Nous restons attach\u00e9s au principe selon lequel les fronti\u00e8res internationales ne doivent pas \u00eatre modifi\u00e9es par la force\u00a0\u00bb, ajoutent-ils toutefois, en s&rsquo;engageant \u00e9galement \u00e0 maintenir leur soutien pour que l&rsquo;Ukraine reste \u00ab\u00a0dans la position la plus forte possible\u00a0\u00bb. \u00ab\u00a0Nous devons intensifier la pression sur l&rsquo;\u00e9conomie de la Russie et son industrie de d\u00e9fense, jusqu&rsquo;\u00e0 ce que Poutine soit pr\u00eat \u00e0 faire la paix\u00a0\u00bb, ajoutent ces dirigeants.\n<\/p>\n<p> \u00ab\u00a0Tactiques dilatoires\u00a0\u00bb russes vis-\u00e0-vis de Trump<\/p>\n<p>\n En visite en Slov\u00e9nie, Emmanuel Macron a pour sa part ajout\u00e9 que<br \/>\n <strong><br \/>\n  l&rsquo;hypoth\u00e8se de concessions territoriales en Ukraine \u00ab\u00a0ne peuvent \u00eatre n\u00e9goci\u00e9es\u00a0\u00bb que par son pr\u00e9sident.<br \/>\n <\/strong><br \/>\n \u00ab\u00a0Nul autre ne saurait le faire et donc c&rsquo;est \u00e0 l&rsquo;Ukraine de d\u00e9cider pour elle-m\u00eame et son territoire et aux Europ\u00e9ens de d\u00e9cider pour eux-m\u00eames et leur s\u00e9curit\u00e9\u00a0\u00bb, a-t-il ajout\u00e9 en r\u00e9f\u00e9rence \u00e0 une rencontre envisag\u00e9e \u00e0 Budapest entre Vladimir Poutine et Donald Trump.\n<\/p>\n<p>\n Les dirigeants europ\u00e9ens redoutent un accord qui se ferait au d\u00e9triment de l&rsquo;Ukraine et des int\u00e9r\u00eats de s\u00e9curit\u00e9 en Europe. Ils ne cessent d&rsquo;appeler \u00e0 renforcer la pression sur Moscou, y compris depuis Washington o\u00f9 le pr\u00e9sident am\u00e9ricain a jusqu&rsquo;\u00e0 pr\u00e9sent refus\u00e9 de prendre des sanctions contre la Russie.<br \/>\n <strong><br \/>\n  \u00ab\u00a0Les tactiques dilatoires de la Russie ont d\u00e9montr\u00e9 \u00e0 maintes reprises que l&rsquo;Ukraine est la seule partie s\u00e9rieuse \u00e0 vouloir la paix\u00a0\u00bb<br \/>\n <\/strong><br \/>\n , \u00e9crivent ainsi ces dirigeants. \u00ab\u00a0C&rsquo;est pourquoi nous sommes convaincus que l&rsquo;Ukraine doit \u00eatre dans la position la plus forte possible, avant, pendant et apr\u00e8s tout cessez-le-feu\u00a0\u00bb, ont-ils ajout\u00e9.\n<\/p>\n<p>\n Ils doivent se retrouver jeudi \u00e0 Bruxelles, \u00e0 l&rsquo;exception du Premier ministre britannique Keir Starmer, pour un sommet europ\u00e9en au cours duquel ils esp\u00e8rent se mettre d&rsquo;accord sur un soutien financier p\u00e9renne \u00e0 l&rsquo;Ukraine. Une r\u00e9union de la \u00ab\u00a0coalition des volontaires\u00a0\u00bb, qui rassemble les soutiens de Kiev, est \u00e9galement pr\u00e9vue vendredi. \u00ab\u00a0Nous \u00e9laborons des mesures pour utiliser pleinement la valeur des actifs souverains immobilis\u00e9s de la Russie, afin que l&rsquo;Ukraine dispose des ressources n\u00e9cessaires\u00a0\u00bb, \u00e9crivent ainsi ces dirigeants.\n<\/p>\n<p>\n La cheffe de la politique \u00e9trang\u00e8re europ\u00e9enne, Kaja Kallas, a d\u00e9clar\u00e9 lundi qu&rsquo;il y avait un \u00ab\u00a0large soutien\u00a0\u00bb au sein de l&rsquo;Union europ\u00e9enne \u00e0 la proposition de mobiliser ces avoirs russes gel\u00e9s, pour accorder \u00e0 Kiev un pr\u00eat de 140 milliards d&rsquo;euros. Une r\u00e9union de la \u00ab\u00a0coalition des volontaires\u00a0\u00bb, qui rassemble les soutiens de Kiev, est \u00e9galement pr\u00e9vue vendredi.<\/p>\n","protected":false},"excerpt":{"rendered":"Cette prise de position commune a \u00e9t\u00e9 sign\u00e9e par les dirigeants de l&rsquo;Ukraine, de l&rsquo;Union europ\u00e9enne, de la&hellip;\n","protected":false},"author":2,"featured_media":479439,"comment_status":"","ping_status":"","sticky":false,"template":"","format":"standard","meta":{"footnotes":""},"categories":[1590],"tags":[400,11,398,408,405,1777,674,403,402,399,404,12,401,406,220,407],"class_list":{"0":"post-479438","1":"post","2":"type-post","3":"status-publish","4":"format-standard","5":"has-post-thumbnail","7":"category-ukraine","8":"tag-action-cac-40","9":"tag-actualites","10":"tag-bourse-de-paris","11":"tag-boursorama","12":"tag-cotations","13":"tag-eu","14":"tag-europe","15":"tag-indices-devises","16":"tag-investir","17":"tag-investissement","18":"tag-marche-boursier","19":"tag-news","20":"tag-sicav","21":"tag-trackers","22":"tag-ukraine","23":"tag-warrants"},"share_on_mastodon":{"url":"https:\/\/pubeurope.com\/@fr\/115412102107354306","error":""},"_links":{"self":[{"href":"https:\/\/www.europesays.com\/fr\/wp-json\/wp\/v2\/posts\/479438","targetHints":{"allow":["GET"]}}],"collection":[{"href":"https:\/\/www.europesays.com\/fr\/wp-json\/wp\/v2\/posts"}],"about":[{"href":"https:\/\/www.europesays.com\/fr\/wp-json\/wp\/v2\/types\/post"}],"author":[{"embeddable":true,"href":"https:\/\/www.europesays.com\/fr\/wp-json\/wp\/v2\/users\/2"}],"replies":[{"embeddable":true,"href":"https:\/\/www.europesays.com\/fr\/wp-json\/wp\/v2\/comments?post=479438"}],"version-history":[{"count":0,"href":"https:\/\/www.europesays.com\/fr\/wp-json\/wp\/v2\/posts\/479438\/revisions"}],"wp:featuredmedia":[{"embeddable":true,"href":"https:\/\/www.europesays.com\/fr\/wp-json\/wp\/v2\/media\/479439"}],"wp:attachment":[{"href":"https:\/\/www.europesays.com\/fr\/wp-json\/wp\/v2\/media?parent=479438"}],"wp:term":[{"taxonomy":"category","embeddable":true,"href":"https:\/\/www.europesays.com\/fr\/wp-json\/wp\/v2\/categories?post=479438"},{"taxonomy":"post_tag","embeddable":true,"href":"https:\/\/www.europesays.com\/fr\/wp-json\/wp\/v2\/tags?post=479438"}],"curies":[{"name":"wp","href":"https:\/\/api.w.org\/{rel}","templated":true}]}}