{"id":479440,"date":"2025-10-21T12:14:11","date_gmt":"2025-10-21T12:14:11","guid":{"rendered":"https:\/\/www.europesays.com\/fr\/479440\/"},"modified":"2025-10-21T12:14:11","modified_gmt":"2025-10-21T12:14:11","slug":"etats-unis-une-cour-dappel-autorise-donald-trump-a-deployer-la-garde-nationale-a-portland","status":"publish","type":"post","link":"https:\/\/www.europesays.com\/fr\/479440\/","title":{"rendered":"\u00c9tats-Unis : une cour d&rsquo;appel autorise Donald Trump \u00e0 d\u00e9ployer la Garde nationale \u00e0 Portland"},"content":{"rendered":"<p>          <img decoding=\"async\" class=\"c-ad__placeholder__logo\" src=\"https:\/\/static.euronews.com\/website\/images\/logos\/logo-euronews-stacked-outlined-72x72-grey-9.svg\" width=\"72\" height=\"72\" alt=\"\" loading=\"lazy\"\/><br \/>\n          PUBLICIT\u00c9<\/p>\n<p>Une cour d&rsquo;appel divis\u00e9e a suspendu lundi l&rsquo;ordonnance qui emp\u00eachait le pr\u00e9sident am\u00e9ricain Donald Trump de prendre le commandement de 200 soldats de la Garde nationale de l&rsquo;Oregon pour les d\u00e9ployer \u00e0 Portland.<\/p>\n<p>Sur demande du minist\u00e8re de la Justice, un panel de trois juges de la 9e cour d&rsquo;appel du circuit am\u00e9ricain a suspendu l&rsquo;ordonnance d&rsquo;une juge qui avait bloqu\u00e9 le d\u00e9ploiement.<\/p>\n<p>Chronologie de l&rsquo;affaire<\/p>\n<p>Ce feuilleton judiciaire a d\u00e9but\u00e9 en septembre lorsque les \u00c9tats de Californie et de l&rsquo;Oregon, ainsi que la ville de Portland, ont intent\u00e9 une action en justice pour emp\u00eacher Donald Trump de d\u00e9ployer la Garde nationale.<\/p>\n<p>Ce nouveau jugement intervient apr\u00e8s que la juge de district Karin Immergut, nomm\u00e9e par Donald Trump, a rendu deux ordonnances restrictives temporaires au d\u00e9but du mois.<\/p>\n<p>Celles-ci interdisaient au pr\u00e9sident am\u00e9ricain d&rsquo;appeler les troupes pour les envoyer \u00e0 Portland et d&rsquo;envoyer des membres de la Garde nationale dans l&rsquo;Oregon, apr\u00e8s que le pr\u00e9sident a tent\u00e9 de se soustraire \u00e0 la premi\u00e8re ordonnance en d\u00e9ployant des troupes californiennes \u00e0 la place.<\/p>\n<p>Le minist\u00e8re de la Justice a fait appel de la premi\u00e8re ordonnance et, dans une d\u00e9cision \u00e0 deux voix contre une, le tribunal a d\u00e9clar\u00e9 que le pr\u00e9sident avait le pouvoir de f\u00e9d\u00e9raliser les troupes, parce qu&rsquo;il \u00e9tait incapable de faire appliquer les lois sans elles.<\/p>\n<p>L&rsquo;administration Trump estime que le raisonnement juridique sous-tendant les deux ordonnances d&rsquo;interdiction temporaire \u00e9tant le m\u00eame, la seconde \u00e9tait \u00e9galement invalide, et le panel a \u00e9galement statu\u00e9 que les deux ordonnances \u00ab\u00a0se maintiennent ou tombent ensemble\u00a0\u00bb.<\/p>\n<p>\u00ab\u00a0Le combat n&rsquo;est pas termin\u00e9\u00a0\u00bb<\/p>\n<p>Peu apr\u00e8s la d\u00e9cision de lundi, le minist\u00e8re de la Justice a demand\u00e9 \u00e0 Karin Immergut de dissoudre imm\u00e9diatement sa deuxi\u00e8me ordonnance, ce qui permettrait \u00e0 Donald Trump de d\u00e9ployer des troupes \u00e0 Portland.<\/p>\n<p>\u00ab\u00a0La d\u00e9cision du neuvi\u00e8me circuit de suspendre la premi\u00e8re ordonnance est un changement significatif de la loi qui justifie clairement la dissolution de la deuxi\u00e8me ordonnance de cette Cour\u00a0\u00bb, affirment les avocats du gouvernement am\u00e9ricain.<\/p>\n<p>La gouverneure de l&rsquo;Oregon, Tina Kotek, affirme que \u00ab\u00a0le combat n&rsquo;est pas termin\u00e9\u00a0\u00bb, tandis que le procureur g\u00e9n\u00e9ral de l&rsquo;Oregon, Dan Rayfield, un d\u00e9mocrate, a d\u00e9clar\u00e9 qu&rsquo;il demanderait \u00e0 un panel plus large de la cour d&rsquo;appel de r\u00e9examiner la d\u00e9cision.<\/p>\n<p>\u00ab\u00a0La d\u00e9cision d&rsquo;aujourd&rsquo;hui, si elle est maintenue, donnerait au pr\u00e9sident le pouvoir unilat\u00e9ral d&rsquo;envoyer des soldats de l&rsquo;Oregon dans nos rues sans presque aucune justification\u00a0\u00bb, a-t-il d\u00e9clar\u00e9. \u00ab\u00a0Nous sommes sur une voie dangereuse en Am\u00e9rique\u00a0\u00bb.<\/p>\n<p>Le gouvernement am\u00e9ricain a demand\u00e9 vendredi \u00e0 la Cour supr\u00eame des \u00c9tats-Unis d&rsquo;autoriser le d\u00e9ploiement de troupes de la Garde nationale dans la r\u00e9gion de Chicago.<\/p>\n<p>Contestations juridiques<\/p>\n<p>Les efforts de Donald Trump pour d\u00e9ployer des troupes de la Garde nationale dans des villes dirig\u00e9es par des d\u00e9mocrates font l&rsquo;objet de nombreuses contestations judiciaires.<\/p>\n<p>Un juge californien a notamment statu\u00e9 que le d\u00e9ploiement de milliers de soldats de la Garde nationale \u00e0 Los Angeles violait le Posse Comitatus, une loi qui interdit g\u00e9n\u00e9ralement l&rsquo;utilisation de l&rsquo;arm\u00e9e pour le maintien de l&rsquo;ordre civil. <\/p>\n<p>Depuis le mois de juin, de petites manifestations nocturnes, limit\u00e9es \u00e0 un seul p\u00e2t\u00e9 de maisons, ont eu lieu devant le b\u00e2timent de l&rsquo;US Immigration and Customs Enforcement \u00e0 Portland.<\/p>\n<p>Des foules plus importantes se sont parfois manifest\u00e9es avant d&rsquo;\u00eatre dispers\u00e9es par des agents f\u00e9d\u00e9raux. L&rsquo;administration Trump pr\u00e9tend que la Garde nationale est n\u00e9cessaire pour prot\u00e9ger les propri\u00e9t\u00e9s f\u00e9d\u00e9rales de Portland contre les manifestants.<\/p>\n","protected":false},"excerpt":{"rendered":"PUBLICIT\u00c9 Une cour d&rsquo;appel divis\u00e9e a suspendu lundi l&rsquo;ordonnance qui emp\u00eachait le pr\u00e9sident am\u00e9ricain Donald Trump de prendre&hellip;\n","protected":false},"author":2,"featured_media":479441,"comment_status":"","ping_status":"","sticky":false,"template":"","format":"standard","meta":{"footnotes":""},"categories":[1589],"tags":[11,75,73,1866,60273,1061,12,20151,1864,1865,1863,308],"class_list":{"0":"post-479440","1":"post","2":"type-post","3":"status-publish","4":"format-standard","5":"has-post-thumbnail","7":"category-etats-unis","8":"tag-actualites","9":"tag-donald-trump","10":"tag-etats-unis","11":"tag-etats-unis-damerique","12":"tag-faire-appel","13":"tag-immigration","14":"tag-news","15":"tag-portland","16":"tag-united-states","17":"tag-united-states-of-america","18":"tag-us","19":"tag-usa"},"share_on_mastodon":{"url":"https:\/\/pubeurope.com\/@fr\/115412104917710579","error":""},"_links":{"self":[{"href":"https:\/\/www.europesays.com\/fr\/wp-json\/wp\/v2\/posts\/479440","targetHints":{"allow":["GET"]}}],"collection":[{"href":"https:\/\/www.europesays.com\/fr\/wp-json\/wp\/v2\/posts"}],"about":[{"href":"https:\/\/www.europesays.com\/fr\/wp-json\/wp\/v2\/types\/post"}],"author":[{"embeddable":true,"href":"https:\/\/www.europesays.com\/fr\/wp-json\/wp\/v2\/users\/2"}],"replies":[{"embeddable":true,"href":"https:\/\/www.europesays.com\/fr\/wp-json\/wp\/v2\/comments?post=479440"}],"version-history":[{"count":0,"href":"https:\/\/www.europesays.com\/fr\/wp-json\/wp\/v2\/posts\/479440\/revisions"}],"wp:featuredmedia":[{"embeddable":true,"href":"https:\/\/www.europesays.com\/fr\/wp-json\/wp\/v2\/media\/479441"}],"wp:attachment":[{"href":"https:\/\/www.europesays.com\/fr\/wp-json\/wp\/v2\/media?parent=479440"}],"wp:term":[{"taxonomy":"category","embeddable":true,"href":"https:\/\/www.europesays.com\/fr\/wp-json\/wp\/v2\/categories?post=479440"},{"taxonomy":"post_tag","embeddable":true,"href":"https:\/\/www.europesays.com\/fr\/wp-json\/wp\/v2\/tags?post=479440"}],"curies":[{"name":"wp","href":"https:\/\/api.w.org\/{rel}","templated":true}]}}