{"id":479445,"date":"2025-10-21T12:17:14","date_gmt":"2025-10-21T12:17:14","guid":{"rendered":"https:\/\/www.europesays.com\/fr\/479445\/"},"modified":"2025-10-21T12:17:14","modified_gmt":"2025-10-21T12:17:14","slug":"leurope-nexclut-plus-de-repousser-la-fin-des-voitures-thermiques-des-cette-annee","status":"publish","type":"post","link":"https:\/\/www.europesays.com\/fr\/479445\/","title":{"rendered":"L\u2019Europe n\u2019exclut plus de repousser la fin des voitures thermiques d\u00e8s cette ann\u00e9e !"},"content":{"rendered":"<p itemprop=\"description\">Depuis des mois, beaucoup sp\u00e9culent sur le fait que l\u2019interdiction des ventes de voitures thermiques en 2035 serait sur le point d\u2019\u00eatre repouss\u00e9e. Cependant, il semblerait que cette hypoth\u00e8se soit sur le point de se r\u00e9aliser !<\/p>\n<p class=\"whitespace-break-spaces\">C\u2019est une d\u00e9cision qui a d\u00e9j\u00e0 fait couler tellement d\u2019encre en Europe ! <strong>Nous parlons ici de la fameuse interdiction des ventes de voitures thermiques en 2035<\/strong> dans les pays membres de l\u2019Union europ\u00e9enne. Une d\u00e9cision qui s\u2019inscrit dans un objectif plus global de l\u2019UE, <strong>\u00e0 savoir celui d\u2019atteindre la neutralit\u00e9 climatique d\u2019ici 2050<\/strong>.<\/p>\n<p>\t\t\t2035, une \u00e9ch\u00e9ance d\u00e9j\u00e0 fragilis\u00e9e : quand l\u2019Europe commence \u00e0 douter Des normes impossibles \u00e0 respecter ? <\/p>\n<p class=\"whitespace-break-spaces\">L\u2019interdiction des ventes de voitures thermiques en 2035 est l\u2019objectif final d\u2019un plan. En effet, <a href=\"https:\/\/www.autoplus.fr\/actualite\/ce-nest-plus-tenable-les-constructeurs-au-bord-du-gouffre-face-aux-normes-europeennes-1395250.html\" target=\"_blank\" rel=\"noopener nofollow\">les constructeurs europ\u00e9ens<\/a> <strong>sont tenus de respecter la \u00ab norme CAFE \u00bb<\/strong>, qui doit pr\u00e9parer l\u2019\u00e9ch\u00e9ance de 2035. Ces m\u00eames constructeurs sont dans <strong>l\u2019obligation de respecter un plafond moyen d\u2019\u00e9missions de CO\u2082<\/strong> sur l\u2019ensemble des voitures vendues en une ann\u00e9e. Un plafond qui diminue \u00e0 mesure que l\u2019on s\u2019approche de cette fameuse ann\u00e9e 2035. Et gare aux constructeurs qui ne respecteraient pas cette norme, puisqu\u2019ils s\u2019exposent \u00e0 de lourdes amendes \u2013 <strong>on parle ici de milliards d\u2019euros.<\/strong> Cette d\u00e9cision n\u2019a qu\u2019un seul but : forcer les constructeurs \u00e0 \u00e9lectrifier leur gamme.<\/p>\n<p class=\"whitespace-break-spaces\">Seulement voil\u00e0, si les objectifs d\u2019\u00e9missions deviennent de plus en plus drastiques, <a href=\"https:\/\/www.autoplus.fr\/environnement\/avant-la-fin-des-subventions-les-ventes-de-voitures-electriques-explosent-dans-ce-pays-1400570.html\" rel=\"nofollow noopener\" target=\"_blank\">les ventes de voitures \u00e9lectriques<\/a> ne d\u00e9collent pas. C\u2019est pour cela qu\u2019\u00e0 la fin de l\u2019ann\u00e9e 2024, certains constructeurs europ\u00e9ens ont demand\u00e9 plus de flexibilit\u00e9 concernant la norme CAFE, ce que l\u2019Union europ\u00e9enne a fait. En effet, les objectifs d\u2019\u00e9missions de CO\u2082 ne seront plus calcul\u00e9s d\u2019une ann\u00e9e sur l\u2019autre, <strong>mais finalement sur trois ans, <\/strong>laissant ainsi aux retardataires un sursis suppl\u00e9mentaire.<\/p>\n<p>    Une industrie en crise et en \u00ab danger de mort \u00bb ! <\/p>\n<p class=\"whitespace-break-spaces\">Ce n\u2019est plus un secret pour personne : <strong>l\u2019industrie automobile europ\u00e9enne est en crise<\/strong>. Suppressions de postes \u00e0 grande \u00e9chelle dans plusieurs pays, fournisseurs au bord de la faillite et une concurrence \u00e9trang\u00e8re de plus en plus f\u00e9roce, notamment venue de Chine\u2026 Les constructeurs automobiles font face \u00e0 un danger de mort. Oui, r\u00e9ellement en \u00ab danger de mort \u00bb, ce sont en tout cas les mots employ\u00e9s il y a quelques mois par le chef de l\u2019industrie europ\u00e9enne, St\u00e9phane S\u00e9journ\u00e9.<\/p>\n<p class=\"whitespace-break-spaces\">C\u2019est dans le but de sauver cette industrie que plusieurs \u00c9tats membres de <a href=\"https:\/\/www.autoplus.fr\/actualite\/lunion-europeenne-sapprete-t-elle-a-introduire-de-nouvelles-regles-locales-pour-lindustrie-auto-1400606.html\" rel=\"nofollow noopener\" target=\"_blank\">l\u2019Union europ\u00e9enne<\/a> <strong>ont commenc\u00e9 \u00e0 faire entendre leur voix et d\u00e9cid\u00e9 de faire pression sur la Commission europ\u00e9enne<\/strong> pour que cette derni\u00e8re revoie ses objectifs \u00e0 court, moyen et long terme. C\u2019est le cas notamment de l\u2019Allemagne. En effet, le chancelier allemand, Friedrich Merz, a encore affirm\u00e9 au d\u00e9but du mois vouloir \u00ab tout faire \u00bb pour lever l\u2019interdiction des ventes de voitures thermiques en 2035 et a \u00e9galement ajout\u00e9 : \u00ab Il ne doit pas y avoir de coupure brutale en 2035 \u00bb.<\/p>\n<p>    Un report possible d\u00e8s 2025 : quels sc\u00e9narios pour les automobilistes et l\u2019industrie ? <\/p>\n<p class=\"whitespace-break-spaces\">Face \u00e0 cette situation, aux inqui\u00e9tudes \u00e9conomiques entourant l\u2019industrie automobile europ\u00e9enne, mais \u00e9galement face aux critiques de plusieurs \u00c9tats membres, l\u2019Union europ\u00e9enne va, semble-t-il, <strong>revenir sur son interdiction de 2035<\/strong>. En effet, c\u2019est dans une lettre envoy\u00e9e aux dirigeants des 27 pays membres de l\u2019Union, en vue de la r\u00e9union du Conseil europ\u00e9en pr\u00e9vue le 23 octobre, qu\u2019Ursula von der Leyen a annonc\u00e9 que <strong>l\u2019Europe avait d\u00e9cid\u00e9 d\u2019anticiper la r\u00e9vision de l\u2019arr\u00eat des voitures thermiques pr\u00e9vu en 2035<\/strong>.<\/p>\n<p class=\"whitespace-break-spaces\">La pr\u00e9sidente de la <a href=\"https:\/\/www.autoplus.fr\/actualite\/la-commission-europeenne-menace-elon-musk-1362766.html\" rel=\"nofollow noopener\" target=\"_blank\">Commission europ\u00e9enne<\/a> \u00e9crit dans cette lettre : \u00ab \u00c0 la suite du dernier dialogue strat\u00e9gique, j\u2019ai d\u00e9cid\u00e9 d\u2019acc\u00e9l\u00e9rer la r\u00e9vision du r\u00e8glement sur les \u00e9missions de CO\u2082 pour les voitures et les fourgons d\u2019ici la fin de l\u2019ann\u00e9e \u00bb. Initialement pr\u00e9vue en 2026, cette clause de revoyure sera donc activ\u00e9e d\u00e8s la fin de l\u2019ann\u00e9e 2025. Seulement, si l\u2019Europe venait \u00e0 repousser l\u2019interdiction des ventes de voitures thermiques pr\u00e9vue en 2035, <strong>quels sc\u00e9narios seraient envisag\u00e9s ?<\/strong><\/p>\n<p class=\"whitespace-break-spaces\">En plus de repousser cette date, l\u2019Europe pourrait ouvrir la voie \u00e0 d\u2019autres technologies comme les \u00ab e-fuels \u00bb, ou encore le d\u00e9veloppement plus pouss\u00e9 des voitures hybrides, <strong>comme celles \u00e0 prolongateur d\u2019autonomie.<\/strong> Encore une fois, les constructeurs et \u00c9tats membres ne demandent pas un retour en arri\u00e8re, <strong>mais plus de flexibilit\u00e9<\/strong>. Friedrich Merz souhaite une approche plus pragmatique : \u00ab Il ne s\u2019agit pas de revenir aux anciennes technologies, mais d\u2019avancer avec l\u2019\u00e9lectromobilit\u00e9 et d\u2019autres motorisations neutres pour le climat. \u00bb<\/p>\n<p class=\"whitespace-break-spaces\"><strong>D\u00e9sormais, il faudra attendre la fin de l\u2019ann\u00e9e pour conna\u00eetre la d\u00e9cision finale de l\u2019Europe sur ce point pr\u00e9cis !<\/strong><\/p>\n","protected":false},"excerpt":{"rendered":"Depuis des mois, beaucoup sp\u00e9culent sur le fait que l\u2019interdiction des ventes de voitures thermiques en 2035 serait&hellip;\n","protected":false},"author":2,"featured_media":479446,"comment_status":"","ping_status":"","sticky":false,"template":"","format":"standard","meta":{"footnotes":""},"categories":[1586],"tags":[11,1777,674,1011,27,1638,12,25],"class_list":{"0":"post-479445","1":"post","2":"type-post","3":"status-publish","4":"format-standard","5":"has-post-thumbnail","7":"category-europe","8":"tag-actualites","9":"tag-eu","10":"tag-europe","11":"tag-fr","12":"tag-france","13":"tag-has_diapo","14":"tag-news","15":"tag-republique-francaise"},"share_on_mastodon":{"url":"https:\/\/pubeurope.com\/@fr\/115412116725448610","error":""},"_links":{"self":[{"href":"https:\/\/www.europesays.com\/fr\/wp-json\/wp\/v2\/posts\/479445","targetHints":{"allow":["GET"]}}],"collection":[{"href":"https:\/\/www.europesays.com\/fr\/wp-json\/wp\/v2\/posts"}],"about":[{"href":"https:\/\/www.europesays.com\/fr\/wp-json\/wp\/v2\/types\/post"}],"author":[{"embeddable":true,"href":"https:\/\/www.europesays.com\/fr\/wp-json\/wp\/v2\/users\/2"}],"replies":[{"embeddable":true,"href":"https:\/\/www.europesays.com\/fr\/wp-json\/wp\/v2\/comments?post=479445"}],"version-history":[{"count":0,"href":"https:\/\/www.europesays.com\/fr\/wp-json\/wp\/v2\/posts\/479445\/revisions"}],"wp:featuredmedia":[{"embeddable":true,"href":"https:\/\/www.europesays.com\/fr\/wp-json\/wp\/v2\/media\/479446"}],"wp:attachment":[{"href":"https:\/\/www.europesays.com\/fr\/wp-json\/wp\/v2\/media?parent=479445"}],"wp:term":[{"taxonomy":"category","embeddable":true,"href":"https:\/\/www.europesays.com\/fr\/wp-json\/wp\/v2\/categories?post=479445"},{"taxonomy":"post_tag","embeddable":true,"href":"https:\/\/www.europesays.com\/fr\/wp-json\/wp\/v2\/tags?post=479445"}],"curies":[{"name":"wp","href":"https:\/\/api.w.org\/{rel}","templated":true}]}}