{"id":479461,"date":"2025-10-21T12:28:12","date_gmt":"2025-10-21T12:28:12","guid":{"rendered":"https:\/\/www.europesays.com\/fr\/479461\/"},"modified":"2025-10-21T12:28:12","modified_gmt":"2025-10-21T12:28:12","slug":"formule-1-alpine-ouvre-un-concept-store-a-paris","status":"publish","type":"post","link":"https:\/\/www.europesays.com\/fr\/479461\/","title":{"rendered":"Formule 1. Alpine ouvre un concept store \u00e0 Paris"},"content":{"rendered":"<p class=\"mb-4\"><strong>Marques<\/strong>. A Paris, le 35 boulevard des Capucines s\u2019est, depuis le 9 octobre dernier, transform\u00e9 en stand de Formule 1. Alpine a install\u00e9 dans cet espace commercial son second concept store en Europe, apr\u00e8s un premier ouvert \u00e0 Barcelone (Espagne). Le lieu, couleur bleue comme la marque du groupe Renault, se r\u00e9parti sur 650 m\u00e8tres carr\u00e9s et deux \u00e9tages. Il a d\u00e9j\u00e0 re\u00e7u la visite de Pierre Gasly. Le pilote de l\u2019\u00e9curie Alpine en Formule 1 a salu\u00e9 cette initiative. \u00ab\u00a0C\u2019est g\u00e9nial qu\u2019Alpine aille \u00e0 la rencontre du grand public avec ce lieu consacr\u00e9 aux sports automobiles,\u00bb a-t-il lanc\u00e9 lors de l\u2019inauguration.<\/p>\n<p class=\"mb-4\">Le rez-de-chauss\u00e9e h\u00e9berge une monoplace de l\u2019\u00e9curie BWT Alpine F1 Team mais aussi l\u2019A390 et l\u2019A290 \u00e9lectrique, mod\u00e8les phare du constructeur. Une dizaine de simulateurs E-Motion est install\u00e9 pour le public. Leur utilisation est payante : 30 euros pour 15 minutes de course virtuelle. A l\u2019\u00e9tage, un espace restauration a \u00e9t\u00e9 imagin\u00e9 en collaboration avec un traiteur\u2026 italien. Par ailleurs, la boutique propose aussi \u00e0 la vente des produits d\u00e9riv\u00e9s de l\u2019\u00e9curie et de la marque. Enfin, le lieu permettra de suivre en direct la retransmission de Grand Prix.<\/p>\n<p class=\"mb-4\">L\u2019Atelier Alpine, son appellation officielle, est ouvert au grand public depuis le 10 octobre 2025. Il vise \u00e0 d\u00e9mocratiser la Formule 1, explique-t-on du c\u00f4t\u00e9 des organisateurs. Le lieu, qui a vocation a durer dans le temps, abritera des lancements de produits, op\u00e9rations commerciales, activations \u00e9v\u00e9nementielles et expositions. Ce concept store sera un un des rares lieux de la capitale int\u00e9gralement d\u00e9di\u00e9 \u00e0 la course automobile.<\/p>\n<p class=\"mb-4\">\u00a9 SportBusiness.Club \u2013 Octobre 2025<\/p>\n","protected":false},"excerpt":{"rendered":"Marques. A Paris, le 35 boulevard des Capucines s\u2019est, depuis le 9 octobre dernier, transform\u00e9 en stand de&hellip;\n","protected":false},"author":2,"featured_media":479462,"comment_status":"","ping_status":"","sticky":false,"template":"","format":"standard","meta":{"footnotes":""},"categories":[1412],"tags":[60274,59364,2105,1451,1452,1453,1454,1455,1011,27,60],"class_list":{"0":"post-479461","1":"post","2":"type-post","3":"status-publish","4":"format-standard","5":"has-post-thumbnail","7":"category-f1","8":"tag-activations","9":"tag-alpine-f1-team","10":"tag-distribution","11":"tag-f1","12":"tag-formula-1","13":"tag-formula1","14":"tag-formule-1","15":"tag-formule1","16":"tag-fr","17":"tag-france","18":"tag-sports"},"share_on_mastodon":{"url":"https:\/\/pubeurope.com\/@fr\/115412160041599769","error":""},"_links":{"self":[{"href":"https:\/\/www.europesays.com\/fr\/wp-json\/wp\/v2\/posts\/479461","targetHints":{"allow":["GET"]}}],"collection":[{"href":"https:\/\/www.europesays.com\/fr\/wp-json\/wp\/v2\/posts"}],"about":[{"href":"https:\/\/www.europesays.com\/fr\/wp-json\/wp\/v2\/types\/post"}],"author":[{"embeddable":true,"href":"https:\/\/www.europesays.com\/fr\/wp-json\/wp\/v2\/users\/2"}],"replies":[{"embeddable":true,"href":"https:\/\/www.europesays.com\/fr\/wp-json\/wp\/v2\/comments?post=479461"}],"version-history":[{"count":0,"href":"https:\/\/www.europesays.com\/fr\/wp-json\/wp\/v2\/posts\/479461\/revisions"}],"wp:featuredmedia":[{"embeddable":true,"href":"https:\/\/www.europesays.com\/fr\/wp-json\/wp\/v2\/media\/479462"}],"wp:attachment":[{"href":"https:\/\/www.europesays.com\/fr\/wp-json\/wp\/v2\/media?parent=479461"}],"wp:term":[{"taxonomy":"category","embeddable":true,"href":"https:\/\/www.europesays.com\/fr\/wp-json\/wp\/v2\/categories?post=479461"},{"taxonomy":"post_tag","embeddable":true,"href":"https:\/\/www.europesays.com\/fr\/wp-json\/wp\/v2\/tags?post=479461"}],"curies":[{"name":"wp","href":"https:\/\/api.w.org\/{rel}","templated":true}]}}