{"id":479465,"date":"2025-10-21T12:30:18","date_gmt":"2025-10-21T12:30:18","guid":{"rendered":"https:\/\/www.europesays.com\/fr\/479465\/"},"modified":"2025-10-21T12:30:18","modified_gmt":"2025-10-21T12:30:18","slug":"bayer-leverkusen-psg-luis-enrique-sort-lartillerie","status":"publish","type":"post","link":"https:\/\/www.europesays.com\/fr\/479465\/","title":{"rendered":"Bayer Leverkusen &#8211; PSG, Luis Enrique sort l&rsquo;artillerie"},"content":{"rendered":"<p><a href=\"https:\/\/www.goal.com\/fr\/listes\/bayer-leverkusen-psg-un-porte-bonheur-des-parisiens-au-sifflet\/blt7028534ddea31d9f\" target=\"_self\" rel=\"noopener\">Le Paris Saint-Germain s\u2019appr\u00eate \u00e0 d\u00e9fier le Bayer Leverkusen, mardi, \u00e0 l\u2019occasion de la troisi\u00e8me journ\u00e9e de Ligue des Champions<\/a>. Un choc d\u00e9terminant pour le club de la capitale qui doit retrouver la confiance apr\u00e8s ses deux derniers nuls en Ligue 1 contre<a href=\"https:\/\/www.goal.com\/fr\/listes\/mbappe-sauve-lille-et-prive-le-psg-de-la-victoire-1-1\/bltc3589bd2cae8461b\" target=\"_self\" rel=\"noopener\">\u00a0Lille (1-1)<\/a> et <a href=\"https:\/\/www.goal.com\/fr\/listes\/le-psg-sauve-de-justesse-face-a-un-strasbourg-heroique-3-3\/bltc5b14a3e987e8396\" target=\"_self\" rel=\"noopener\">Strasbourg (3-3)<\/a>. Un timing parfait pour Luis Enrique qui pourra compter sur le retour de certains de ses cadres. Ce qui devrait notamment permettre au technicien espagnol de faire quelques choix forts dans sa compo contre le Bayer, demain soir. \u00a0<\/p>\n","protected":false},"excerpt":{"rendered":"Le Paris Saint-Germain s\u2019appr\u00eate \u00e0 d\u00e9fier le Bayer Leverkusen, mardi, \u00e0 l\u2019occasion de la troisi\u00e8me journ\u00e9e de Ligue&hellip;\n","protected":false},"author":2,"featured_media":479466,"comment_status":"","ping_status":"","sticky":false,"template":"","format":"standard","meta":{"footnotes":""},"categories":[1410],"tags":[11005,59864,448,63,1011,27,447,921,91,60],"class_list":{"0":"post-479465","1":"post","2":"type-post","3":"status-publish","4":"format-standard","5":"has-post-thumbnail","7":"category-football","8":"tag-bayer-leverkusen","9":"tag-bayer-leverkusen-vs-paris-saint-germain","10":"tag-champions-league","11":"tag-football","12":"tag-fr","13":"tag-france","14":"tag-ligue-des-champions","15":"tag-luis-enrique","16":"tag-paris-saint-germain","17":"tag-sports"},"share_on_mastodon":{"url":"https:\/\/pubeurope.com\/@fr\/115412167889155808","error":""},"_links":{"self":[{"href":"https:\/\/www.europesays.com\/fr\/wp-json\/wp\/v2\/posts\/479465","targetHints":{"allow":["GET"]}}],"collection":[{"href":"https:\/\/www.europesays.com\/fr\/wp-json\/wp\/v2\/posts"}],"about":[{"href":"https:\/\/www.europesays.com\/fr\/wp-json\/wp\/v2\/types\/post"}],"author":[{"embeddable":true,"href":"https:\/\/www.europesays.com\/fr\/wp-json\/wp\/v2\/users\/2"}],"replies":[{"embeddable":true,"href":"https:\/\/www.europesays.com\/fr\/wp-json\/wp\/v2\/comments?post=479465"}],"version-history":[{"count":0,"href":"https:\/\/www.europesays.com\/fr\/wp-json\/wp\/v2\/posts\/479465\/revisions"}],"wp:featuredmedia":[{"embeddable":true,"href":"https:\/\/www.europesays.com\/fr\/wp-json\/wp\/v2\/media\/479466"}],"wp:attachment":[{"href":"https:\/\/www.europesays.com\/fr\/wp-json\/wp\/v2\/media?parent=479465"}],"wp:term":[{"taxonomy":"category","embeddable":true,"href":"https:\/\/www.europesays.com\/fr\/wp-json\/wp\/v2\/categories?post=479465"},{"taxonomy":"post_tag","embeddable":true,"href":"https:\/\/www.europesays.com\/fr\/wp-json\/wp\/v2\/tags?post=479465"}],"curies":[{"name":"wp","href":"https:\/\/api.w.org\/{rel}","templated":true}]}}