{"id":479480,"date":"2025-10-21T12:39:17","date_gmt":"2025-10-21T12:39:17","guid":{"rendered":"https:\/\/www.europesays.com\/fr\/479480\/"},"modified":"2025-10-21T12:39:17","modified_gmt":"2025-10-21T12:39:17","slug":"prince-andrew-ce-jeune-membre-de-la-famille-royale-qui-pourrait-recuperer-le-titre-de-duc-dyork","status":"publish","type":"post","link":"https:\/\/www.europesays.com\/fr\/479480\/","title":{"rendered":"Prince Andrew : ce jeune membre de la famille royale qui pourrait r\u00e9cup\u00e9rer le titre de duc d\u2019York"},"content":{"rendered":"<p class=\"p1\">Son annonce a fait l\u2019effet d\u2019une bombe. Depuis<br \/>\nplusieurs ann\u00e9es, <a href=\"https:\/\/www.closermag.fr\/royautes\/prince-andrew-renonce-a-ses-titres-royaux-ce-role-determinant-joue-par-le-prince-william-en-coulisse-3587558\" target=\"_blank\" rel=\"noopener\"><br \/>\nle prince Andrew<\/a> est emp\u00eatr\u00e9 dans un scandale sexuel impliquant<br \/>\nJeffrey Epstein. Apr\u00e8s avoir perdu <strong>ses titres militaires et<br \/>\npatronages royaux<\/strong> en 2019, il a fait une nouvelle annonce<br \/>\nle vendredi 17 octobre 2025.<\/p>\n<p class=\"p1\">En effet, le fr\u00e8re de Charles III a d\u00e9cid\u00e9 de<br \/>\nrenoncer \u00e0 <strong>ses titres royaux<\/strong>. Une d\u00e9cision prise<br \/>\ncar \u201cles accusations persistantes \u00e0 [son] encontre d\u00e9tournent<br \/>\nl\u2019attention du travail de Sa Majest\u00e9\u201d. D\u00e9sormais, il ne sera<br \/>\nplus connu sous le nom de <strong>duc d\u2019York<\/strong>. Un titre qui<br \/>\nlui avait \u00e9t\u00e9 conf\u00e9r\u00e9 par la reine Elizabeth II le jour de son<br \/>\nmariage avec <a href=\"https:\/\/www.closermag.fr\/royautes\/sarah-ferguson-et-prince-andrew-cette-habitude-du-couple-peu-apres-le-mariage-qui-indignait-le-personnel-de-la-famille-royale-3586723\" target=\"_blank\" rel=\"noopener\"><br \/>\nSarah Ferguson<\/a> en 1986.<\/p>\n<p><img loading=\"lazy\" decoding=\"async\" aria-describedby=\"caption-attachment-3588229\" itemprop=\"thumbnailUrl\" class=\"size-full wp-image-3588229 img-responsive\" src=\"https:\/\/www.europesays.com\/fr\/wp-content\/uploads\/2025\/10\/le-prince-louis-1.jpg\" alt=\"Le prince Louis au balcon de Buckingham Palace lors de la c\u00e9r\u00e9monie Trooping the Colour \u00e0 Londres.\" width=\"1200\" height=\"1421\"\/> \u00a9 Julien Burton \/ Bestimage<\/p>\n<p id=\"caption-attachment-3588229\" class=\"wp-caption-text\">Le<br \/>\nprince Louis au balcon de Buckingham Palace lors de la c\u00e9r\u00e9monie<br \/>\nTrooping the Colour \u00e0 Londres.<\/p>\n<p>Le prince Louis pourrait devenir duc d\u2019York<\/p>\n<p class=\"p1\">Le prince Andrew devrait conserver son titre de duc<br \/>\nd\u2019York \u201cen priv\u00e9\u201d jusqu\u2019\u00e0 sa mort. Celui-ci suit n\u00e9anmoins<br \/>\nune succession en ligne masculine. Les princesses <a href=\"https:\/\/www.closermag.fr\/royautes\/prince-andrew-renonce-a-ses-titres-royaux-beatrice-et-eugenie-dyork-epargnees-et-elle-peuvent-dire-merci-a-george-v-3587609\" target=\"_blank\" rel=\"noopener\"><br \/>\nBeatrice et Eugenie<\/a> ne pourront donc pas le recevoir. Un jeune<br \/>\nmembre de la famille royale pourrait cependant devenir le nouveau<br \/>\nduc d\u2019York : <strong>le prince Louis<\/strong>.<\/p>\n<p class=\"p1\">Le duch\u00e9 d\u2019York est traditionnellement conf\u00e9r\u00e9 au<br \/>\n<strong>second fils du monarque<\/strong>. Selon <a href=\"https:\/\/debretts.com\/royal-family\/royal-titles\/peerages-of-other-members-of-the-royal-family\/\" target=\"_blank\" rel=\"nofollow noopener\">Debrett<\/a>, cette<br \/>\ntradition a d\u00e9but\u00e9 en 1474 avec le roi Edouard IV. <strong>Le roi<br \/>\nGeorge VI<\/strong> \u00e9tait \u00e9galement connu sous le nom de duc d\u2019York<br \/>\navant l\u2019abdication surprise de son fr\u00e8re a\u00een\u00e9, le roi Edouard VIII<br \/>\nen 1936.<\/p>\n<p>Le prince William d\u00e9cidera du titre<br \/>\nde son fils cadet<\/p>\n<p class=\"p1\">Une fois sur le tr\u00f4ne, le prince William pourrait<br \/>\nd\u00e9cider de <strong>respecter la tradition<\/strong> en nommant<br \/>\n<a href=\"https:\/\/www.closermag.fr\/royautes\/kate-et-william-louis-prive-dheritage-cette-petite-musique-monte-et-cest-la-faute-dun-paria-de-la-couronne-3536135\" target=\"_blank\" rel=\"noopener\"><br \/>\nle prince Louis<\/a> duc d\u2019York. Le titre a cependant rev\u00eatu une<br \/>\nconnotation n\u00e9gative avec le prince Andrew. Il pourrait<br \/>\ndonc\u00a0pr\u00e9f\u00e9rer le titre de <strong>duc d\u2019\u00c9dimbourg<\/strong><br \/>\napr\u00e8s la mort du prince Edward ou pourrait d\u00e9cider de ne pas lui<br \/>\ndonner de titre du tout.<\/p>\n<p class=\"p1\">De son c\u00f4t\u00e9, <a href=\"https:\/\/www.closermag.fr\/royautes\/kate-et-william-pourquoi-le-prince-george-leur-cause-du-mouron-3527347\" target=\"_blank\" rel=\"noopener\"><br \/>\nle prince George<\/a> devrait suivre les traces de son p\u00e8re. Il<br \/>\npourrait devenir <strong>prince de Galles<\/strong>, un titre<br \/>\nattribu\u00e9 au fils a\u00een\u00e9 et h\u00e9ritier du souverain. Finalement, la<br \/>\n<strong>princesse Charlotte<\/strong> pourrait se voir accorder le<br \/>\ntitre honorifique de <strong>princesse royale<\/strong>, comme la<br \/>\nprincesse Anne avant elle. Une d\u00e9cision que le prince William et<br \/>\nKate Middleton ont tout le temps de m\u00fbrir.<\/p>\n","protected":false},"excerpt":{"rendered":"Son annonce a fait l\u2019effet d\u2019une bombe. Depuis plusieurs ann\u00e9es, le prince Andrew est emp\u00eatr\u00e9 dans un scandale&hellip;\n","protected":false},"author":2,"featured_media":479481,"comment_status":"","ping_status":"","sticky":false,"template":"","format":"standard","meta":{"footnotes":""},"categories":[8],"tags":[58,59,1011,27,546,7529],"class_list":{"0":"post-479480","1":"post","2":"type-post","3":"status-publish","4":"format-standard","5":"has-post-thumbnail","7":"category-divertissement","8":"tag-divertissement","9":"tag-entertainment","10":"tag-fr","11":"tag-france","12":"tag-prince-andrew","13":"tag-prince-louis"},"share_on_mastodon":{"url":"https:\/\/pubeurope.com\/@fr\/115412204163813462","error":""},"_links":{"self":[{"href":"https:\/\/www.europesays.com\/fr\/wp-json\/wp\/v2\/posts\/479480","targetHints":{"allow":["GET"]}}],"collection":[{"href":"https:\/\/www.europesays.com\/fr\/wp-json\/wp\/v2\/posts"}],"about":[{"href":"https:\/\/www.europesays.com\/fr\/wp-json\/wp\/v2\/types\/post"}],"author":[{"embeddable":true,"href":"https:\/\/www.europesays.com\/fr\/wp-json\/wp\/v2\/users\/2"}],"replies":[{"embeddable":true,"href":"https:\/\/www.europesays.com\/fr\/wp-json\/wp\/v2\/comments?post=479480"}],"version-history":[{"count":0,"href":"https:\/\/www.europesays.com\/fr\/wp-json\/wp\/v2\/posts\/479480\/revisions"}],"wp:featuredmedia":[{"embeddable":true,"href":"https:\/\/www.europesays.com\/fr\/wp-json\/wp\/v2\/media\/479481"}],"wp:attachment":[{"href":"https:\/\/www.europesays.com\/fr\/wp-json\/wp\/v2\/media?parent=479480"}],"wp:term":[{"taxonomy":"category","embeddable":true,"href":"https:\/\/www.europesays.com\/fr\/wp-json\/wp\/v2\/categories?post=479480"},{"taxonomy":"post_tag","embeddable":true,"href":"https:\/\/www.europesays.com\/fr\/wp-json\/wp\/v2\/tags?post=479480"}],"curies":[{"name":"wp","href":"https:\/\/api.w.org\/{rel}","templated":true}]}}