{"id":479487,"date":"2025-10-21T12:43:10","date_gmt":"2025-10-21T12:43:10","guid":{"rendered":"https:\/\/www.europesays.com\/fr\/479487\/"},"modified":"2025-10-21T12:43:10","modified_gmt":"2025-10-21T12:43:10","slug":"les-vitrines-fracturees-etaient-elles-trop-fragiles-la-direction-du-musee-se-defend","status":"publish","type":"post","link":"https:\/\/www.europesays.com\/fr\/479487\/","title":{"rendered":"Les vitrines fractur\u00e9es \u00e9taient-elles trop fragiles\u00a0? La direction du mus\u00e9e se d\u00e9fend"},"content":{"rendered":"<p>Alors que la pol\u00e9mique sur la s\u00e9curit\u00e9 des <a href=\"https:\/\/www.20minutes.fr\/dossier\/musee\" class=\"c-link c-link--is-underlined\" target=\"_blank\" rel=\"noopener\">mus\u00e9es<\/a> fran\u00e7ais continue d\u2019enfler, la direction du <a href=\"https:\/\/www.20minutes.fr\/dossier\/louvre\" class=\"c-link c-link--is-underlined\" target=\"_blank\" rel=\"noopener\">Louvre<\/a> a d\u00e9fendu, ce mardi aupr\u00e8s de l\u2019AFP, la qualit\u00e9 des vitrines qui abritaient les joyaux d\u00e9rob\u00e9s dimanche dans la galerie d\u2019Apollon. Elle r\u00e9agissait \u00e0 un article du Canard encha\u00een\u00e9 qui affirme que ces vitrines sont \u00ab\u00a0apparemment plus fragiles que les anciennes\u00a0\u00bb.<\/p>\n<\/p>\n<p>\u00ab\u00a0Le mus\u00e9e du Louvre affirme que les vitrines install\u00e9es en d\u00e9cembre\u00a02019 repr\u00e9sentaient un progr\u00e8s consid\u00e9rable en mati\u00e8re de s\u00e9curit\u00e9 tant le degr\u00e9 d\u2019obsolescence des anciens \u00e9quipements \u00e9tait av\u00e9r\u00e9 et aurait men\u00e9, sans remplacement, \u00e0 retirer les \u0153uvres de la vue du public\u00a0\u00bb, a d\u00e9clar\u00e9 la direction du grand mus\u00e9e.<\/p>\n<p>\u00ab\u00a0Nous avons failli\u00a0\u00bb<\/p>\n<p>La police est par ailleurs toujours aux trousses de quatre malfaiteurs du Louvre partis avec huit \u00ab\u00a0joyaux de la couronne de France\u00a0\u00bb, un vol spectaculaire qui a d\u00e9clench\u00e9 une pol\u00e9mique politique.<\/p>\n<p>La ministre de la Culture Rachida Dati a annonc\u00e9 une <a href=\"https:\/\/www.20minutes.fr\/societe\/4180398-20251020-cambriolage-louvre-rachida-dati-annonce-enquete-administrative-parallele-investigations-judiciaires\" class=\"c-link c-link--is-underlined\" target=\"_blank\" rel=\"noopener\">enqu\u00eate administrative,<\/a> en parall\u00e8le des investigations judiciaires.<\/p>\n<p>\u00ab\u00a0Nous avons failli\u00a0\u00bb, a estim\u00e9 le ministre de la Justice, G\u00e9rald Darmanin, puisque des malfaiteurs ont \u00e9t\u00e9 \u00ab\u00a0capables de mettre un monte-charge\u00a0\u00bb sur la voie publique, \u00ab\u00a0de faire monter des gens en quelques minutes pour r\u00e9cup\u00e9rer des bijoux inestimables et de donner une image d\u00e9plorable de la France\u00a0\u00bb.<\/p>\n<p>Commission d\u2019enqu\u00eate<\/p>\n<p>La pr\u00e9sidente-directrice du Louvre, <a href=\"https:\/\/www.20minutes.fr\/arts-stars\/culture\/3048395-20210526-laurence-cars-future-presidente-musee-louvre\" class=\"c-link c-link--is-underlined\" target=\"_blank\" rel=\"noopener\">Laurence des Cars<\/a>, sera auditionn\u00e9e mercredi par la commission des Affaires culturelles du <a href=\"https:\/\/www.20minutes.fr\/politique\/assemblee_nationale\/4097056-20240620-legilsatives-2024-difference-entre-assemblee-nationale-senat\" class=\"c-link c-link--is-underlined\" target=\"_blank\" rel=\"noopener\">S\u00e9nat<\/a>. Et le pr\u00e9sident de la m\u00eame commission \u00e0 l\u2019Assembl\u00e9e nationale, Alexandre Portier, proposera le m\u00eame jour \u00e0 ses coll\u00e8gues la cr\u00e9ation d\u2019une commission d\u2019enqu\u00eate sur \u00ab\u00a0la s\u00e9curisation des mus\u00e9es\u00a0\u00bb et la \u00ab\u00a0protection du patrimoine\u00a0\u00bb.<\/p>\n<p><a href=\"https:\/\/www.20minutes.fr\/dossier\/louvre\" class=\"c-link c-btn c-btn--primary\" target=\"_blank\" rel=\"noopener\">Notre dossier Louvre<\/a><\/p>\n<p>Une soixantaine d\u2019enqu\u00eateurs de la BRB et de l\u2019Office central de lutte contre le trafic des biens culturels (OCBC) sont mobilis\u00e9s pour interpeller les malfaiteurs et retrouver les huit pi\u00e8ces, dont le diad\u00e8me d\u2019Eug\u00e9nie, qui compte pr\u00e8s de 2.000 diamants.<\/p>\n<p>Le casse n\u2019a dur\u00e9 que sept \u00e0 huit minutes. Il est le fait de cambrioleurs \u00ab\u00a0chevronn\u00e9s\u00a0\u00bb, a soulign\u00e9 le ministre de l\u2019Int\u00e9rieur, Laurent Nu\u00f1ez.<\/p>\n","protected":false},"excerpt":{"rendered":"Alors que la pol\u00e9mique sur la s\u00e9curit\u00e9 des mus\u00e9es fran\u00e7ais continue d\u2019enfler, la direction du Louvre a d\u00e9fendu,&hellip;\n","protected":false},"author":2,"featured_media":479488,"comment_status":"","ping_status":"","sticky":false,"template":"","format":"standard","meta":{"footnotes":""},"categories":[4],"tags":[47,11,416,5417,1174,251,1067,118,658,1011,27,432,662,5454,11274,7088,2616,4145,3048,23977,12,626,2551,417,25,104],"class_list":{"0":"post-479487","1":"post","2":"type-post","3":"status-publish","4":"format-standard","5":"has-post-thumbnail","7":"category-france","8":"tag-actualite","9":"tag-actualites","10":"tag-assemblee-nationale","11":"tag-bijoux","12":"tag-cambriolage","13":"tag-culture","14":"tag-enquete","15":"tag-faits-divers","16":"tag-faits-divers-paris","17":"tag-fr","18":"tag-france","19":"tag-gerald-darmanin","20":"tag-ile-de-france","21":"tag-laurent-nunez","22":"tag-louvre","23":"tag-ministre-de-linterieur","24":"tag-ministre-de-la-culture","25":"tag-ministre-de-la-justice","26":"tag-musee","27":"tag-napoleon","28":"tag-news","29":"tag-paris","30":"tag-patrimoine","31":"tag-rachida-dati","32":"tag-republique-francaise","33":"tag-societe"},"share_on_mastodon":{"url":"https:\/\/pubeurope.com\/@fr\/115412219081564939","error":""},"_links":{"self":[{"href":"https:\/\/www.europesays.com\/fr\/wp-json\/wp\/v2\/posts\/479487","targetHints":{"allow":["GET"]}}],"collection":[{"href":"https:\/\/www.europesays.com\/fr\/wp-json\/wp\/v2\/posts"}],"about":[{"href":"https:\/\/www.europesays.com\/fr\/wp-json\/wp\/v2\/types\/post"}],"author":[{"embeddable":true,"href":"https:\/\/www.europesays.com\/fr\/wp-json\/wp\/v2\/users\/2"}],"replies":[{"embeddable":true,"href":"https:\/\/www.europesays.com\/fr\/wp-json\/wp\/v2\/comments?post=479487"}],"version-history":[{"count":0,"href":"https:\/\/www.europesays.com\/fr\/wp-json\/wp\/v2\/posts\/479487\/revisions"}],"wp:featuredmedia":[{"embeddable":true,"href":"https:\/\/www.europesays.com\/fr\/wp-json\/wp\/v2\/media\/479488"}],"wp:attachment":[{"href":"https:\/\/www.europesays.com\/fr\/wp-json\/wp\/v2\/media?parent=479487"}],"wp:term":[{"taxonomy":"category","embeddable":true,"href":"https:\/\/www.europesays.com\/fr\/wp-json\/wp\/v2\/categories?post=479487"},{"taxonomy":"post_tag","embeddable":true,"href":"https:\/\/www.europesays.com\/fr\/wp-json\/wp\/v2\/tags?post=479487"}],"curies":[{"name":"wp","href":"https:\/\/api.w.org\/{rel}","templated":true}]}}