{"id":479490,"date":"2025-10-21T12:46:14","date_gmt":"2025-10-21T12:46:14","guid":{"rendered":"https:\/\/www.europesays.com\/fr\/479490\/"},"modified":"2025-10-21T12:46:14","modified_gmt":"2025-10-21T12:46:14","slug":"saint-etienne-il-tente-darracher-un-collier-a-une-sexagenaire-des-passants-le-poursuivent","status":"publish","type":"post","link":"https:\/\/www.europesays.com\/fr\/479490\/","title":{"rendered":"Saint-\u00c9tienne. Il tente d\u2019arracher un collier \u00e0 une sexag\u00e9naire, des passants le poursuivent"},"content":{"rendered":"<p>Dimanche, peu avant midi, rue Charles-de-Gaulle \u00e0 Saint-\u00c9tienne, un individu \u00e2g\u00e9 de 17 ans rep\u00e8re une dame de 65 ans avec un collier autour du cou. Il lui tourne autour avant de se jeter sur elle pour tenter de lui arracher.<\/p>\n<p>La sexag\u00e9naire se d\u00e9fend, le malfaiteur prend la fuite sans le bijou mais est rattrap\u00e9 quelques m\u00e8tres plus loin par deux passants t\u00e9moins de la sc\u00e8ne qui le bloquent puis le remettent \u00e0 un \u00e9quipage de police qui patrouillait dans le secteur.<\/p>\n<p>Un jour d&rsquo;ITT pour la sexag\u00e9naire <\/p>\n<p>Le mis en cause a \u00e9t\u00e9 pr\u00e9sent\u00e9, mardi matin, devant le juge des enfants. La sexag\u00e9naire, griff\u00e9e au cou et au visage au moment de l\u2019agression, a eu un jour d\u2019ITT.<\/p>\n","protected":false},"excerpt":{"rendered":"Dimanche, peu avant midi, rue Charles-de-Gaulle \u00e0 Saint-\u00c9tienne, un individu \u00e2g\u00e9 de 17 ans rep\u00e8re une dame de&hellip;\n","protected":false},"author":2,"featured_media":479491,"comment_status":"","ping_status":"","sticky":false,"template":"","format":"standard","meta":{"footnotes":""},"categories":[9653],"tags":[1111,11,2430,271,272,7539,1777,674,274,1011,27,3367,12,25,4001,7538],"class_list":{"0":"post-479490","1":"post","2":"type-post","3":"status-publish","4":"format-standard","5":"has-post-thumbnail","7":"category-saint-etienne","8":"tag-actu","9":"tag-actualites","10":"tag-auvergne-rhone-alpes","11":"tag-crime","12":"tag-delit-et-contravention","13":"tag-edition-loire-sud","14":"tag-eu","15":"tag-europe","16":"tag-faits-divers-justice","17":"tag-fr","18":"tag-france","19":"tag-loire","20":"tag-news","21":"tag-republique-francaise","22":"tag-saint-etienne","23":"tag-saint-etienne-ville"},"share_on_mastodon":{"url":"https:\/\/pubeurope.com\/@fr\/115412230785244306","error":""},"_links":{"self":[{"href":"https:\/\/www.europesays.com\/fr\/wp-json\/wp\/v2\/posts\/479490","targetHints":{"allow":["GET"]}}],"collection":[{"href":"https:\/\/www.europesays.com\/fr\/wp-json\/wp\/v2\/posts"}],"about":[{"href":"https:\/\/www.europesays.com\/fr\/wp-json\/wp\/v2\/types\/post"}],"author":[{"embeddable":true,"href":"https:\/\/www.europesays.com\/fr\/wp-json\/wp\/v2\/users\/2"}],"replies":[{"embeddable":true,"href":"https:\/\/www.europesays.com\/fr\/wp-json\/wp\/v2\/comments?post=479490"}],"version-history":[{"count":0,"href":"https:\/\/www.europesays.com\/fr\/wp-json\/wp\/v2\/posts\/479490\/revisions"}],"wp:featuredmedia":[{"embeddable":true,"href":"https:\/\/www.europesays.com\/fr\/wp-json\/wp\/v2\/media\/479491"}],"wp:attachment":[{"href":"https:\/\/www.europesays.com\/fr\/wp-json\/wp\/v2\/media?parent=479490"}],"wp:term":[{"taxonomy":"category","embeddable":true,"href":"https:\/\/www.europesays.com\/fr\/wp-json\/wp\/v2\/categories?post=479490"},{"taxonomy":"post_tag","embeddable":true,"href":"https:\/\/www.europesays.com\/fr\/wp-json\/wp\/v2\/tags?post=479490"}],"curies":[{"name":"wp","href":"https:\/\/api.w.org\/{rel}","templated":true}]}}