{"id":479494,"date":"2025-10-21T12:49:48","date_gmt":"2025-10-21T12:49:48","guid":{"rendered":"https:\/\/www.europesays.com\/fr\/479494\/"},"modified":"2025-10-21T12:49:48","modified_gmt":"2025-10-21T12:49:48","slug":"photos-video-inspiration-art-deco-pour-le-jardin-ephemere-de-nancy","status":"publish","type":"post","link":"https:\/\/www.europesays.com\/fr\/479494\/","title":{"rendered":"PHOTOS\/VIDEO. Inspiration Art d\u00e9co pour le jardin \u00e9ph\u00e9m\u00e8re de Nancy"},"content":{"rendered":"<p class=\"article-p mdl\">C&rsquo;est l\u2019\u00e9v\u00e9nement de l&rsquo;automne \u00e0 Nancy. Le jardin \u00e9ph\u00e9m\u00e8re est &#8211; comme chaque ann\u00e9e \u2013 install\u00e9 place Stanislas.&#13;<br \/>Cette 22\u00e8me \u00e9dition c\u00e9l\u00e8bre les 100 ans de l&rsquo;Exposition international des Arts D\u00e9coratifs et Industriels Modernes de Paris o\u00f9 Nancy avait un pavillon. Elle fait donc la part belle au mouvement d&rsquo;Art d\u00e9co et aux ann\u00e9es folles (1920- 1930), f\u00eat\u00e9s cette ann\u00e9e par la ville via M\u00e9tro&rsquo;Folies. Vu du ciel, l&rsquo;installation v\u00e9g\u00e9tale prend d&rsquo;ailleurs la forme du logo de l&rsquo;\u00e9v\u00e8nement.&#13;<\/p>\n<p>            Un jardin plus ferm\u00e9<\/p>\n<p class=\"article-p mdl\">Pour la premi\u00e8re fois, la direction des parcs et jardins a donc imagin\u00e9 un jardin plut\u00f4t ferm\u00e9. Des structures m\u00e9talliques forment des couloirs et cachent en grande partie les cr\u00e9ations vertes.<br \/>\n<br \/>\u00ab Le visiteur est oblig\u00e9 de rentrer. Une fois \u00e0 l&rsquo;int\u00e9rieur, il y a un aspect plus intime car on se retrouve au milieu d&rsquo;un jardin clos. On  n&rsquo;a plus l&rsquo;impression d&rsquo;\u00eatre sur la place Stan&rsquo; m\u00eame si on a la vision sur les b\u00e2timents. Les tunnels donnent \u00e9galement une autre vision sur le jardin \u00bb, explique J\u00e9r\u00e9my Noble, directeur \u00e9cologie et nature \u00e0 la ville de Nancy.<br \/>\n<br \/>Les visiteurs peuvent ainsi d\u00e9couvrir de nombreuses vari\u00e9t\u00e9s de fleurs. \u00ab On retrouve des plantes dites \u00ab classiques \u00bb comme des ipom\u00e9es ou du jasmin. Beaucoup de bulbines et de plantes grimpantes  notamment des plus rares comme des \u00ab plantes ballon \u00bb et des plantes fromage qui ont le go\u00fbt et l&rsquo;odeur du fromage \u00bb. Au total, 7 500 v\u00e9g\u00e9taux et 120 arbres composent l&rsquo;installation v\u00e9g\u00e9tale.<\/p>\n<ul class=\"glide__slides\">\n<li class=\"glide__slide\">\n<p>                                    <img decoding=\"async\" alt=\"\" class=\"lazy\" src=\"data:image\/png;base64,iVBORw0KGgoAAAANSUhEUgAAAAEAAAABCAQAAAC1HAwCAAAAC0lEQVR42mM8IQkAAa8A48opxD0AAAAASUVORK5CYII=\"\/><\/p>\n<p class=\"article-media-figcaption-title\">L&rsquo;\u00e9dition 2025 du jardin \u00e9ph\u00e9m\u00e8re s&rsquo;inspire de l&rsquo;Art D\u00e9co<\/p>\n<p class=\"article-media-figcaption-credits\">\n                                                Cr\u00e9dits : Sarah Cotton\n                                            <\/p>\n<\/li>\n<li class=\"glide__slide\">\n<p>                                    <img decoding=\"async\" alt=\"\" class=\"lazy\" src=\"data:image\/png;base64,iVBORw0KGgoAAAANSUhEUgAAAAEAAAABCAQAAAC1HAwCAAAAC0lEQVR42mM8IQkAAa8A48opxD0AAAAASUVORK5CYII=\"\/><\/p>\n<p class=\"article-media-figcaption-title\">De nombreuses structures ont \u00e9t\u00e9 mises en place comme le pavillon de la graine devant l&rsquo;h\u00f4tel de ville<\/p>\n<p class=\"article-media-figcaption-credits\">\n                                                Cr\u00e9dits : Sarah Cotton\n                                            <\/p>\n<\/li>\n<li class=\"glide__slide\">\n<p>                                    <img decoding=\"async\" alt=\"\" class=\"lazy\" src=\"data:image\/png;base64,iVBORw0KGgoAAAANSUhEUgAAAAEAAAABCAQAAAC1HAwCAAAAC0lEQVR42mM8IQkAAa8A48opxD0AAAAASUVORK5CYII=\"\/><\/p>\n<p class=\"article-media-figcaption-title\">Des hologrammes sont visibles dans le pavillon du tr\u00e8fle<\/p>\n<p class=\"article-media-figcaption-credits\">\n                                                Cr\u00e9dits : Sarah Cotton\n                                            <\/p>\n<\/li>\n<li class=\"glide__slide\">\n<p>                                    <img decoding=\"async\" alt=\"\" class=\"lazy\" src=\"data:image\/png;base64,iVBORw0KGgoAAAANSUhEUgAAAAEAAAABCAQAAAC1HAwCAAAAC0lEQVR42mM8IQkAAa8A48opxD0AAAAASUVORK5CYII=\"\/><\/p>\n<p class=\"article-media-figcaption-title\">Les motifs li\u00e9s \u00e0 l&rsquo;Art D\u00e9co se retrouvent dans les installations v\u00e9g\u00e9tales<\/p>\n<p class=\"article-media-figcaption-credits\">\n                                                Cr\u00e9dits : Sarah Cotton\n                                            <\/p>\n<\/li>\n<li class=\"glide__slide\">\n<p>                                    <img decoding=\"async\" alt=\"\" class=\"lazy\" src=\"data:image\/png;base64,iVBORw0KGgoAAAANSUhEUgAAAAEAAAABCAQAAAC1HAwCAAAAC0lEQVR42mM8IQkAAa8A48opxD0AAAAASUVORK5CYII=\"\/><\/p>\n<p class=\"article-media-figcaption-title\">Le retour de l&rsquo;escalier offre une vue sur l&rsquo;arc H\u00e9r\u00e9<\/p>\n<p class=\"article-media-figcaption-credits\">\n                                                Cr\u00e9dits : Sarah Cotton\n                                            <\/p>\n<\/li>\n<li class=\"glide__slide\">\n<p>                                    <img decoding=\"async\" alt=\"\" class=\"lazy\" src=\"data:image\/png;base64,iVBORw0KGgoAAAANSUhEUgAAAAEAAAABCAQAAAC1HAwCAAAAC0lEQVR42mM8IQkAAa8A48opxD0AAAAASUVORK5CYII=\"\/><\/p>\n<p class=\"article-media-figcaption-title\">Un bassin aux effets effervescents est plac\u00e9 sous l&rsquo;escalier<\/p>\n<p class=\"article-media-figcaption-credits\">\n                                                Cr\u00e9dits : Sarah Cotton\n                                            <\/p>\n<\/li>\n<li class=\"glide__slide\">\n<p>                                    <img decoding=\"async\" alt=\"\" class=\"lazy\" src=\"data:image\/png;base64,iVBORw0KGgoAAAANSUhEUgAAAAEAAAABCAQAAAC1HAwCAAAAC0lEQVR42mM8IQkAAa8A48opxD0AAAAASUVORK5CYII=\"\/><\/p>\n<p class=\"article-media-figcaption-title\">7 500 v\u00e9g\u00e9taux et 120 arbres ont \u00e9t\u00e9 dispos\u00e9s place Stanislas<\/p>\n<p class=\"article-media-figcaption-credits\">\n                                                Cr\u00e9dits : Sarah Cotton\n                                            <\/p>\n<\/li>\n<li class=\"glide__slide\">\n<p>                                    <img decoding=\"async\" alt=\"\" class=\"lazy\" src=\"data:image\/png;base64,iVBORw0KGgoAAAANSUhEUgAAAAEAAAABCAQAAAC1HAwCAAAAC0lEQVR42mM8IQkAAa8A48opxD0AAAAASUVORK5CYII=\"\/><\/p>\n<p class=\"article-media-figcaption-title\">C&rsquo;est un jardin plut\u00f4t ferm\u00e9 qui est propos\u00e9 cette ann\u00e9e<\/p>\n<p class=\"article-media-figcaption-credits\">\n                                                Cr\u00e9dits : Sarah Cotton\n                                            <\/p>\n<\/li>\n<li class=\"glide__slide\">\n<p>                                    <img decoding=\"async\" alt=\"\" class=\"lazy\" src=\"data:image\/png;base64,iVBORw0KGgoAAAANSUhEUgAAAAEAAAABCAQAAAC1HAwCAAAAC0lEQVR42mM8IQkAAa8A48opxD0AAAAASUVORK5CYII=\"\/><\/p>\n<p class=\"article-media-figcaption-title\">Le jardin s&rsquo;est install\u00e9 autour de la statue de Stanislas<\/p>\n<p class=\"article-media-figcaption-credits\">\n                                                Cr\u00e9dits : Sarah Cotton\n                                            <\/p>\n<\/li>\n<\/ul>\n<p>                Pr\u00e9c\u00e9dent<\/p>\n<p>                Suivant<\/p>\n<p>Le retour de l&rsquo;escalier et un c\u0153ur de cornus<\/p>\n<p class=\"article-p mdl\">De nombreuses structures ont \u00e9t\u00e9 mises en place pour cr\u00e9er  les 12 sc\u00e8nes v\u00e9g\u00e9tales. L&rsquo;escalier \u2013 qui avait \u00e9t\u00e9 construit en 2023 autour de Stanislas \u2013 est de retour. Il est install\u00e9 entre la statue du Duc de Lorraine et l&rsquo;arc H\u00e9r\u00e9. Il offre une vue exceptionnelle sur la place et surplombe une for\u00eat de ch\u00eanes et un bassin aux motifs de l&rsquo;art d\u00e9co.<br \/>\n<br \/>Devant l&rsquo;hotel de ville, une structure m\u00e9tallique en forme de graine s&rsquo;impose. Elle a \u00e9t\u00e9 imagin\u00e9 \u00e0 partir d&rsquo;une photographie d&rsquo;un c\u0153ur de cornus et r\u00e9alis\u00e9 par les \u00e9tudiants de l&rsquo;union des industries et m\u00e9tiers de la m\u00e9tallurgie (UIMM). Elle abrite une collection de graines particuli\u00e8res dans une ambiance musicale d&rsquo;Erik Satie.<br \/>\n<br \/>La technologie a \u00e9galement pris sa place sous le pavillon dit \u00ab  du tr\u00e8fle \u00bb, du c\u00f4t\u00e9 du caf\u00e9 Foy. Des hologrammes \u2013 qui montrent des motifs et des \u00e9l\u00e9ments d&rsquo;architecture de Nancy de b\u00e2timents disparus \u2013 sont pr\u00e9sent\u00e9s sous la structure de bois, agr\u00e9ment\u00e9e de vitraux inspir\u00e9s du mouvement artistique.<br \/>\n<br \/>Du c\u00f4t\u00e9 de l&rsquo;op\u00e9ra, une sc\u00e8ne pr\u00e9sente un parterre de fleurs qui associ\u00e9 \u00e0 des bassins d&rsquo;eau reproduit les motifs g\u00e9om\u00e9triques de l&rsquo;art d\u00e9co. Un clin d&rsquo;oeil \u00e9galement \u00e0 ceux visibles sur la fa\u00e7ade du mus\u00e9um-aquarium de Nancy.<br \/>\n<br \/>Au centre du jardin, les visiteurs peuvent profiter des plantes depuis des transats, chaises et tables dispos\u00e9s autour de la statue de Stanislas. Une sc\u00e8ne a d&rsquo;ailleurs \u00e9t\u00e9 mont\u00e9e pour accueillir plusieurs \u00e9v\u00e9nements et spectacles.<br \/>\n<br \/>Un travail particulier a \u00e9t\u00e9 fait cette ann\u00e9e sur la mise en lumi\u00e8re du jardin, \u00e9galement visible \u00e0 la tomb\u00e9e de la nuit.<\/p>\n<p>        \u00c0 regarder<\/p>\n<p class=\"col-12 \">\n<p>                            Balade au jardin \u00e9ph\u00e9m\u00e8re de Nancy 2025\n                        <\/p>\n<p>Expos photo et sensibilisation<\/p>\n<p class=\"article-p mdl\">Enfin, deux expositions photographiques sont install\u00e9es tout autour du jardin, \u00e0 l&rsquo;ext\u00e9rieur des palissades. Une, consacr\u00e9e au photographe allemand Karl Blossfeldt, l&rsquo;autre \u00e0 Martin Becka.<br \/>\n<br \/>\u00ab Ces expos sont disponibles H24 [\u2026] On a voulu permettre au public, m\u00eame quand le jardin est ferm\u00e9 \u00e0 22H de pouvoir avoir quelque chose \u00e0 contempler \u00bb, confie St\u00e9phane Harter, chef du service Recherche et D\u00e9veloppement \u00e0 la direction Ecologie et Nature de la ville de Nancy.<br \/>\n<br \/>Au-del\u00e0 de l&rsquo;aspect \u00e9v\u00e9nementiel et artistique, le jardin \u00e9ph\u00e9m\u00e8re permet \u00e9galement de continuer \u00e0 transmettre des messages, notamment concernant la pr\u00e9servation de l&rsquo;environnement et la protection des ressources naturelles. St\u00e9phane Harter ajoute : \u00ab Quand on pose du v\u00e9g\u00e9tal sur une place min\u00e9rale comme la place Stanislas, alors le public se dit peut-\u00eatre : \u00ab  Ah oui ! Finalement, les arbres, le v\u00e9g\u00e9tal sont importants dans ma vie. C&rsquo;est pour nous, jardiniers, un bon moyen de sensibiliser. \u00bb\n<\/p>\n<p>    La r\u00e9daction vous recommande<\/p>\n<p>\n                                    Lire la suite\n                                <\/p>\n","protected":false},"excerpt":{"rendered":"C&rsquo;est l\u2019\u00e9v\u00e9nement de l&rsquo;automne \u00e0 Nancy. Le jardin \u00e9ph\u00e9m\u00e8re est &#8211; comme chaque ann\u00e9e \u2013 install\u00e9 place Stanislas.&#13;Cette&hellip;\n","protected":false},"author":2,"featured_media":479495,"comment_status":"","ping_status":"","sticky":false,"template":"","format":"standard","meta":{"footnotes":""},"categories":[9635],"tags":[1111,11,1777,674,1011,27,775,776,1702,12,16,25],"class_list":{"0":"post-479494","1":"post","2":"type-post","3":"status-publish","4":"format-standard","5":"has-post-thumbnail","7":"category-nancy","8":"tag-actu","9":"tag-actualites","10":"tag-eu","11":"tag-europe","12":"tag-fr","13":"tag-france","14":"tag-grand-est","15":"tag-lorraine","16":"tag-nancy","17":"tag-news","18":"tag-region","19":"tag-republique-francaise"},"share_on_mastodon":{"url":"https:\/\/pubeurope.com\/@fr\/115412246433525404","error":""},"_links":{"self":[{"href":"https:\/\/www.europesays.com\/fr\/wp-json\/wp\/v2\/posts\/479494","targetHints":{"allow":["GET"]}}],"collection":[{"href":"https:\/\/www.europesays.com\/fr\/wp-json\/wp\/v2\/posts"}],"about":[{"href":"https:\/\/www.europesays.com\/fr\/wp-json\/wp\/v2\/types\/post"}],"author":[{"embeddable":true,"href":"https:\/\/www.europesays.com\/fr\/wp-json\/wp\/v2\/users\/2"}],"replies":[{"embeddable":true,"href":"https:\/\/www.europesays.com\/fr\/wp-json\/wp\/v2\/comments?post=479494"}],"version-history":[{"count":0,"href":"https:\/\/www.europesays.com\/fr\/wp-json\/wp\/v2\/posts\/479494\/revisions"}],"wp:featuredmedia":[{"embeddable":true,"href":"https:\/\/www.europesays.com\/fr\/wp-json\/wp\/v2\/media\/479495"}],"wp:attachment":[{"href":"https:\/\/www.europesays.com\/fr\/wp-json\/wp\/v2\/media?parent=479494"}],"wp:term":[{"taxonomy":"category","embeddable":true,"href":"https:\/\/www.europesays.com\/fr\/wp-json\/wp\/v2\/categories?post=479494"},{"taxonomy":"post_tag","embeddable":true,"href":"https:\/\/www.europesays.com\/fr\/wp-json\/wp\/v2\/tags?post=479494"}],"curies":[{"name":"wp","href":"https:\/\/api.w.org\/{rel}","templated":true}]}}