{"id":479500,"date":"2025-10-21T12:56:10","date_gmt":"2025-10-21T12:56:10","guid":{"rendered":"https:\/\/www.europesays.com\/fr\/479500\/"},"modified":"2025-10-21T12:56:10","modified_gmt":"2025-10-21T12:56:10","slug":"que-faire-pendant-les-vacances-de-la-toussaint","status":"publish","type":"post","link":"https:\/\/www.europesays.com\/fr\/479500\/","title":{"rendered":"que faire pendant les vacances de la Toussaint\u00a0?"},"content":{"rendered":"<p>            Par<br \/>\n        <strong><br \/>\n            <a href=\"https:\/\/actu.fr\/auteur\/metropoop\" title=\"Consulter tous les articles de R\u00e9daction M\u00e9tropolitain\" rel=\"nofollow noopener\" target=\"_blank\">R\u00e9daction M\u00e9tropolitain<\/a><br \/>\n        <\/strong><\/p>\n<p>        Publi\u00e9 le<\/p>\n<p>            21 oct. 2025 \u00e0 14h48        <\/p>\n<p>Ce sont les vacances de l\u2019a Toussaint synonymes de pause scolaire. Jusqu\u2019au dimanche 2 novembre 2025, le <strong>D\u00e9partement de l\u2019H\u00e9rault<\/strong> d\u00e9roule un <strong>programme foisonnant d\u2019activit\u00e9s gratuites<\/strong> ou \u00e0 <strong>petits prix<\/strong>. Cin\u00e9ma jeunesse, ateliers cr\u00e9atifs, spectacles et d\u00e9couvertes nature : une belle occasion de vivre les vacances autrement entre rires, d\u00e9couvertes et curiosit\u00e9.<\/p>\n<p>\u00a0Des vacances anim\u00e9es \u00e0 Pierresvives, \u00e0 Montpellier\u00a0<\/p>\n<p class=\" wall-content\">Le<strong> domaine d\u00e9partemental de Pierresvives<\/strong>, \u00e0<strong> Montpellier<\/strong> propose un programme sp\u00e9cial jeunesse m\u00ealant cin\u00e9ma, ateliers et d\u00e9couvertes.<\/p>\n<p class=\" wall-content\"><strong>Trois projections gratuites<\/strong> sont pr\u00e9vues pour r\u00eaver, s\u2019\u00e9merveiller ou frissonner avant Halloween :<\/p>\n<ul class=\" wall-content\">\n<li>Bonjour le monde ! , ce mardi 21 octobre \u00e0 14h, d\u00e8s 5 ans. Projection suivie d\u2019une rencontre avec le cor\u00e9alisateur \u00c9ric Serre, prolong\u00e9e par une expo et un stage \u201cLa Fabrique du cin\u00e9ma\u201d.<\/li>\n<li>Jardins enchant\u00e9s, jeudi 23 octobre \u00e0 16h, d\u00e8s 4 ans. Six courts m\u00e9trages pour plonger dans des univers merveilleux.<\/li>\n<li>Le manoir hant\u00e9, jeudi 30 octobre \u00e0 15h30, d\u00e8s 10 ans. Inspir\u00e9 de la c\u00e9l\u00e8bre attraction Disney, pour un frisson garanti !<\/li>\n<\/ul>\n<p class=\" wall-content\">(Billetterie ouverte 2h avant la s\u00e9ance).<\/p>\n<p>Vid\u00e9os : en ce moment sur Actu<\/p>\n<p class=\" wall-content\">Pour ceux qui voudraient mettre la main \u00e0 la p\u00e2te, des<strong> ateliers cr\u00e9atifs gratuits<\/strong>, sur inscription, sont pr\u00e9vues pour les enfants et ados. Les 21, 23, 28 et 30 octobre : atelier archi-briques LEGO\u00ae \u2013 Le Corbusier, d\u00e8s 8 ans. Les 22 et 29 octobre : d\u00e9couverte de la r\u00e9alit\u00e9 augment\u00e9e, de 12 \u00e0 14 ans. Place \u00e0 de la calligraphie et de l\u2019enluminure m\u00e9di\u00e9vale les 22 et 23 octobre, d\u00e8s 12 ans. Enfin, le 25 octobre, origami, d\u00e8s 12 ans.\u00a0<\/p>\n<p class=\" wall-content\">En parall\u00e8le, une <strong>visite guid\u00e9e<\/strong> du b\u00e2timent sign\u00e9 Zaha Hadid est pr\u00e9vu ce mercredi 22 octobre \u00e0 11h. Les enfants ne seront pas en reste avec une <strong>sortie cont\u00e9e<\/strong> pour les 3-6 ans, le mercredi 29 octobre, \u00e0 11h, \u00e0 la rencontre de Zaha Hadid l\u2019architecte et Max l\u2019ouvrier. Pour ceux qui ont besoin d\u2019accompagnement scolaire, de l\u2019<strong>aide aux devoirs<\/strong> est pr\u00e9vue du 21 au 31 octobre, de 15h \u00e0 18h, \u00e0 la m\u00e9diath\u00e8que de Pierresvives.\u00a0<\/p>\n<p>Votre r\u00e9gion, votre actu !<\/p>\n<p>Recevez chaque jour les infos qui comptent pour vous.<\/p>\n<p>\t<a href=\"https:\/\/actu.fr\/newsletter\" class=\"ac-btn ac-btn--corner ac-btn--medium ac-btn--blue800\" rel=\"nofollow noopener\" target=\"_blank\">S&rsquo;incrire<\/a><\/p>\n<p class=\" wall-content\">Pour r\u00e9server, <a href=\"https:\/\/pierresvives.herault.fr\/actualite\/126433\/177-les-animations-des-vacances.htm\" rel=\"nofollow noopener\" target=\"_blank\">c\u2019est par ici<\/a>.\u00a0<\/p>\n<p>La nature en f\u00eate au Domaine de Restincli\u00e8res, \u00e0 Prades-le-Lez<\/p>\n<p class=\" wall-content\">Au c\u0153ur d\u2019un <strong>parc naturel de 240 hectares<\/strong>, le domaine de Restincli\u00e8res c\u00e9l\u00e8bre la nature et la biodiversit\u00e9 \u00e0 travers une s\u00e9rie d\u2019animations gratuites.\u00a0Au programme : \u00a0march\u00e9 bio, conf\u00e9rences, balades botaniques, ateliers, l\u00e2chers d\u2019oiseaux et animations pour enfants. Un rendez-vous convivial pour comprendre l\u2019agriculture et l\u2019alimentation durables.<\/p>\n<p class=\" wall-content\">Des<strong> jeux et d\u00e9couvertes nature<\/strong> sont \u00e9galement pr\u00e9vus:<\/p>\n<ul class=\" wall-content\">\n<li>Atelier Hector, un arbre plein de vie : exploration ludique de la for\u00eat (ce mardi 21 et ce mercredi 22 octobre, d\u00e8s 7 ans).<\/li>\n<li>Lecture kamishiba\u00ef r\u00e9tro-\u00e9clair\u00e9 : contes lumineux inspir\u00e9s du th\u00e9\u00e2tre japonais (23, 29 et 31 octobre, d\u00e8s 5 ans).<\/li>\n<li>Atelier cyanotype : cr\u00e9ation d\u2019images \u00e0 base de v\u00e9g\u00e9taux et de lumi\u00e8re (24 et 28 octobre, d\u00e8s 6 ans).<\/li>\n<li>Balade \u201cLe Lez m\u2019a dit\u201d : partez \u00e0 la rencontre du cours d\u2019eau et de sa biodiversit\u00e9 (28 et 30 octobre, tout public).<\/li>\n<\/ul>\n<p class=\" wall-content\">Ici aussi, activit\u00e9s gratuites <a href=\"https:\/\/domainederestinclieres.herault.fr\" rel=\"nofollow noopener\" target=\"_blank\">sur inscription<\/a> (sauf la balade, libre d\u2019acc\u00e8s).<\/p>\n<p>Aventures et \u00e9vasion dans l\u2019H\u00e9rault<\/p>\n<p class=\" wall-content\">Pour les jeunes <strong>amateurs de sensations<\/strong>, H\u00e9rault Sport propose du 27 au 29 octobre une <strong>aventure insolite \u00e0 la base nautique de Lavalette<\/strong> \u00e0 Montpellier : grimpe et danse a\u00e9rienne dans les arbres, bungee danse, voltige et descentes en rappel. 75 \u20ac par enfant (r\u00e9duction d\u00e8s 2 inscrits). Sur r\u00e9servation.<\/p>\n<p class=\" wall-content\">Et pour prolonger l\u2019aventure, cap sur les<strong> 27 domaines d\u00e9partementaux<\/strong> ouverts gratuitement au public : nature, patrimoine, culture\u2026 autant de tr\u00e9sors \u00e0 explorer. Entre le <a href=\"https:\/\/geoparc.herault.fr\" rel=\"nofollow noopener\" target=\"_blank\">G\u00e9oparc Terres d\u2019H\u00e9rault<\/a>, les circuits \u0153notouristiques et les itin\u00e9raires de randonn\u00e9e ou de v\u00e9lo, l\u2019H\u00e9rault se d\u00e9couvre autrement, libre, sauvage et inspirant.<\/p>\n<p><strong>&gt; <\/strong>Domaine de Pierresvives, \u00e0 B\u00e9ziers. T\u00e9l. 04 67 67 30 00 et <a href=\"https:\/\/pierresvives.herault.fr\/actualite\/126433\/177-les-animations-des-vacances.htm\" rel=\"nofollow noopener\" target=\"_blank\">sur le site internet<\/a>. Domaine du D\u00e9partement Restincli\u00e8res, \u00e0 Prades-le-Lez. T\u00e9l. 04 67 67 82 20 ou <a href=\"https:\/\/domainederestinclieres.herault.fr\" rel=\"nofollow noopener\" target=\"_blank\">sur internet<\/a>. Sc\u00e8ne de Bayssan, \u00e0 B\u00e9ziers. T\u00e9l 04 67 28 37 32 ou <a href=\"https:\/\/scene-de-bayssan.herault.fr\" rel=\"nofollow noopener\" target=\"_blank\">sur la page d\u00e9di\u00e9e<\/a>. Plus d\u2019infos sur <a href=\"http:\/\/herault.fr\" rel=\"nofollow noopener\" target=\"_blank\">herault.fr<\/a><\/p>\n<p class=\" wall-content\">Personnalisez votre actualit\u00e9 en ajoutant vos villes et m\u00e9dias en favori avec <a href=\"https:\/\/moncompte.actu.fr\" title=\"D\u00e9couvez Mon Actu\" rel=\"nofollow noopener\" data-trk=\"{&quot;cta&quot;:{&quot;action&quot;:&quot;https:\\\/\\\/moncompte.actu.fr&quot;,&quot;category&quot;:&quot;mon compte&quot;,&quot;from&quot;:&quot;article footer&quot;,&quot;name&quot;:&quot;Mon actu&quot;,&quot;type&quot;:&quot;cta&quot;}}\" target=\"_blank\">Mon Actu<\/a>.<\/p>\n","protected":false},"excerpt":{"rendered":"Par R\u00e9daction M\u00e9tropolitain Publi\u00e9 le 21 oct. 2025 \u00e0 14h48 Ce sont les vacances de l\u2019a Toussaint synonymes&hellip;\n","protected":false},"author":2,"featured_media":479501,"comment_status":"","ping_status":"","sticky":false,"template":"","format":"standard","meta":{"footnotes":""},"categories":[9599],"tags":[1111,11,650,1719,1777,674,652,1011,27,1652,2208,12,2680,25],"class_list":{"0":"post-479500","1":"post","2":"type-post","3":"status-publish","4":"format-standard","5":"has-post-thumbnail","7":"category-montpellier","8":"tag-actu","9":"tag-actualites","10":"tag-cinema","11":"tag-enfants","12":"tag-eu","13":"tag-europe","14":"tag-famille","15":"tag-fr","16":"tag-france","17":"tag-loisirs-culture","18":"tag-montpellier","19":"tag-news","20":"tag-occitanie","21":"tag-republique-francaise"},"share_on_mastodon":{"url":"https:\/\/pubeurope.com\/@fr\/115412270178761996","error":""},"_links":{"self":[{"href":"https:\/\/www.europesays.com\/fr\/wp-json\/wp\/v2\/posts\/479500","targetHints":{"allow":["GET"]}}],"collection":[{"href":"https:\/\/www.europesays.com\/fr\/wp-json\/wp\/v2\/posts"}],"about":[{"href":"https:\/\/www.europesays.com\/fr\/wp-json\/wp\/v2\/types\/post"}],"author":[{"embeddable":true,"href":"https:\/\/www.europesays.com\/fr\/wp-json\/wp\/v2\/users\/2"}],"replies":[{"embeddable":true,"href":"https:\/\/www.europesays.com\/fr\/wp-json\/wp\/v2\/comments?post=479500"}],"version-history":[{"count":0,"href":"https:\/\/www.europesays.com\/fr\/wp-json\/wp\/v2\/posts\/479500\/revisions"}],"wp:featuredmedia":[{"embeddable":true,"href":"https:\/\/www.europesays.com\/fr\/wp-json\/wp\/v2\/media\/479501"}],"wp:attachment":[{"href":"https:\/\/www.europesays.com\/fr\/wp-json\/wp\/v2\/media?parent=479500"}],"wp:term":[{"taxonomy":"category","embeddable":true,"href":"https:\/\/www.europesays.com\/fr\/wp-json\/wp\/v2\/categories?post=479500"},{"taxonomy":"post_tag","embeddable":true,"href":"https:\/\/www.europesays.com\/fr\/wp-json\/wp\/v2\/tags?post=479500"}],"curies":[{"name":"wp","href":"https:\/\/api.w.org\/{rel}","templated":true}]}}