{"id":479508,"date":"2025-10-21T13:00:29","date_gmt":"2025-10-21T13:00:29","guid":{"rendered":"https:\/\/www.europesays.com\/fr\/479508\/"},"modified":"2025-10-21T13:00:29","modified_gmt":"2025-10-21T13:00:29","slug":"pres-de-grenoble-lancien-maire-emblematique-de-cette-commune-est-mort-il-etait-unique","status":"publish","type":"post","link":"https:\/\/www.europesays.com\/fr\/479508\/","title":{"rendered":"Pr\u00e8s de Grenoble. L&rsquo;ancien maire embl\u00e9matique de cette commune est mort : \u00ab\u00a0Il \u00e9tait unique\u00a0\u00bb"},"content":{"rendered":"<p>            Par<br \/>\n        <strong><br \/>\n            <a href=\"https:\/\/actu.fr\/auteur\/julien-sournies\" title=\"Consulter tous les articles de Julien Sournies\" target=\"_blank\" rel=\"noopener\">Julien Sournies<\/a><br \/>\n        <\/strong><\/p>\n<p>        Publi\u00e9 le<\/p>\n<p>            21 oct. 2025 \u00e0 10h41        <\/p>\n<p>Une tragique nouvelle. <strong>Jean-Yves Poirier<\/strong>, ancien maire de la commune de <a href=\"https:\/\/actu.fr\/auvergne-rhone-alpes\/isere_38\" target=\"_blank\" rel=\"noopener\">Fontanil-Cornillon<\/a> (Is\u00e8re) durant pr\u00e8s de 33 ans, s\u2019est \u00e9teint ce lundi 20 octobre 2025 \u00e0 l\u2019\u00e2ge de 76 ans. \u00c9lu en 1983 \u00e0 la t\u00eate de la commune is\u00e9roise, il avait annonc\u00e9 quitter son poste de maire au d\u00e9but de l\u2019ann\u00e9e 2016 pour des <strong>raisons de sant\u00e9<\/strong>.<\/p>\n<p>\u00ab\u2009Un coup de poignard dans l\u2019histoire de nos existences\u2009\u00bb<\/p>\n<p class=\" wall-content\">Sur les r\u00e9seaux sociaux, les hommages \u00e0 Jean-Yves Poirier pleuvent. \u00c0 commencer par <a href=\"https:\/\/actu.fr\/tag\/alain-carignon\" target=\"_blank\" rel=\"noopener\">Alain Carignon<\/a>, dont l\u2019ex-premier \u00e9dile de Fontanil-Cornillon \u00e9tait proche.<\/p>\n<p class=\" wall-content\">\u00ab\u2009Il \u00e9tait unique. La disparition de Jean-Yves Poirier, qu\u2019on avait fini par croire insubmersible malgr\u00e9 ses maladies, intervient comme un coup de poignard dans l\u2019histoire de nos existences\u2009\u00bb, a \u00e9crit le candidat \u00e0 la mairie de <a href=\"https:\/\/actu.fr\/grenoble\/\" target=\"_blank\" rel=\"noopener\">Grenoble<\/a>.<\/p>\n<blockquote class=\"ac-article-quote wall-content\">\n<p>Ce compagnon d\u2019armes, cet ami, a \u00e9t\u00e9 de toutes nos batailles, de toutes nos conqu\u00eates des ann\u00e9es 80. \u00c0 mes c\u00f4t\u00e9s, il est devenu un Vice-Pr\u00e9sident aux Sports du D\u00e9partement qui a mis autant de passion \u00e0 l\u2019\u00e9chelle de l\u2019Is\u00e8re, qu\u2019il en avait au service de sa commune, dont il avait fait un mod\u00e8le de vie collective.<\/p>\n<p>    <strong>Alain Carignon<\/strong><br \/>\n        Candidat \u00e0 la mairie de Grenoble    <\/p><\/blockquote>\n<p class=\" wall-content\">Au cours de ses 33\u00a0ans de mandat, Jean-Yves Poirier a par ailleurs occup\u00e9 les postes de vice-pr\u00e9sident du conseil g\u00e9n\u00e9ral et de la M\u00e9tropole de Grenoble.<\/p>\n<p class=\" wall-content\">Personnalisez votre actualit\u00e9 en ajoutant vos villes et m\u00e9dias en favori avec <a href=\"https:\/\/moncompte.actu.fr\" title=\"D\u00e9couvez Mon Actu\" rel=\"nofollow noopener\" data-trk=\"{&quot;cta&quot;:{&quot;action&quot;:&quot;https:\\\/\\\/moncompte.actu.fr&quot;,&quot;category&quot;:&quot;mon compte&quot;,&quot;from&quot;:&quot;article footer&quot;,&quot;name&quot;:&quot;Mon actu&quot;,&quot;type&quot;:&quot;cta&quot;}}\" target=\"_blank\">Mon Actu<\/a>.<\/p>\n","protected":false},"excerpt":{"rendered":"Par Julien Sournies Publi\u00e9 le 21 oct. 2025 \u00e0 10h41 Une tragique nouvelle. Jean-Yves Poirier, ancien maire de&hellip;\n","protected":false},"author":2,"featured_media":479509,"comment_status":"","ping_status":"","sticky":false,"template":"","format":"standard","meta":{"footnotes":""},"categories":[9566],"tags":[1111,11,2430,1777,674,1011,27,2731,1391,12,25,104],"class_list":{"0":"post-479508","1":"post","2":"type-post","3":"status-publish","4":"format-standard","5":"has-post-thumbnail","7":"category-grenoble","8":"tag-actu","9":"tag-actualites","10":"tag-auvergne-rhone-alpes","11":"tag-eu","12":"tag-europe","13":"tag-fr","14":"tag-france","15":"tag-grenoble","16":"tag-necrologie","17":"tag-news","18":"tag-republique-francaise","19":"tag-societe"},"share_on_mastodon":{"url":"https:\/\/pubeurope.com\/@fr\/115412285883862607","error":""},"_links":{"self":[{"href":"https:\/\/www.europesays.com\/fr\/wp-json\/wp\/v2\/posts\/479508","targetHints":{"allow":["GET"]}}],"collection":[{"href":"https:\/\/www.europesays.com\/fr\/wp-json\/wp\/v2\/posts"}],"about":[{"href":"https:\/\/www.europesays.com\/fr\/wp-json\/wp\/v2\/types\/post"}],"author":[{"embeddable":true,"href":"https:\/\/www.europesays.com\/fr\/wp-json\/wp\/v2\/users\/2"}],"replies":[{"embeddable":true,"href":"https:\/\/www.europesays.com\/fr\/wp-json\/wp\/v2\/comments?post=479508"}],"version-history":[{"count":0,"href":"https:\/\/www.europesays.com\/fr\/wp-json\/wp\/v2\/posts\/479508\/revisions"}],"wp:featuredmedia":[{"embeddable":true,"href":"https:\/\/www.europesays.com\/fr\/wp-json\/wp\/v2\/media\/479509"}],"wp:attachment":[{"href":"https:\/\/www.europesays.com\/fr\/wp-json\/wp\/v2\/media?parent=479508"}],"wp:term":[{"taxonomy":"category","embeddable":true,"href":"https:\/\/www.europesays.com\/fr\/wp-json\/wp\/v2\/categories?post=479508"},{"taxonomy":"post_tag","embeddable":true,"href":"https:\/\/www.europesays.com\/fr\/wp-json\/wp\/v2\/tags?post=479508"}],"curies":[{"name":"wp","href":"https:\/\/api.w.org\/{rel}","templated":true}]}}